{"id":32967,"date":"2011-05-17T14:24:51","date_gmt":"2011-05-17T11:24:51","guid":{"rendered":"http:\/\/www.korhanyilmaz.com\/?p=32967"},"modified":"2011-05-17T14:24:51","modified_gmt":"2011-05-17T11:24:51","slug":"keske-pkknin-elinde-esir-olsaydim","status":"publish","type":"post","link":"http:\/\/www.korhanyilmaz.com\/?p=32967","title":{"rendered":"&#8220;Ke\u015fke PKK&#8217;n\u0131n elinde esir olsayd\u0131m&#8221;"},"content":{"rendered":"<p style=\"text-align: justify;\"><a href=\"http:\/\/www.korhanyilmaz.com\/wp-content\/uploads\/2011\/05\/231.jpg\"  class=\"lightview\"><img loading=\"lazy\" decoding=\"async\" class=\"aligncenter size-full wp-image-32968\" title=\"\" src=\"http:\/\/www.korhanyilmaz.com\/wp-content\/uploads\/2011\/05\/231.jpg\" alt=\"\" width=\"296\" height=\"220\" \/><\/a><\/p>\n<p style=\"text-align: justify;\">\u0130kinci &#8221;Ergenekon&#8221; davas\u0131n\u0131n tutuklu san\u0131klar\u0131ndan emekli albay Levent G\u00f6kta\u015f, &#8221;B\u00f6yle bir h\u00fccrede kalmaktansa ke\u015fke PKK&#8217;n\u0131n elinde esir olsayd\u0131m. Hi\u00e7 olmazsa d\u00fc\u015fman\u0131m\u0131 bilirdim&#8221; diye konu\u015ftu.<\/p>\n<p style=\"text-align: justify;\">Tuncay \u00d6zkan ise CHP&#8217;nin kendisini aday g\u00f6stermemesiyle ilgili olarak, &#8221;Karar bir iki y\u00f6neticiye aittir. Reddiye CHP&#8217;nin de\u011fil o y\u00f6neticilerin korkusundand\u0131r&#8221; dedi.<!--more--><\/p>\n<p style=\"text-align: justify;\">\u0130STANBUL- \u0130stanbul 13. A\u011f\u0131r Ceza Mahkemesince Silivri Ceza ve \u0130nfaz Kurumlar\u0131 Yerle\u015fkesinde bulunan salondaki duru\u015fmada savunma yapan G\u00f6kta\u015f&#8217;\u0131n avukat\u0131 \u00dclgen, ayn\u0131 zamanda avukat olan m\u00fcvekkiline \u00e7apraz sorguda hakim ve savc\u0131lar taraf\u0131ndan 200 kadar soru soruldu\u011funu belirterek, &#8221;T\u00fcrkiye Cumhuriyeti s\u0131n\u0131rlar\u0131 i\u00e7inde miyiz, r\u00fcyada m\u0131y\u0131z? Bir uluslararas\u0131 mahkemede sava\u015f su\u00e7lar\u0131ndan m\u0131 yarg\u0131lan\u0131yoruz?&#8221; diye konu\u015ftu.<\/p>\n<p style=\"text-align: justify;\">&#8221;Say\u0131n hakim ve savc\u0131lar\u0131n i\u00e7inde bir k\u00f6t\u00fcl\u00fck yok biliyorum ama b\u00f6yle de soru sorulmaz ki&#8221; diyen \u00dclgen, &#8221;Sorulara bakt\u0131\u011f\u0131m zaman, T\u00fcrk Silahl\u0131 Kuvvetlerinin ter\u00f6rle m\u00fccadelesinin sorgulanmas\u0131 olarak g\u00f6r\u00fcyorum. Bu, soru sorma de\u011fil sorgulamad\u0131r. Yeni bir olay, yeni bir kurgu, san\u0131k yeniden san\u0131k oluyor, i\u015f \u00e7\u0131\u011fr\u0131ndan \u00e7\u0131k\u0131yor&#8221; dedi.<\/p>\n<p style=\"text-align: justify;\">\u00dclgen, m\u00fcvekkilinin \u00e7apraz sorgusu s\u0131ras\u0131nda sorulan sorular\u0131 ele\u015ftirerek, buran\u0131n sorgulama yeri olmad\u0131\u011f\u0131n\u0131, sorular\u0131n yeniden sorgulama \u015feklinde oldu\u011funu s\u00f6yledi. M\u00fcvekkilinin Ankara&#8217;daki avukatl\u0131k b\u00fcrosunun aranmas\u0131n\u0131n usule ayk\u0131r\u0131 oldu\u011funu ifade eden \u00dclgen, arama karar\u0131nda \u0130stanbul 9. A\u011f\u0131r Ceza Mahkemesi hakimi \u0130dris Asan&#8217;\u0131n imzas\u0131n\u0131n bulundu\u011funu belirtti.<\/p>\n<p style=\"text-align: justify;\">\u00dclgen, CMK&#8217;da avukatlara y\u00f6nelik yap\u0131lan aramalarda mahkeme karar\u0131n\u0131n olmas\u0131 gerekti\u011finin yer ald\u0131\u011f\u0131n\u0131 kaydederek, &#8221;M\u00fcvekkilim Levent G\u00f6kta\u015f avukat oldu\u011funa g\u00f6re karar\u0131 veren hakim, aranacak yerin avukatl\u0131k b\u00fcrosu oldu\u011funu biliyor&#8221; dedi.<\/p>\n<p style=\"text-align: justify;\">Celal \u00dclgen, ayn\u0131 mahkeme karar\u0131yla m\u00fcvekkilinin Ankara&#8217;daki b\u00fcrosunun arand\u0131\u011f\u0131n\u0131 belirterek, Ankara&#8217;da \u00f6zel yetkili mahkemenin bulunmas\u0131 nedeniyle \u0130stanbul&#8217;daki mahkemenin arama karar\u0131yla yap\u0131lan bu araman\u0131n hukuka ayk\u0131r\u0131 oldu\u011funu s\u00f6yledi. \u0130ddianameye bak\u0131ld\u0131\u011f\u0131nda m\u00fcvekkilinin hangi su\u00e7u i\u015fledi\u011fini g\u00f6remedi\u011fini ifade eden \u00dclgen, burada savc\u0131 ve hakimlerin sorular\u0131ndan da G\u00f6kta\u015f&#8217;\u0131n hangi su\u00e7u i\u015fledi\u011finin \u00e7\u0131kar\u0131lamad\u0131\u011f\u0131n\u0131 \u00f6ne s\u00fcrd\u00fc.<\/p>\n<p style=\"text-align: justify;\">\u00dclgen, iddianamede G\u00f6kta\u015f&#8217;a atfedilecek bir su\u00e7 olmad\u0131\u011f\u0131n\u0131 savunarak, &#8221;G\u00f6kta\u015f hangi su\u00e7u i\u015fledi? \u0130ddianameye bakt\u0131\u011f\u0131mda san\u0131k yok. \u0130ddianamede m\u00fcvekkilim hayali bir \u00f6rg\u00fct\u00fcn \u00fcyesi olmakla ve y\u00f6netmekle su\u00e7lan\u0131yor. M\u00fcvekkilim hangi eyleme, hangi toplant\u0131ya gitmi\u015f de su\u00e7lu oluyor? Bunun a\u00e7\u0131klanmas\u0131n\u0131 istiyorum&#8221; dedi.<\/p>\n<p style=\"text-align: justify;\"><strong>&#8221;51 NO&#8217;LU DVD BULUNMASAYDI NE OLACAKTI?&#8221;<\/strong><\/p>\n<p style=\"text-align: justify;\">\u00dclgen, G\u00f6kta\u015f&#8217;\u0131n evinin aranmas\u0131 i\u00e7in gerek\u00e7e g\u00f6sterilmesi gerekti\u011fini belirterek, \u015funlar\u0131 kaydetti:<\/p>\n<p style=\"text-align: justify;\">&#8221;\u0130ddianamedeki su\u00e7a bak\u0131yorum. Su\u00e7la ilgili eylem yok. 51 No&#8217;lu DVD bulunmasayd\u0131 ne olacakt\u0131? 51 No&#8217;lu DVD&#8217;ye g\u00fcvenerek mi giriyorsun aramaya? San\u0131ktan delile gidilerek arama karar\u0131 verilmi\u015ftir. CMK&#8217;n\u0131n 130. maddesi \u00e7ok a\u00e7\u0131kt\u0131r. Arama s\u0131ras\u0131nda savc\u0131 ve barodan g\u00f6revli bir avukat\u0131n olmas\u0131 gerekti\u011fi belirtilmi\u015ftir. Bir yasan\u0131n hoyrat\u00e7a uyguland\u0131\u011f\u0131 ba\u015fka bir \u00fclke daha olabilir mi?&#8221;<\/p>\n<p style=\"text-align: justify;\">\u00dclgen, G\u00f6kta\u015f&#8217;\u0131n b\u00fcrosunda ele ge\u00e7irildi\u011fi iddia edilen 51 No&#8217;lu DVD&#8217;nin al\u0131nmas\u0131 s\u0131ras\u0131nda tutanak tutulmad\u0131\u011f\u0131n\u0131 iddia ederek, imaj\u0131 al\u0131nmadan g\u00f6t\u00fcr\u00fclen DVD&#8217;ye her t\u00fcrl\u00fc bilginin daha sonra y\u00fcklenebilece\u011fini kaydetti.<\/p>\n<p style=\"text-align: justify;\">&#8221;Devlet Bakan\u0131 Hayati Yaz\u0131c\u0131&#8217;n\u0131n \u00d6SYM Ba\u015fkan\u0131&#8217;na mail g\u00f6nderdi\u011fi&#8221; iddialar\u0131na da de\u011finen \u00dclgen, &#8221;Ba\u015fbakan Recep Tayyip Erdo\u011fan, Bakan\u0131 Hayati Yaz\u0131c\u0131 ile ilgili a\u00e7\u0131klama yaparak &#8216;Onun ad\u0131na mail olu\u015fturulmu\u015f&#8217; dedi. Herkesle ilgili b\u00f6yle bir oyun yap\u0131labilir, mail at\u0131labilir. Ba\u015fbakan, &#8216;Allah korusun, Facebook&#8217;ta ad\u0131n\u0131za hesap a\u00e7arlar, yan\u0131na iki de kad\u0131n resmi koyarlar, yay\u0131nlarlar dikkat edin. Teknoloji \u00e7ok ilerledi&#8217; dedi. Buradaki insanlar bu y\u00fczden tutukland\u0131. 3 y\u0131ldan beri tutuklu yarg\u0131lan\u0131yorlar&#8221; dedi.<\/p>\n<p style=\"text-align: justify;\">\u00d6te yandan &#8221;Balyoz Plan\u0131&#8221; davas\u0131 san\u0131klar\u0131n\u0131n e\u015f ve yak\u0131nlar\u0131n\u0131n olu\u015fturdu\u011fu &#8221;Vardiya Bizde Platformu&#8221;nun baz\u0131 \u00fcyelerinin de duru\u015fmay\u0131 izlemeye geldi\u011fi g\u00f6r\u00fcld\u00fc.<\/p>\n<p style=\"text-align: justify;\"><strong>&#8220;KE\u015eKE PKK&#8217;NIN EL\u0130NDE ES\u0130R OLSAYDIM&#8221;<\/strong><\/p>\n<p style=\"text-align: justify;\">\u0130kinci &#8221;Ergenekon&#8221; davas\u0131n\u0131n tutuklu san\u0131klar\u0131ndan emekli albay Levent G\u00f6kta\u015f, &#8221;B\u00f6yle bir h\u00fccrede kalmaktansa ke\u015fke PKK&#8217;n\u0131n elinde esir olsayd\u0131m. Hi\u00e7 olmazsa d\u00fc\u015fman\u0131m\u0131 bilirdim&#8221; dedi.<\/p>\n<p style=\"text-align: justify;\">\u0130stanbul 13. A\u011f\u0131r Ceza Mahkemesince Silivri Ceza ve \u0130nfaz Kurumlar\u0131 Yerle\u015fkesi&#8217;ndeki salonda yap\u0131lan duru\u015fmada, tutuklu san\u0131k emekli Albay Levent G\u00f6kta\u015f&#8217;\u0131n avukat\u0131 Celal \u00dclgen&#8217;in savunmas\u0131n\u0131n tamamlanmas\u0131n\u0131n ard\u0131ndan di\u011fer avukat\u0131 Hasan G\u00fcrb\u00fcz savunma yapt\u0131.<\/p>\n<p style=\"text-align: justify;\">G\u00fcrb\u00fcz, istihbarattan sorumlu \u0130stanbul Emniyet M\u00fcd\u00fcr Yard\u0131mc\u0131s\u0131 Ali Fuat Y\u0131lmazer&#8217;in &#8221;\u0130stihbarat \u015fube ve h\u00fck\u00fcmet yetkililerini dinlemeye ba\u015flad\u0131\u011f\u0131 i\u00e7in g\u00f6revden al\u0131nd\u0131&#8221; y\u00f6n\u00fcnde s\u00f6ylentiler oldu\u011funu belirterek, komplo merkezlerinin \u00fczerine gidenlerin bir komploya u\u011fray\u0131p i\u00e7eri at\u0131ld\u0131\u011f\u0131n\u0131 savundu.<\/p>\n<p style=\"text-align: justify;\">Ele ge\u00e7irilen 51 No&#8217;lu DVD&#8217;nin i\u00e7eri\u011finde baz\u0131 y\u00fcksek yarg\u0131 mensuplar\u0131yla ilgili g\u00f6r\u00fcnt\u00fcler oldu\u011funun iddia edildi\u011fini ifade eden G\u00fcrb\u00fcz, &#8221;T\u00fcrkiye&#8217;de y\u00fcksek yarg\u0131y\u0131 kim ele ge\u00e7irmeye \u00e7al\u0131\u015ft\u0131, HSYK&#8217;daki son atamalarla bunu herkes g\u00f6r\u00fcyor. Karanl\u0131k \u015fer odaklar\u0131n\u0131n bu i\u015fte \u00f6ncelikli rol\u00fc var&#8221; dedi.<\/p>\n<p style=\"text-align: justify;\"><strong>&#8220;ARTIK BU SAVA\u015eIN B\u0130TMES\u0130N\u0130 \u0130ST\u0130YORUM&#8221;<\/strong><\/p>\n<p style=\"text-align: justify;\">Avukat Hasan G\u00fcrb\u00fcz&#8217;\u00fcn savunmas\u0131n\u0131 bitirmesinin ard\u0131ndan s\u00f6z alan emekli albay Levent G\u00f6kta\u015f, \u00f6nceki duru\u015fmada \u00e7apraz sorgusu s\u0131ras\u0131nda savc\u0131 Mehmet Ali Pekg\u00fczel&#8217;in kendisinin &#8221;PKK&#8217;ya af \u00e7\u0131ksa biz de \u00e7\u0131kar\u0131z&#8221; dedi\u011fini hat\u0131rlatarak, savc\u0131n\u0131n bunu a\u00e7\u0131klamas\u0131n\u0131 istemesinin kendisine dokundu\u011funu s\u00f6yledi.<\/p>\n<p style=\"text-align: justify;\">\u00c7ok \u015fehit cenazesi g\u00f6rd\u00fc\u011f\u00fcn\u00fc, iki gece de 36 \u015fehit cenazesiyle kald\u0131\u011f\u0131n\u0131 ifade eden G\u00f6kta\u015f, &#8221;\u00d6len kim? \u00d6ld\u00fcren kim? Kim kimi \u00f6ld\u00fcr\u00fcyor? T\u00fcrk subay\u0131y\u0131m ben. Tabii ki ona buna af \u00e7\u0131ks\u0131n istemiyorum ama art\u0131k bu sava\u015f\u0131n bitmesini istiyorum&#8221; diye konu\u015ftu.<\/p>\n<p style=\"text-align: justify;\">G\u00f6kta\u015f, 2,5 ayd\u0131r g\u00f6\u011fs\u00fcndeki \u00fc\u00e7 kahramanl\u0131k madalyas\u0131yla tecrit h\u00fccresinde kald\u0131\u011f\u0131n\u0131 belirterek, &#8221;B\u00f6yle bir h\u00fccrede kalmaktansa ke\u015fke PKK&#8217;n\u0131n elinde esir olsayd\u0131m. Hi\u00e7 olmazsa d\u00fc\u015fman\u0131m\u0131 bilirdim. \u015eu an d\u00fc\u015fman\u0131m kim belli de\u011fil&#8221; dedi.<\/p>\n<p style=\"text-align: justify;\">G\u00f6kta\u015f&#8217;\u0131n konu\u015fmas\u0131n\u0131n ard\u0131ndan 12 May\u0131s&#8217;taki duru\u015fma s\u0131ras\u0131nda rahats\u0131zlanmas\u0131 \u00fczerine \u00e7apraz sorgusu yar\u0131m b\u0131rak\u0131lan \u0130brahim \u015eahin tekrar duru\u015fma salonuna getirilerek, sorgusuna devam edildi.<\/p>\n<p style=\"text-align: justify;\"><strong>&#8220;REDD\u0130YE CHP&#8217;N\u0130N DE\u011e\u0130L&#8221;<\/strong><\/p>\n<p style=\"text-align: justify;\">Bu arada, duru\u015fmaya verilen arada gazetecilerin bulundu\u011fu b\u00f6l\u00fcme yakla\u015fan tutuklu san\u0131klardan ve \u0130stanbul birinci b\u00f6lge ba\u011f\u0131ms\u0131z milletvekili aday\u0131 olan Tuncay \u00d6zkan, davay\u0131 takip eden gazetecilere &#8221;Se\u00e7im \u00e7al\u0131\u015fmalar\u0131m\u0131 yaz\u0131yorsunuz de\u011fil mi? Ba\u015fka \u00e7arem yok. Se\u00e7im \u00e7al\u0131\u015fmalar\u0131m\u0131 mahkeme salonunda yapmaya mecburum&#8221; diye seslendi.<\/p>\n<p style=\"text-align: justify;\">Bas\u0131n mensuplar\u0131yla sohbeti s\u0131ras\u0131nda bir ara\u015ft\u0131rma \u015firketi ile yakla\u015f\u0131k 4 y\u0131ld\u0131r \u00e7al\u0131\u015ft\u0131\u011f\u0131n\u0131 belirten \u00d6zkan, nisan ay\u0131nda yap\u0131lan bir anketin sonu\u00e7lar\u0131n\u0131n kendisine ula\u015ft\u0131\u011f\u0131n\u0131 s\u00f6yledi.<\/p>\n<p style=\"text-align: justify;\">\u00d6zkan, \u0130stanbul Anadolu yakas\u0131nda yap\u0131lan ara\u015ft\u0131rmada bin denek kullan\u0131ld\u0131\u011f\u0131n\u0131 belirterek, bin ki\u015fi \u00fczerinde yap\u0131lan ankette &#8221;Tuncay \u00d6zkan ba\u011f\u0131ms\u0131z milletvekili aday\u0131 olsa oy verir misiniz?&#8221; sorusuna deneklerden y\u00fczde 14.5&#8217;inin &#8221;oy veririm&#8221; yan\u0131t\u0131 verdi\u011fini, y\u00fczde 12.9&#8217;unun &#8221;Belki veririm belki vermem&#8221; dedi\u011fini kaydetti. \u00d6zkan, kendisinin CHP&#8217;ye aday g\u00f6sterilmesi halinde CHP&#8217;nin oy oran\u0131n\u0131 da y\u00fckseltece\u011finin alt\u0131n\u0131 \u00e7izerek &#8220;Benim kat\u0131l\u0131m\u0131mla oy oranlar\u0131 y\u00fczde 38&#8217;i ge\u00e7erdi. Ancak beni aday g\u00f6stermediler, takdir onlar\u0131n&#8221; dedi.<\/p>\n<p style=\"text-align: justify;\">Ankete g\u00f6re, kendisinin bu b\u00f6lgeden CHP&#8217;den aday olmas\u0131 durumunda partinin oy oran\u0131n\u0131n y\u00fckselece\u011fini ifade eden \u00d6zkan, &#8221;Ancak beni aday g\u00f6stermediler, takdir onlar\u0131nd\u0131r&#8221; dedi.<\/p>\n<p style=\"text-align: justify;\">Tuncay \u00d6zkan, avukat\u0131 arac\u0131l\u0131\u011f\u0131yla yapt\u0131\u011f\u0131 &#8221;Ahmet Tuncay \u00d6zkan Silivri Duru\u015fma Salonu Se\u00e7im Ofisinden bildiriyor&#8221; yaz\u0131l\u0131 a\u00e7\u0131klamas\u0131nda da CHP&#8217;nin Ahmet Tuncay \u00d6zkan&#8217;\u0131 reddetmesinin CHP taban\u0131n\u0131n veya y\u00f6netiminin bir karar\u0131 olmad\u0131\u011f\u0131n\u0131 belirtti.<\/p>\n<p style=\"text-align: justify;\">Kendisinin CHP adayl\u0131\u011f\u0131n\u0131n MYK ve parti meclisinde de\u011ferlendirilmedi\u011fini ve oylanmad\u0131\u011f\u0131n\u0131 kaydeden \u00d6zkan, a\u00e7\u0131klamas\u0131nda &#8221;Karar bir iki y\u00f6neticiye aittir. Reddiye CHP&#8217;nin de\u011fil o y\u00f6neticilerin korkusundand\u0131r. 12 Haziran&#8217;da sand\u0131ktan karanl\u0131k ve korkakl\u0131\u011f\u0131n \u00fczerine bir g\u00fcne\u015f gibi do\u011faca\u011f\u0131z. \u0130lk balyozu yurtta\u015flar\u0131m 12 Haziran&#8217;da beni se\u00e7erek vuracaklar&#8221; ifadesine yer verdi.<\/p>\n<p style=\"text-align: justify;\"><a href=\"http:\/\/www.gazeteport.com.tr\/GUNCEL\/NEWS\/GP_906339\" target=\"_blank\">Kaynak : GAZETEPORT<\/a><\/p>\n","protected":false},"excerpt":{"rendered":"<p style=\"text-align: justify;\">\n<p style=\"text-align: justify;\">\u0130kinci &#8221;Ergenekon&#8221; davas\u0131n\u0131n tutuklu san\u0131klar\u0131ndan emekli albay Levent G\u00f6kta\u015f, &#8221;B\u00f6yle bir h\u00fccrede kalmaktansa ke\u015fke PKK&#8217;n\u0131n elinde esir olsayd\u0131m. Hi\u00e7 olmazsa d\u00fc\u015fman\u0131m\u0131 bilirdim&#8221; diye konu\u015ftu.<\/p>\n<p style=\"text-align: justify;\">Tuncay \u00d6zkan ise CHP&#8217;nin kendisini aday g\u00f6stermemesiyle ilgili olarak, &#8221;Karar bir iki y\u00f6neticiye aittir. Reddiye CHP&#8217;nin de\u011fil o y\u00f6neticilerin korkusundand\u0131r&#8221; dedi.<\/p>\n","protected":false},"author":1,"featured_media":0,"comment_status":"open","ping_status":"closed","sticky":false,"template":"","format":"standard","meta":{"footnotes":""},"categories":[105],"tags":[],"class_list":["post-32967","post","type-post","status-publish","format-standard","hentry","category-gundem","odd"],"_links":{"self":[{"href":"http:\/\/www.korhanyilmaz.com\/index.php?rest_route=\/wp\/v2\/posts\/32967","targetHints":{"allow":["GET"]}}],"collection":[{"href":"http:\/\/www.korhanyilmaz.com\/index.php?rest_route=\/wp\/v2\/posts"}],"about":[{"href":"http:\/\/www.korhanyilmaz.com\/index.php?rest_route=\/wp\/v2\/types\/post"}],"author":[{"embeddable":true,"href":"http:\/\/www.korhanyilmaz.com\/index.php?rest_route=\/wp\/v2\/users\/1"}],"replies":[{"embeddable":true,"href":"http:\/\/www.korhanyilmaz.com\/index.php?rest_route=%2Fwp%2Fv2%2Fcomments&post=32967"}],"version-history":[{"count":0,"href":"http:\/\/www.korhanyilmaz.com\/index.php?rest_route=\/wp\/v2\/posts\/32967\/revisions"}],"wp:attachment":[{"href":"http:\/\/www.korhanyilmaz.com\/index.php?rest_route=%2Fwp%2Fv2%2Fmedia&parent=32967"}],"wp:term":[{"taxonomy":"category","embeddable":true,"href":"http:\/\/www.korhanyilmaz.com\/index.php?rest_route=%2Fwp%2Fv2%2Fcategories&post=32967"},{"taxonomy":"post_tag","embeddable":true,"href":"http:\/\/www.korhanyilmaz.com\/index.php?rest_route=%2Fwp%2Fv2%2Ftags&post=32967"}],"curies":[{"name":"wp","href":"https:\/\/api.w.org\/{rel}","templated":true}]}}