{"id":32962,"date":"2011-05-18T16:38:42","date_gmt":"2011-05-18T13:38:42","guid":{"rendered":"http:\/\/www.korhanyilmaz.com\/?p=32962"},"modified":"2011-05-18T16:38:42","modified_gmt":"2011-05-18T13:38:42","slug":"basbakanin-avukatindan-hakime-secimden-sonra-ricasi","status":"publish","type":"post","link":"http:\/\/www.korhanyilmaz.com\/?p=32962","title":{"rendered":"Ba\u015fbakan&#8217;\u0131n avukat\u0131ndan hakime &#8216;se\u00e7imden sonra&#8217; ricas\u0131"},"content":{"rendered":"<div id=\"attachment_32963\" style=\"width: 330px\" class=\"wp-caption aligncenter\"><a title=\"Beyo\u011flu Kumpanya\" href=\"http:\/\/www.korhanyilmaz.com\/wp-content\/uploads\/2011\/05\/230.jpg\"  class=\"lightview\"><img loading=\"lazy\" decoding=\"async\" aria-describedby=\"caption-attachment-32963\" class=\"size-full wp-image-32963\" src=\"http:\/\/www.korhanyilmaz.com\/wp-content\/uploads\/2011\/05\/230.jpg\" alt=\"\" width=\"320\" height=\"240\" \/><\/a><p id=\"caption-attachment-32963\" class=\"wp-caption-text\">Beyo\u011flu Kumpanya<\/p><\/div>\n<p style=\"text-align: justify;\">Tiyatrocu bir grup \u00f6\u011frencinin oyunlar\u0131nda ba\u015fbakana hakaret ettikleri iddias\u0131 ile a\u00e7\u0131lan davada, Erdo\u011fan&#8217;\u0131n avukat\u0131 ilgin\u00e7 bir talepte bulundu.<\/p>\n<p style=\"text-align: justify;\">\u0130STANBUL-Amat\u00f6r tiyatrocu bir grup \u00f6\u011frencinin oyunlar\u0131nda &#8220;ba\u015fbakan\u2019a hakaret ettikleri&#8221; iddias\u0131yla yarg\u0131land\u0131\u011f\u0131 davada, Ba\u015fbakan Recep Tayyip Erdo\u011fan\u2019\u0131n avukat\u0131, son savunmas\u0131n\u0131 haz\u0131rlamad\u0131\u011f\u0131 gerek\u00e7esiyle karar duru\u015fmas\u0131n\u0131n ertelenmesine yol a\u00e7t\u0131. Avukat Abdullah G\u00fcler, erteleme tarihinin de &#8220;se\u00e7imden sonra&#8221; olmas\u0131 i\u00e7in hakimden ricada bulundu. <!--more--><\/p>\n<p style=\"text-align: justify;\">\u00c7atalca 1. Sulh Ceza Mahkemesinde bug\u00fcn g\u00f6r\u00fclen karar duru\u015fmas\u0131na &#8220;Ba\u015fbakan\u2019a hakaret&#8221; su\u00e7undan haklar\u0131nda 2 y\u0131la kadar hapis ceazalar\u0131 istenen tutuksuz san\u0131klardan Esat Ba\u011f\u0131\u015f, Emre Yal\u00e7\u0131n, Duygu Sezgin, Neval \u0130lknur, Volkan \u015eahin, Cansu Demirta\u015f, Ozan \u00c7oban,Emre Savc\u0131, Halil \u0130brahim Serinkoz, Onur Tun\u00e7, I\u015f\u0131l \u00d6zkan, G\u00fcnselin Seda \u00c7etinkaya kat\u0131ld\u0131.<\/p>\n<p style=\"text-align: justify;\"><strong>&#8220;M\u00dcVEKK\u0130LLER\u0130M\u0130N BERAAT\u0130N\u0130 TALEP EDER\u0130M&#8221;<\/strong><\/p>\n<p style=\"text-align: justify;\">\u00d6\u011frencilerin avukat\u0131 \u015eerif \u00d6zg\u00fcr Urfa mahkemeye 5 sayfal\u0131k savunma dilek\u00e7esi sundu. Dilek\u00e7ede, \u015fu ifadelere yer verdi:<\/p>\n<p style=\"text-align: justify;\">&#8220;M\u00fcvekkillerimiz Erguvan \u015fenliklerinde sahne ald\u0131klar\u0131 kendi repertuarlar\u0131n\u0131 sunduklar\u0131, tiyatro sans ve m\u00fczik olan sanatsal erkinli\u011fi icra ettikleri sabittir. Ba\u015fbakan Recep Tayyip Erdo\u011fan\u2019\u0131n, m\u00fcvekkillerimin su\u00e7 olu\u015fturdu\u011funu d\u00fc\u015f\u00fcnmedi\u011fimiz \u2019\u0130\u015fportac\u0131 Tayyip&#8221; s\u00f6zc\u00fc\u011f\u00fc nedeniyle onur, \u015feref ve sayg\u0131nl\u0131\u011f\u0131n\u0131n zedelenmesi m\u00fcmk\u00fcn de\u011fildir. T\u00fcrk Dil Kurumu s\u00f6zl\u00fc\u011f\u00fcndeki tan\u0131ma g\u00f6re i\u015fporta gezici sat\u0131c\u0131lar\u0131n mallar\u0131n\u0131 koymaya yarayan yayvan sepet veya bu i\u015fi g\u00f6ren benzeri ara\u00e7, sergi. \u0130\u015fportac\u0131 bu \u015fekilde sat\u0131\u015f yapan ki\u015fi. Elinde bulunan mallar\u0131, h\u0131zl\u0131 ve ucuza ellerinden \u00e7\u0131karan ki\u015fi olarak tarif edilebilecek bu s\u00f6zc\u00fc\u011f\u00fcn kullan\u0131lmas\u0131yla m\u00fc\u015fteki Erdo\u011fan\u2019\u0131n onur ve \u015feref sayg\u0131nl\u0131\u011f\u0131n\u0131n zedelenmesi m\u00fcmk\u00fcn de\u011fildir. &#8220;\u0130\u015fportac\u0131&#8221; s\u00f6z\u00fcyle hakaret su\u00e7unun i\u015flenmesi s\u00f6z konusu olamaz. M\u00fcvekkillerimin beraatini talep ederim.&#8221;<\/p>\n<p style=\"text-align: justify;\"><strong>&#8220;B\u0130R HAKARET DAVASINI BU KADAR UZATMADIM BEN&#8221;<\/strong><\/p>\n<p style=\"text-align: justify;\">Ba\u015fbakan Recep Tayyip Erdo\u011fan\u2019\u0131n avukat\u0131 Abdulllah G\u00fcler de konuyla ilgili tan\u0131klar\u0131n\u0131 bir sonraki celse dinletece\u011fini s\u00f6yleyerek s\u00fcre istedi. Tan\u0131k dinleme talebini reddeden mahkeme ba\u015fkan\u0131 hakim T\u00fclay \u00d6zt\u00fcrk, &#8220;Bir hakaret davas\u0131n\u0131 bu kadar uzatmad\u0131m ben. Savunman\u0131z\u0131 dinleyebiliriz&#8221; dedi.<\/p>\n<p style=\"text-align: justify;\"><strong>&#8220;KARAR DURU\u015eMASI SE\u00c7\u0130MDEN SONRA YAPILSIN&#8221;<\/strong><\/p>\n<p style=\"text-align: justify;\">Avukat Abdullah G\u00fcler de savunmas\u0131n\u0131 bir sonraki celse yapaca\u011f\u0131n\u0131 belirterek tekrar s\u00fcre istedi. M\u00fc\u015fteki avukat\u0131n\u0131n savunmas\u0131n\u0131 haz\u0131rlamas\u0131 i\u00e7in s\u00fcre tan\u0131yan mahkeme ba\u015fkan\u0131 T\u00fclay \u00d6zt\u00fcrk, karar duru\u015fmas\u0131n\u0131n 3 Haziran ya da 8 haziran\u2019da yap\u0131lmas\u0131n\u0131n taraflar i\u00e7in uygun olup olmad\u0131\u011f\u0131n\u0131 sordu. M\u00fc\u015fteki Recep Tayyip Erdo\u011fan\u2019\u0131n avukat\u0131 Abdullah G\u00fcler karar duru\u015fmas\u0131n\u0131n 12 Haziran\u2019da yap\u0131lacak genel se\u00e7imlerden sonra yap\u0131lmas\u0131n\u0131 istedi. Hakim T\u00fclay \u00d6zt\u00fcrk ise se\u00e7imden sonra izinli olaca\u011f\u0131n\u0131 belirterek, karar duru\u015fmas\u0131n\u0131n 8 Haziran\u2019da yap\u0131lmas\u0131na karar verdi.<\/p>\n<p style=\"text-align: justify;\"><strong>&#8220;\u00d6\u011eRENC\u0130LER\u0130N 2 YILA KADAR HAPS\u0130 \u0130STEN\u0130YOR&#8221;<\/strong><\/p>\n<p style=\"text-align: justify;\">\u0130ddianamede \u015f\u00fcphelilerin, m\u00fc\u015ftekiye alenen hakaret su\u00e7unu i\u015fledikleri, bu nedenle 2 y\u0131la kadar hapis cezas\u0131yla cezaland\u0131r\u0131lmalar\u0131 talep ediliyor.<\/p>\n<p style=\"text-align: justify;\"><strong>OLAYIN GE\u00c7M\u0130\u015e\u0130<\/strong><\/p>\n<p style=\"text-align: justify;\">11-12 Temmuz 2010\u2019da \u00c7atalca Belediyesi taraf\u0131ndan d\u00fczenlenen Erguvan \u015eenlikleri\u2019nde sahne alan Beyo\u011flu Kumpanya, &#8220;Tayyip Blues&#8221; ad\u0131n\u0131 verdikleri \u015fark\u0131y\u0131 s\u00f6ylemi\u015fti. \u015eark\u0131 s\u00f6zlerinin aras\u0131nda yer alan &#8220;\u0130\u015fportac\u0131s\u0131n Tayyip&#8221; b\u00f6l\u00fcm\u00fc 3&#8243;\u00fc mezun 16 \u00fcniversite \u00f6\u011frencisi amat\u00f6r tiyatrocuyu mahkemelik yapm\u0131\u015f, Ba\u015fbakan Recep Tayyip Erdo\u011fan\u2019\u0131n avukat\u0131 arac\u0131l\u0131\u011f\u0131yla yapt\u0131\u011f\u0131 \u015fikayet \u00fczerine ba\u015flat\u0131lan soru\u015fturma o g\u00fcn sahne alan 16 ki\u015fi i\u00e7in 2 y\u0131la kadar hapis istemli &#8220;Ba\u015fbakan\u2019a hakaret&#8221; davas\u0131na d\u00f6n\u00fc\u015fm\u00fc\u015ft\u00fc.<\/p>\n<p style=\"text-align: justify;\"><a href=\"http:\/\/www.radikal.com.tr\/Radikal.aspx?aType=RadikalDetayV3&amp;ArticleID=1049727&amp;CategoryID=77\" target=\"_blank\">Kaynak : Radikal<\/a><\/p>\n","protected":false},"excerpt":{"rendered":"<p id=\"caption-attachment-32963\" class=\"wp-caption-text\">Beyo\u011flu Kumpanya<\/p>\n<p style=\"text-align: justify;\">Tiyatrocu bir grup \u00f6\u011frencinin oyunlar\u0131nda ba\u015fbakana hakaret ettikleri iddias\u0131 ile a\u00e7\u0131lan davada, Erdo\u011fan&#8217;\u0131n avukat\u0131 ilgin\u00e7 bir talepte bulundu.<\/p>\n<p style=\"text-align: justify;\">\u0130STANBUL-Amat\u00f6r tiyatrocu bir grup \u00f6\u011frencinin oyunlar\u0131nda &#8220;ba\u015fbakan\u2019a hakaret ettikleri&#8221; iddias\u0131yla yarg\u0131land\u0131\u011f\u0131 davada, Ba\u015fbakan Recep Tayyip Erdo\u011fan\u2019\u0131n avukat\u0131, son savunmas\u0131n\u0131 haz\u0131rlamad\u0131\u011f\u0131 gerek\u00e7esiyle karar duru\u015fmas\u0131n\u0131n ertelenmesine yol a\u00e7t\u0131. Avukat Abdullah G\u00fcler, <\/p>\n","protected":false},"author":1,"featured_media":0,"comment_status":"open","ping_status":"closed","sticky":false,"template":"","format":"standard","meta":{"footnotes":""},"categories":[105],"tags":[],"class_list":["post-32962","post","type-post","status-publish","format-standard","hentry","category-gundem","odd"],"_links":{"self":[{"href":"http:\/\/www.korhanyilmaz.com\/index.php?rest_route=\/wp\/v2\/posts\/32962","targetHints":{"allow":["GET"]}}],"collection":[{"href":"http:\/\/www.korhanyilmaz.com\/index.php?rest_route=\/wp\/v2\/posts"}],"about":[{"href":"http:\/\/www.korhanyilmaz.com\/index.php?rest_route=\/wp\/v2\/types\/post"}],"author":[{"embeddable":true,"href":"http:\/\/www.korhanyilmaz.com\/index.php?rest_route=\/wp\/v2\/users\/1"}],"replies":[{"embeddable":true,"href":"http:\/\/www.korhanyilmaz.com\/index.php?rest_route=%2Fwp%2Fv2%2Fcomments&post=32962"}],"version-history":[{"count":0,"href":"http:\/\/www.korhanyilmaz.com\/index.php?rest_route=\/wp\/v2\/posts\/32962\/revisions"}],"wp:attachment":[{"href":"http:\/\/www.korhanyilmaz.com\/index.php?rest_route=%2Fwp%2Fv2%2Fmedia&parent=32962"}],"wp:term":[{"taxonomy":"category","embeddable":true,"href":"http:\/\/www.korhanyilmaz.com\/index.php?rest_route=%2Fwp%2Fv2%2Fcategories&post=32962"},{"taxonomy":"post_tag","embeddable":true,"href":"http:\/\/www.korhanyilmaz.com\/index.php?rest_route=%2Fwp%2Fv2%2Ftags&post=32962"}],"curies":[{"name":"wp","href":"https:\/\/api.w.org\/{rel}","templated":true}]}}