{"id":32950,"date":"2011-05-18T13:55:07","date_gmt":"2011-05-18T10:55:07","guid":{"rendered":"http:\/\/www.korhanyilmaz.com\/?p=32950"},"modified":"2011-05-18T13:55:07","modified_gmt":"2011-05-18T10:55:07","slug":"demirtastan-zehir-zemberek-sozler","status":"publish","type":"post","link":"http:\/\/www.korhanyilmaz.com\/?p=32950","title":{"rendered":"Demirta\u015f&#8217;tan zehir zemberek s\u00f6zler"},"content":{"rendered":"<p style=\"text-align: justify;\"><a href=\"http:\/\/www.korhanyilmaz.com\/wp-content\/uploads\/2011\/05\/226.jpg\"  class=\"lightview\"><img loading=\"lazy\" decoding=\"async\" class=\"aligncenter size-full wp-image-32951\" src=\"http:\/\/www.korhanyilmaz.com\/wp-content\/uploads\/2011\/05\/226.jpg\" alt=\"\" width=\"307\" height=\"236\" \/><\/a>12 PKK&#8217;l\u0131n\u0131n \u00f6ld\u00fcr\u00fclmesinin ard\u0131ndan eski BDP lideri Selahattin Demirta\u015f, askeri operasyonlar\u0131 ve Ba\u015fbakan Erdo\u011fan&#8217;\u0131 \u00e7ok sert s\u00f6zlerle ele\u015ftirdi. &#8220;Biz aradan \u00e7\u0131karsak; Ba\u015fbakan \u00f6fkeyle kar\u015f\u0131la\u015f\u0131r&#8221; diyen Demirta\u015f, &#8220;Bunlar, &#8216;Ne kadar \u00e7ok PKK&#8217;l\u0131 \u00f6ld\u00fcr\u00fcrsem o kadar \u00e7ok oy al\u0131r\u0131m&#8217; hesab\u0131 yap\u0131yor. Kim ki kan \u00fczerinden oy hesab\u0131 yap\u0131yorsa Allah onun bin defa belas\u0131n\u0131 versin&#8221; dedi. <!--more--><\/p>\n<p style=\"text-align: justify;\">\u015e\u0131rnak Uludere&#8217;de s\u0131n\u0131r\u0131 ge\u00e7mek isterken \u00f6ld\u00fcr\u00fclen 12 PKK&#8217;l\u0131dan biri olan Abdulkadir Ay&#8217;\u0131n cenazesi, memleketi Bing\u00f6l&#8217;\u00fcn Karl\u0131ova il\u00e7esine ba\u011fl\u0131 Yi\u011fitler K\u00f6y\u00fc \u00c7atak Mezras\u0131&#8217;nda topra\u011fa verildi.<\/p>\n<p style=\"text-align: justify;\">Cenaze t\u00f6renine Selahattin Demirta\u015f, Bing\u00f6l Ba\u011f\u0131ms\u0131z milletvekili aday\u0131 Dr. \u0130dris Baluken, Karl\u0131ova Belediye Ba\u015fkan\u0131 Ferit \u00c7elik, BDP \u0130l Ba\u015fkan\u0131 ve parti y\u00f6neticileri kat\u0131ld\u0131.<\/p>\n<p style=\"text-align: justify;\">Ya\u015fanan olaylar\u0131 de\u011ferlendiren Demirta\u015f, h\u00fck\u00fcmeti ele\u015ftirerek, askerlerin operasyonlar\u0131n\u0131 sona ermesi \u00e7a\u011fr\u0131s\u0131nda bulundu.<\/p>\n<p style=\"text-align: justify;\">Askeri operasyonlar\u0131n h\u00fck\u00fcmetten ba\u011f\u0131ms\u0131z ve Ba\u015fbakan&#8217;\u0131n bilgisi d\u0131\u015f\u0131nda olamayaca\u011f\u0131n\u0131 belirten Demirta\u015f, &#8220;\u00d6l\u00fcmler h\u00fck\u00fcmetten ba\u011f\u0131ms\u0131zd\u0131r veya Ba\u015fbakan&#8217;\u0131n bilgisi d\u0131\u015f\u0131ndad\u0131r diyemeyiz. Varsa b\u00f6yle bir \u015fey, Ba\u015fbakan&#8217;\u0131n \u00e7\u0131k\u0131p a\u00e7\u0131klamas\u0131 laz\u0131m. &#8216;Ben bu \u00fclkede Ba\u015fbakan\u0131m ama ordu benim talimat\u0131m\u0131 emrimi dinlemiyor&#8217; desin. Ama bunu yapm\u0131yorsa da Milli G\u00fcvenlik Kurulu&#8217;nun son toplant\u0131s\u0131nda ne plan, program yapt\u0131lar, bu operasyonlar\u0131 orda planlad\u0131lar m\u0131 planlamad\u0131lar m\u0131? onu a\u00e7\u0131klas\u0131nlar. Gen\u00e7lerin kan\u0131n\u0131 d\u00f6kecek ve hemde meydanlarda \u00e7\u0131k\u0131p BDP&#8217;yi su\u00e7layacak, &#8216;bunlar kandan besleniyor&#8217; diyecek. Bu iki y\u00fczl\u00fcl\u00fckt\u00fcr&#8221; dedi.<\/p>\n<p style=\"text-align: justify;\"><strong>&#8220;\u00d6fkeyle kar\u015f\u0131 kar\u015f\u0131ya&#8230;&#8221;<\/strong><\/p>\n<p style=\"text-align: justify;\">Halk\u0131n \u00f6fkesininin art\u0131k kontrol edilemedi\u011fini ifade eden Demirta\u015f, Ba\u015fbakan Erdo\u011fan&#8217;a da art\u0131k kimsenin inanmad\u0131\u011f\u0131n\u0131 savundu. AK Parti h\u00fck\u00fcmetinin kendi cephesinde K\u00fcrt sorununu \u00e7\u00f6zd\u00fc\u011f\u00fcn\u00fc ifade eden Demirta\u015f, &#8220;Halk\u0131n \u00f6fkesi ta\u015fm\u0131\u015ft\u0131r. Kimse ba\u015fbakan\u0131n tek bir s\u00f6z\u00fcne inanm\u0131yor. Ba\u015fbakan, kendi cephesinden K\u00fcrt sorununu \u00e7\u00f6zm\u00fc\u015ft\u00fcr. Bu halk\u0131n AKP&#8217;ye de ihtiyac\u0131 yoktur. AKP&#8217;nin de herhalde bu halka ihtiyac\u0131 yoktur ki, halk\u0131 g\u00f6zden \u00e7\u0131karm\u0131\u015ft\u0131r. Halk\u0131n \u00f6fkesiyle kendisi aras\u0131nda demokratik siyaset olarak biz duruyoruz. Bizi de aradan \u00e7\u0131kar\u0131rsa, Ba\u015fbakan halk\u0131n \u00f6fkesiyle kar\u015f\u0131 kar\u015f\u0131ya kalacak, bunu da bilmesinde fayda var. D\u00f6k\u00fclen kanlardan kim ki bir tek oy nasipleniyorsa, haram olsun diyorum. Elli bin defa burnundan gelsin, hangi partinin \u00e7\u0131kar\u0131naysa bu d\u00f6k\u00fclen kanlar, o partiye haram olsun, parti yetkililerinin de burnundan gelsin. Ba\u015fbakan da bunu anl\u0131yordur. Bu K\u00fcrt gen\u00e7lerinin kan\u0131n\u0131 d\u00f6kerek T\u00fcrkler&#8217;in oyunu almay\u0131 hesapl\u0131yorsa, ba\u015fbakan\u0131n hesab\u0131 buysa bunun siyasi olarak alt\u0131nda kalacakt\u0131r&#8221; diye konu\u015ftu.<\/p>\n<p style=\"text-align: justify;\">Ac\u0131n\u0131n T\u00fcrkiye&#8217;nin ac\u0131s\u0131 oldu\u011funu, kimsenin ter\u00f6rist cenazesi veya taziyesi diyemeyece\u011fini kaydeden Demirta\u015f, cenazeye ter\u00f6rist demenin ne dinde, ne vicdanda ne de hukukta yeri olmad\u0131\u011f\u0131n\u0131 s\u00f6yledi.<\/p>\n<p style=\"text-align: justify;\">Demirta\u015f, &#8220;Dinimizde, cenaze cenazedir, bunu s\u00f6yleyenler, \u0130slam dininin karde\u015fi olamazlar. B\u00f6yle bir \u015fey yoktur. Bu y\u00fczden cenazelere kar\u015f\u0131 sayg\u0131 bekliyoruz. Bu cenazelere kar\u015f\u0131 yap\u0131lan i\u015fkenceleri, cenazeleri ailelere vermemeyi, arazide b\u0131rakmay\u0131, toplumun de\u011ferlerine, dinine, inanc\u0131na, \u00f6rf\u00fcne, adetine, hemde kanunlara a\u00e7\u0131k\u00e7a ayk\u0131r\u0131d\u0131r&#8221; dedi.<\/p>\n<p style=\"text-align: justify;\"><strong>&#8220;Ortada \u00e7at\u0131\u015fma falan olmad\u0131&#8221;<\/strong><\/p>\n<p style=\"text-align: justify;\">Demirta\u015f, \u015e\u0131rnak&#8217;\u0131n Uludere il\u00e7esinde ya\u015fananlar\u0131n \u00e7at\u0131\u015fma sonucu olmad\u0131\u011f\u0131n\u0131, do\u011frudan \u00f6ld\u00fcrmeye y\u00f6nelik bir plan oldu\u011funu \u00f6ne s\u00fcrd\u00fc.<\/p>\n<p style=\"text-align: justify;\">Selahattin Demirta\u015f, &#8220;Ortada \u00e7at\u0131\u015fma falan yok. Tunceli, Uludere ve \u015e\u0131rnak&#8217;ta ya\u015fananlar, do\u011frudan nokta operasyonlar\u0131d\u0131r. Yani \u00f6ld\u00fcrmeye d\u00f6n\u00fck, imha etmeye d\u00f6n\u00fck, nokta operasyonlar\u0131d\u0131r. 40 g\u00fcnde 42 ki\u015fi ya\u015fam\u0131n\u0131 yitirdi. Ama ba\u015fbakan sadece dikkat edin sadece kendi konvoyuna y\u00f6nelik sald\u0131r\u0131yla ilgili k\u0131yameti kopar\u0131yor. Silopi&#8217;de de iki polis ya\u015fam\u0131n\u0131 yitirdi. K\u0131yameti kopar\u0131yorsan derdin cansa, canlara k\u0131ymet veriyorsan, Silopi&#8217;de ya\u015fam\u0131n\u0131 yitiren polisler can de\u011fil mi? Onlar i\u00e7in niye k\u0131yameti koparm\u0131yorsun?&#8221; diye konu\u015ftu.<\/p>\n<p style=\"text-align: justify;\">\u00d6len 12 PKK&#8217;l\u0131n\u0131n K\u00fcrt gen\u00e7leri oldu\u011funu, bunlar\u0131n da y\u00fcreklerde ac\u0131 yaratt\u0131\u011f\u0131n\u0131 dile getiren Demirta\u015f, &#8220;Bu 12 insan, K\u00fcrt gencidir. Bu yurtta\u015flar, T\u00fcrkiye Cumhuriyeti yurtta\u015f\u0131 de\u011fil mi? Bunlar\u0131n ac\u0131s\u0131 yok mu? Da\u011fa \u00e7\u0131kt\u0131 diye ailesiyle b\u00fct\u00fcn toplumu halkla birlikte cenazesine mi sald\u0131racaks\u0131n, taziyesine mi sald\u0131racaks\u0131n? Hakaret mi edeceksin ac\u0131lar\u0131na, ondan sonra da, &#8216;din karde\u015fiyiz&#8217; bilmem neyim diyeceksiniz. &#8216;Ne kadar \u00e7ok PKK&#8217;l\u0131 \u00f6ld\u00fcr\u00fcrsem o kadar \u00e7ok oy al\u0131r\u0131m&#8217; hesab\u0131 yap\u0131yorlar. Ben b\u00f6ylesi bir siyaseti, a\u00e7\u0131k\u00e7a ret ediyorum. Kim ki kan \u00fczerinden oy hesab\u0131 yap\u0131yorsa Allah onun bin defa belas\u0131n\u0131 versin diyorum&#8221; dedi.<\/p>\n<p style=\"text-align: justify;\"><a href=\"http:\/\/www.cnnturk.com\/2011\/turkiye\/05\/18\/demirtastan.zehir.zemberek.sozler\/617135.0\/index.html\" target=\"_blank\">Kaynak : CNN T\u00dcRK<\/a><\/p>\n","protected":false},"excerpt":{"rendered":"<p style=\"text-align: justify;\">12 PKK&#8217;l\u0131n\u0131n \u00f6ld\u00fcr\u00fclmesinin ard\u0131ndan eski BDP lideri Selahattin Demirta\u015f, askeri operasyonlar\u0131 ve Ba\u015fbakan Erdo\u011fan&#8217;\u0131 \u00e7ok sert s\u00f6zlerle ele\u015ftirdi. &#8220;Biz aradan \u00e7\u0131karsak; Ba\u015fbakan \u00f6fkeyle kar\u015f\u0131la\u015f\u0131r&#8221; diyen Demirta\u015f, &#8220;Bunlar, &#8216;Ne kadar \u00e7ok PKK&#8217;l\u0131 \u00f6ld\u00fcr\u00fcrsem o kadar \u00e7ok oy al\u0131r\u0131m&#8217; hesab\u0131 yap\u0131yor. Kim ki kan \u00fczerinden oy hesab\u0131 yap\u0131yorsa Allah onun bin defa belas\u0131n\u0131 versin&#8221; dedi. <\/p>\n","protected":false},"author":1,"featured_media":0,"comment_status":"open","ping_status":"closed","sticky":false,"template":"","format":"standard","meta":{"footnotes":""},"categories":[105],"tags":[],"class_list":["post-32950","post","type-post","status-publish","format-standard","hentry","category-gundem","odd"],"_links":{"self":[{"href":"http:\/\/www.korhanyilmaz.com\/index.php?rest_route=\/wp\/v2\/posts\/32950","targetHints":{"allow":["GET"]}}],"collection":[{"href":"http:\/\/www.korhanyilmaz.com\/index.php?rest_route=\/wp\/v2\/posts"}],"about":[{"href":"http:\/\/www.korhanyilmaz.com\/index.php?rest_route=\/wp\/v2\/types\/post"}],"author":[{"embeddable":true,"href":"http:\/\/www.korhanyilmaz.com\/index.php?rest_route=\/wp\/v2\/users\/1"}],"replies":[{"embeddable":true,"href":"http:\/\/www.korhanyilmaz.com\/index.php?rest_route=%2Fwp%2Fv2%2Fcomments&post=32950"}],"version-history":[{"count":0,"href":"http:\/\/www.korhanyilmaz.com\/index.php?rest_route=\/wp\/v2\/posts\/32950\/revisions"}],"wp:attachment":[{"href":"http:\/\/www.korhanyilmaz.com\/index.php?rest_route=%2Fwp%2Fv2%2Fmedia&parent=32950"}],"wp:term":[{"taxonomy":"category","embeddable":true,"href":"http:\/\/www.korhanyilmaz.com\/index.php?rest_route=%2Fwp%2Fv2%2Fcategories&post=32950"},{"taxonomy":"post_tag","embeddable":true,"href":"http:\/\/www.korhanyilmaz.com\/index.php?rest_route=%2Fwp%2Fv2%2Ftags&post=32950"}],"curies":[{"name":"wp","href":"https:\/\/api.w.org\/{rel}","templated":true}]}}