{"id":32947,"date":"2011-05-18T13:54:39","date_gmt":"2011-05-18T10:54:39","guid":{"rendered":"http:\/\/www.korhanyilmaz.com\/?p=32947"},"modified":"2011-05-18T13:54:39","modified_gmt":"2011-05-18T10:54:39","slug":"ayaga-kalkmayan-korgeneral-yerini-buldu","status":"publish","type":"post","link":"http:\/\/www.korhanyilmaz.com\/?p=32947","title":{"rendered":"&#8220;Aya\u011fa kalkmayan korgeneral yerini buldu&#8221;"},"content":{"rendered":"<p style=\"text-align: justify;\"><a href=\"http:\/\/www.korhanyilmaz.com\/wp-content\/uploads\/2011\/05\/225.jpg\"  class=\"lightview\"><img loading=\"lazy\" decoding=\"async\" class=\"aligncenter size-full wp-image-32948\" src=\"http:\/\/www.korhanyilmaz.com\/wp-content\/uploads\/2011\/05\/225.jpg\" alt=\"\" width=\"307\" height=\"236\" \/><\/a><\/p>\n<p style=\"text-align: justify;\">Ba\u015fbakan Recep Tayyip Erdo\u011fan, &#8220;Bir \u00fclkenin Ba\u015fbakan\u0131, soruyorum sizlere anma t\u00f6renine gider de bir korgeneral orada aya\u011fa kalmaz m\u0131? Kalkmas\u0131 gerekir, kalmad\u0131\u011f\u0131 anda da bedelini \u00f6der. O ayr\u0131 mesele. Zaten bedelini de \u00f6dedi. \u015eimdi bak\u0131yorsunuz gidece\u011fi yeri o da buldu&#8221; dedi. Erdo\u011fan&#8217;\u0131n s\u00f6z\u00fcn\u00fc etti\u011fi korgeneralin Ergenekon davas\u0131nda tutuklanan Engin Alan oldu\u011fu iddia edildi. <!--more--><\/p>\n<p style=\"text-align: justify;\">Erdo\u011fan, Ankara Ticaret Odas\u0131n\u0131n (ATO) &#8220;Rekortmenler Plaket T\u00f6reni&#8221;nde konu\u015fan Erdo\u011fan, muhalefete ele\u015ftirler y\u00f6neltti.<\/p>\n<p style=\"text-align: justify;\"><strong>&#8220;Bir korgeneral aya\u011fa kalkmaz m\u0131?&#8221;<\/strong><\/p>\n<p style=\"text-align: justify;\">Konu\u015fmas\u0131nda \u00c7anakkale&#8217;de ya\u015fad\u0131\u011f\u0131 bir olay\u0131 da anlatan Ba\u015fbakan, &#8220;Bir ba\u015fkas\u0131 da bak\u0131yorsunuz, bir \u00fclkenin Ba\u015fbakan\u0131, soruyorum sizlere anma t\u00f6renine gider de bir korgeneral orada aya\u011fa kalmaz m\u0131? Kalkmas\u0131 gerekir, kalmad\u0131\u011f\u0131 anda da bedelini \u00f6der. O ayr\u0131 mesele. Zaten bedelini de \u00f6dedi. \u00c7anakkale&#8217;de anma t\u00f6renlerine gidiyoruz, bu beyefendi aya\u011fa kalkm\u0131yor. Ondan sonra da gere\u011fi yap\u0131ld\u0131 o ayr\u0131 mesele. Ama \u015fimdi bak\u0131yorsunuz gidece\u011fi yeri o da buldu&#8221; dedi.<\/p>\n<p style=\"text-align: justify;\">Ba\u015fbakan, &#8220;\u00c7\u00fcnk\u00fc, bu \u00fclkenin de\u011ferleriyle oynayanlar var. Alt\u0131n\u0131 \u00e7izerek s\u00f6yl\u00fcyorum; sendikalar, odalar, borsalar, her t\u00fcrl\u00fc ele\u015ftiriyi serbest\u00e7e, \u00f6zg\u00fcrce dile getiriyor. Bizim s\u00f6yledi\u011fimiz ele\u015ftiri olsun hakaret olmas\u0131n. Tekrar ediyorum de\u011ferli arkada\u015flar\u0131m, iftira bu kadar ucuz olamamal\u0131, olamaz&#8221; diye konu\u015ftu.<\/p>\n<p style=\"text-align: justify;\"><strong>Engin Alan m\u0131?<\/strong><\/p>\n<p style=\"text-align: justify;\">Bu arada, Ba\u015fbakan&#8217;\u0131n s\u00f6z\u00fcn\u00fc etti\u011fi korgeneralin Ergenekon davas\u0131nda tutuklanan ve Silivri Cezaevi&#8217;ne konulan MHP Milletvekili aday\u0131 Korgeneral Engin Alan oldu\u011fu \u00f6ne s\u00fcr\u00fcld\u00fc.<\/p>\n<p style=\"text-align: justify;\"><strong>G\u00dcNEYDO\u011eU&#8217;DAK\u0130 OLAYLAR <\/strong><\/p>\n<p style=\"text-align: justify;\"><strong>&#8220;Askerim ter\u00f6ristle m\u00fccadele etmeyecek mi?&#8221;<\/strong><\/p>\n<p style=\"text-align: justify;\">\u00d6te yandan, Ba\u015fbakan Erdo\u011fan konu\u015fmas\u0131nda 12 PKK&#8217;l\u0131n\u0131n \u00f6ld\u00fcr\u00fclmesinin ard\u0131ndan \u00e7\u0131kan olaylara da de\u011findi.<\/p>\n<p style=\"text-align: justify;\">Erdo\u011fan, \u015fu anda, Do\u011fu ve G\u00fcneydo\u011fu illerinde, t\u0131pk\u0131 Dan\u0131\u015ftay sald\u0131r\u0131s\u0131nda oldu\u011fu gibi, bir tezgah, bir senaryonun uygulamaya konuldu\u011funu s\u00f6yledi.<\/p>\n<p style=\"text-align: justify;\">B\u00f6lgede masum bir m\u00fccadele y\u00fcr\u00fct\u00fcl\u00fcyormu\u015f gibi g\u00f6sterildi\u011fini belirten Erdo\u011fan, &#8220;Kuzey Irak&#8217;tan s\u0131n\u0131rdan T\u00fcrkiye&#8217;ye a\u011f\u0131r silahlarla girmek isteyen ter\u00f6rist gruplara kar\u015f\u0131, benim askerim, s\u0131n\u0131rlar\u0131 korumakla g\u00f6revli askerim m\u00fccadelesini vermeyecek mi? Bunun neticesinde orada ter\u00f6ristler \u00f6ld\u00fcr\u00fcl\u00fcyor. Parlamento i\u00e7indeki bir siyasi partinin milletvekilleri kalk\u0131p onlar i\u00e7in oraya<\/p>\n<p style=\"text-align: justify;\">gidip, orada g\u00f6steri yap\u0131yorlar. G\u00f6sterilerde s\u00fcrekli olarak silahl\u0131 kuvvetlerimizi, g\u00fcvenlik g\u00fc\u00e7lerimizi kar\u015f\u0131lar\u0131na almak suretiyle orada \u00fclkeyi huzursuz edici tavr\u0131n i\u00e7ine giriyorlar. Hala buna birileri \u00f6zg\u00fcrl\u00fck ad\u0131na izah getirmek istiyor. Art\u0131k bunlar\u0131 yutacak m\u0131y\u0131z?&#8221; diye konu\u015ftu.<\/p>\n<p style=\"text-align: justify;\">Partisinin y\u00fcze yak\u0131n se\u00e7im merkezinin, te\u015fkilatlar\u0131n\u0131n s\u00fcrekli molotoflarla bombaland\u0131\u011f\u0131n\u0131 bildiren Erdo\u011fan, &#8220;Ama biz y\u0131lmayaca\u011f\u0131z. Biz birileri kepenk indirirken, anamuhalefetin oradaki \u015fubesi kepenk indirirken biz kepenk falan indirmeyece\u011fiz. E\u011fer biz halk\u0131m\u0131z\u0131, vatan\u0131m\u0131z\u0131 seviyorsak, bunun bedeli ne olursa olsun bu m\u00fccadeleyi vermek zorunday\u0131z. Aksi takdirde meydan bunlara kal\u0131r. Biz meydan\u0131 bunlara b\u0131rakmayaca\u011f\u0131z. Bu meydan\u0131n sahibi millettir, millet bu meydan\u0131 koruyacakt\u0131r. Bunlar sokaklar\u0131 \u015fiddete teslim etmek suretiyle, burada a\u00e7\u0131k a\u00e7\u0131k, kendilerine ihale edilen senaryoyu uyguluyorlar. Diyarbak\u0131r&#8217;da, Batman&#8217;da, Hakkari&#8217;de, di\u011fer illerde, \u015fiddetle, zorbal\u0131kla, bask\u0131yla kepenkler kapat\u0131l\u0131yor. Y\u00fcreklerini, kendilerini ortaya koyan STK&#8217;lar\u0131 buradan takdir ediyorum, tebrik ediyorum, alk\u0131\u015fl\u0131yorum&#8221; dedi.<\/p>\n<p style=\"text-align: justify;\"><strong>&#8220;Millet \u00f6yle d\u00fc\u015f\u00fcnm\u00fcyor&#8221;<\/strong><\/p>\n<p style=\"text-align: justify;\">B\u00fct\u00fcn bu olaylar kar\u015f\u0131s\u0131nda esnaf\u0131n, orada ya\u015fayan vatanda\u015flar\u0131n, gen\u00e7ler, \u00e7ocuklar\u0131n kazanmad\u0131\u011f\u0131n\u0131, tam tersine, esnaf, t\u00fcccar, vatanda\u015f\u0131n ya\u015fananlardan ciddi \u015fekilde ma\u011fdur olduklar\u0131n\u0131 ifade eden Erdo\u011fan, \u015f\u00f6yle devam etti:<\/p>\n<p style=\"text-align: justify;\">&#8220;Ama hi\u00e7 kimse \u00e7\u0131k\u0131p da cesaretle, bu partinin ve ter\u00f6r \u00f6rg\u00fct\u00fcn\u00fcn bu \u015fiddet eylemlerini, bu tahriklerini sorgulama cesaretini g\u00f6stermiyor. G\u00fcnlerdir, \u00f6ld\u00fcr\u00fclen ter\u00f6ristler i\u00e7in yas tutan baz\u0131 k\u00f6\u015fe yazarlar\u0131 var, b\u00fcy\u00fck foto\u011fraf\u0131 g\u00f6r\u00fcp, buradaki kaos plan\u0131n\u0131 ele\u015ftirmek gibi bir y\u00fcreklilik g\u00f6stermiyor. Neden? \u00c7\u00fcnk\u00fc bu hadiselerden dolay\u0131 AK Parti&#8217;nin y\u0131prand\u0131\u011f\u0131n\u0131 zannediyor ve kaos planlar\u0131n\u0131n de\u011firmenine su ta\u015f\u0131may\u0131 tercih ediyorlar.<\/p>\n<p style=\"text-align: justify;\">Millet \u00f6yle d\u00fc\u015f\u00fcnm\u00fcyor. Ne Do\u011fu ve G\u00fcneydo\u011fu&#8217;da ne Bat\u0131&#8217;da, Kuzey&#8217;de, G\u00fcney&#8217;de, milletim bu senaryo yazarlar\u0131 gibi d\u00fc\u015f\u00fcnm\u00fcyor. Herkes, se\u00e7im \u00f6ncesinde nas\u0131l bir oyunun oynand\u0131\u011f\u0131n\u0131n \u00e7ok iyi fark\u0131nda. Do\u011fu&#8217;yu tahrik edip, Bat\u0131&#8217;n\u0131n hassasiyetlerine dokunup, gen\u00e7lerin kan\u0131, annelerin g\u00f6z ya\u015f\u0131 \u00fczerinden nas\u0131l \u00e7irkin bir se\u00e7im hesab\u0131 yap\u0131ld\u0131\u011f\u0131n\u0131n herkes fark\u0131nda.<\/p>\n<p style=\"text-align: justify;\">\u00c7ok s\u00f6yledim, bug\u00fcn bir kez daha s\u00f6yl\u00fcyorum: Silivri ile Kandil&#8217;in yazd\u0131\u011f\u0131 senaryo, birileri taraf\u0131ndan oynan\u0131yor. Fig\u00fcran olarak da gen\u00e7ler, \u00e7ocuklar kullan\u0131l\u0131yor, istismar ediliyor. Ama geri ad\u0131m atmayaca\u011f\u0131z. Bu \u015fiddet olaylar\u0131na, bu kaos planlar\u0131na teslim olmayaca\u011f\u0131z.<\/p>\n<p style=\"text-align: justify;\">Bizim y\u00fcre\u011fimiz, milletimizle birlikte at\u0131yor. Per\u015fembe g\u00fcn\u00fc Siirt&#8217;te, cuma g\u00fcn\u00fc Van&#8217;da, cumartesi g\u00fcn\u00fc Hakkari&#8217;de gidip milletimizle kucakla\u015facak ve bu kirli tezgah\u0131 bozaca\u011f\u0131z. Van&#8217;da, b\u00fct\u00fcn bu oyunlar\u0131 alt \u00fcst edecek, samimiyet diliyle, g\u00f6n\u00fcl diliyle vatanda\u015flar\u0131m\u0131za seslenece\u011fim. Hedef \u015fu de\u011ferli arkada\u015flar\u0131m: Bat\u0131&#8217;y\u0131, Do\u011fu&#8217;yu tahrik edip, \u015fiddet politikalar\u0131n\u0131 geri getirmek.<\/p>\n<p style=\"text-align: justify;\">Malum parti de ter\u00f6r \u00f6rg\u00fct\u00fc de Ergenekon da bug\u00fcne kadar \u015fiddetten beslendi, bu \u015fekilde devam etmesini arzuluyorlar. Teslim olursak, geri ad\u0131m atarsak, silah t\u00fcccarlar\u0131 kazan\u0131r, vampirler kazan\u0131r. Teslim olmayacak, geri ad\u0131m atmayacak, sa\u011fduyudan da asla taviz vermeyece\u011fiz. Biz 8,5 y\u0131ld\u0131r her g\u00fcn \u00e7\u0131k\u0131p, milletimizin y\u00fcz\u00fcne gururla bak\u0131yoruz. 12 Haziran&#8217;dan sonra da biz milletimizin y\u00fcz\u00fcne gururla bakaca\u011f\u0131z. Ama birilerinin girdikleri bu \u00e7irkin oyunlar nedeniyle milletin \u00f6n\u00fcne \u00e7\u0131kmaya y\u00fcz\u00fc olmayacak.&#8221;<\/p>\n<p style=\"text-align: justify;\"><a href=\"http:\/\/www.cnnturk.com\/2011\/turkiye\/05\/18\/ayaga.kalkmayan.korgeneral.yerini.buldu\/617126.0\/index.html\" target=\"_blank\">Kaynak : CNN T\u00dcRK<\/a><\/p>\n","protected":false},"excerpt":{"rendered":"<p style=\"text-align: justify;\">\n<p style=\"text-align: justify;\">Ba\u015fbakan Recep Tayyip Erdo\u011fan, &#8220;Bir \u00fclkenin Ba\u015fbakan\u0131, soruyorum sizlere anma t\u00f6renine gider de bir korgeneral orada aya\u011fa kalmaz m\u0131? Kalkmas\u0131 gerekir, kalmad\u0131\u011f\u0131 anda da bedelini \u00f6der. O ayr\u0131 mesele. Zaten bedelini de \u00f6dedi. \u015eimdi bak\u0131yorsunuz gidece\u011fi yeri o da buldu&#8221; dedi. Erdo\u011fan&#8217;\u0131n s\u00f6z\u00fcn\u00fc etti\u011fi korgeneralin Ergenekon davas\u0131nda tutuklanan Engin Alan <\/p>\n","protected":false},"author":1,"featured_media":0,"comment_status":"open","ping_status":"closed","sticky":false,"template":"","format":"standard","meta":{"footnotes":""},"categories":[105],"tags":[],"class_list":["post-32947","post","type-post","status-publish","format-standard","hentry","category-gundem","odd"],"_links":{"self":[{"href":"http:\/\/www.korhanyilmaz.com\/index.php?rest_route=\/wp\/v2\/posts\/32947","targetHints":{"allow":["GET"]}}],"collection":[{"href":"http:\/\/www.korhanyilmaz.com\/index.php?rest_route=\/wp\/v2\/posts"}],"about":[{"href":"http:\/\/www.korhanyilmaz.com\/index.php?rest_route=\/wp\/v2\/types\/post"}],"author":[{"embeddable":true,"href":"http:\/\/www.korhanyilmaz.com\/index.php?rest_route=\/wp\/v2\/users\/1"}],"replies":[{"embeddable":true,"href":"http:\/\/www.korhanyilmaz.com\/index.php?rest_route=%2Fwp%2Fv2%2Fcomments&post=32947"}],"version-history":[{"count":0,"href":"http:\/\/www.korhanyilmaz.com\/index.php?rest_route=\/wp\/v2\/posts\/32947\/revisions"}],"wp:attachment":[{"href":"http:\/\/www.korhanyilmaz.com\/index.php?rest_route=%2Fwp%2Fv2%2Fmedia&parent=32947"}],"wp:term":[{"taxonomy":"category","embeddable":true,"href":"http:\/\/www.korhanyilmaz.com\/index.php?rest_route=%2Fwp%2Fv2%2Fcategories&post=32947"},{"taxonomy":"post_tag","embeddable":true,"href":"http:\/\/www.korhanyilmaz.com\/index.php?rest_route=%2Fwp%2Fv2%2Ftags&post=32947"}],"curies":[{"name":"wp","href":"https:\/\/api.w.org\/{rel}","templated":true}]}}