{"id":32937,"date":"2011-05-18T08:12:43","date_gmt":"2011-05-18T05:12:43","guid":{"rendered":"http:\/\/www.korhanyilmaz.com\/?p=32937"},"modified":"2011-05-18T08:12:43","modified_gmt":"2011-05-18T05:12:43","slug":"chpye-oy-verebilirim-diyen-akplilerin-sayisi-artti","status":"publish","type":"post","link":"http:\/\/www.korhanyilmaz.com\/?p=32937","title":{"rendered":"CHP&#8217;ye oy verebilirim diyen AKP&#8217;lilerin say\u0131s\u0131 artt\u0131"},"content":{"rendered":"<p style=\"text-align: justify;\"><a href=\"http:\/\/www.korhanyilmaz.com\/wp-content\/uploads\/2011\/05\/2241.jpg\"  class=\"lightview\"><img loading=\"lazy\" decoding=\"async\" class=\"aligncenter size-full wp-image-32941\" src=\"http:\/\/www.korhanyilmaz.com\/wp-content\/uploads\/2011\/05\/2241.jpg\" alt=\"\" width=\"420\" height=\"210\" \/><\/a><\/p>\n<p style=\"text-align: justify;\">Bu se\u00e7imlerde kutupla\u015fman\u0131n eskisi gibi olmad\u0131\u011f\u0131n\u0131 g\u00f6rece\u011fiz. Se\u00e7men normalle\u015fiyor. T\u00fcrkiye\u2019de 2007 ve \u00f6ncesinde yap\u0131lan ara\u015ft\u0131rmalarda, \u201cBug\u00fcn se\u00e7im olsa oyumu AKP\u2019ye verece\u011fim\u201d diyen se\u00e7menin yakla\u015f\u0131k y\u00fczde 65\u2019i, \u201cA\u011fz\u0131yla ku\u015f tutsa CHP\u2019ye oy vermem\u201d diyordu. Halbuki bug\u00fcn geldi\u011fimiz noktada bu oran y\u00fczde 45\u2019e d\u00fc\u015fm\u00fc\u015f durumda&#8230; <!--more--><\/p>\n<div id=\"attachment_32942\" style=\"width: 112px\" class=\"wp-caption alignleft\"><img loading=\"lazy\" decoding=\"async\" aria-describedby=\"caption-attachment-32942\" class=\"size-full wp-image-32942\" style=\"margin-left: 10px; margin-right: 10px;\" src=\"http:\/\/www.korhanyilmaz.com\/wp-content\/uploads\/2011\/05\/223.jpg\" alt=\"\" width=\"102\" height=\"102\" \/><p id=\"caption-attachment-32942\" class=\"wp-caption-text\">Mine \u015eenocakl\u0131<\/p><\/div>\n<p style=\"text-align: justify;\">Evet. \u0130ki taraf\u0131n se\u00e7meni de normalle\u015fecek. Dedi\u011fim gibi CHP Orta Anadolu, Karadeniz, Do\u011fu ve G\u00fcneydo\u011fu Anadolu\u2019da ge\u00e7mi\u015fte kayda de\u011fer oy alamad\u0131\u011f\u0131 illerde ciddi manada oylar alacak, milletvekili \u00e7\u0131karacak, bunun yan\u0131nda AK Parti de Akdeniz\u2019de, Ege\u2019de, Bat\u0131 sahillerinde baz\u0131 yerlerde oyunu art\u0131racak. Ben \u00f6zellikle AKP ile CHP aras\u0131ndaki parti ge\u00e7i\u015flili\u011finin eskiye nazaran daha fazla olabilece\u011fini, bir \u015fekilde de se\u00e7menin normalle\u015fece\u011fini d\u00fc\u015f\u00fcn\u00fcyorum.<\/p>\n<p style=\"text-align: justify;\"><strong>* B\u00f6yle d\u00fc\u015f\u00fcnmenizin nedeni ne peki?<\/strong><\/p>\n<p style=\"text-align: justify;\">Bunu anlamak i\u00e7in ara\u015ft\u0131rmac\u0131 ya da kahin olmaya gerek yok. T\u00fcrkiye\u2019de yak\u0131n zamanda yap\u0131lan se\u00e7imlere bakt\u0131\u011f\u0131m\u0131zda asker, darbe, t\u00fcrban ve ideoloji ekseninde se\u00e7ime gidiliyordu. Liderlerin meydanlardaki sert ve olumsuz \u00fcslubuna ra\u011fmen, bu se\u00e7im atmosferinin daha \u00e7ok T\u00fcrkiye\u2019nin temel meseleleri ve partilerin bu konudaki \u00e7\u00f6z\u00fcm \u00f6nerileri \u00fczerinde y\u00fcr\u00fcd\u00fc\u011f\u00fcn\u00fc se\u00e7menin do\u011fru okuyarak, bu \u015fekilde bir farkl\u0131la\u015fma ya\u015fayabilece\u011fini d\u00fc\u015f\u00fcn\u00fcyorum ve bunu ara\u015ft\u0131rmalar\u0131mda da g\u00f6r\u00fcyorum.<\/p>\n<p style=\"text-align: justify;\"><strong>* Peki ne kadar oy yer de\u011fi\u015ftirebilir AKP ve CHP aras\u0131nda?<\/strong><\/p>\n<p style=\"text-align: justify;\">Bu s\u00f6zlerim, \u201cEfendim bu AKP\u2019lilerin \u015fu kadar\u0131 CHP\u2019ye, CHP\u2019lilerden \u015fu kadar\u0131 AKP\u2019ye oy verecek\u201d anlam\u0131na gelmiyor. Ama bizim 2007 genel veya 2009 yerel se\u00e7imlerinde \u2018Di\u011fer\u2019 dedi\u011fimiz \u00f6nemli partiler vard\u0131. 2007\u2019de Demokrat Parti y\u00fczde 5.4, Gen\u00e7 Parti y\u00fczde 3, Saadet Partisi de y\u00fczde 2.3 oy ald\u0131. 2009 yerel se\u00e7imlerinde ise Saadet Partisi y\u00fczde 5.2, DP y\u00fczde 3.7, DSP y\u00fczde 2.8 oy ald\u0131. \u0130\u015fte bu k\u00fc\u00e7\u00fck partiler de son y\u0131llarda zaten b\u00fcy\u00fck partiler etraf\u0131nda birle\u015fti. S\u00f6ylemeye \u00e7al\u0131\u015ft\u0131\u011f\u0131m \u015fey \u015fu; partiler aras\u0131nda yer de\u011fi\u015ftirenler bu \u201cDi\u011fer\u201d partilerden gelenler mi acaba, yoksa 2007\u2019de, 2002\u2019de oy verenler mi bunu ay\u0131rt etmek elbette \u00e7ok zor. Ama a\u00e7\u0131k olarak \u015funu s\u00f6yl\u00fcyorum; T\u00fcrkiye\u2019de 2007 ve \u00f6ncesinde yapt\u0131\u011f\u0131m\u0131z ara\u015ft\u0131rmalarda \u201cBug\u00fcn se\u00e7im olsa oyumu AKP\u2019ye verece\u011fim\u201d diyen se\u00e7menin yakla\u015f\u0131k y\u00fczde 65\u2019i \u201cA\u011fz\u0131yla ku\u015f tutsa CHP\u2019ye oy vermem\u201d diyordu. Halbuki geldi\u011fimiz noktada bu oran y\u00fczde 45\u2019e d\u00fc\u015fm\u00fc\u015f durumda.<\/p>\n<p style=\"text-align: justify;\">Yine se\u00e7menlere \u201cDiyelim ki oy verece\u011finiz partiden herhangi bir nedenle vazge\u00e7tiniz. \u0130kinci tercihiniz hangi parti olur?\u201d diye sordu\u011fumuzda, 2007 ve \u00f6ncesinde AKP\u2019li se\u00e7menin y\u00fczde 5\u2019inden daha a\u015fa\u011f\u0131da bir k\u0131sm\u0131 ikinci tercih olarak CHP derken, bug\u00fcn bu oran y\u00fczde 10\u2019lara \u00e7\u0131km\u0131\u015f durumda. Bu \u015funu g\u00f6steriyor; oy verir vermez benim \u00fczerinde \u0131srarla s\u00f6ylemeye \u00e7al\u0131\u015ft\u0131\u011f\u0131m c\u00fcmle \u015fu, siyasi partilerin bu se\u00e7im d\u00f6nemindeki T\u00fcrkiye\u2019nin temel meseleleri ile ilgili projeleri, vaatleri ve \u00e7\u00f6z\u00fcm \u00f6nerileri se\u00e7men \u00fczerinde etkili olacak.<\/p>\n<p style=\"text-align: justify;\"><strong>* \u00d6yleyse hangisi daha etkili olacak se\u00e7men \u00fczerinde? AKP\u2019nin Kanal \u0130stanbul projesi mi, yoksa CHP\u2019nin aile sigortas\u0131 m\u0131?<\/strong><\/p>\n<p style=\"text-align: justify;\">CHP\u2019nin aile sigortas\u0131 projesinin, ta\u015feronlu\u011fa son verece\u011fiz projesinin, bedelli askerlik projesinin ve emeklilerle ilgili projesinin se\u00e7meni etkilememesi m\u00fcmk\u00fcn de\u011fil. Benim y\u0131llard\u0131r savundu\u011fum tez ve ara\u015ft\u0131rmalarda g\u00f6rd\u00fc\u011f\u00fcm, bu \u00fclkede se\u00e7menin \u00e7o\u011fu parti tercihi karar\u0131n\u0131 ideolojik nedenlerle de\u011fil, g\u00fcnl\u00fck ya\u015fam\u0131na bakarak veriyor. Mesela herkes, \u201c2007 se\u00e7imlerinde Anayasa Mahkemesi\u2019nin 367 veya askerin 28 Nisan e-muht\u0131ras\u0131 nedeniyle AKP y\u00fczde 46.5 oy ald\u0131\u201d dedi. Tabii ki bunlar\u0131n hi\u00e7 etkisinin olmad\u0131\u011f\u0131 anlam\u0131na gelmiyor bu ama ben se\u00e7im d\u00f6neminde ve sonras\u0131nda yapt\u0131\u011f\u0131m ara\u015ft\u0131rmalarda \u015funu g\u00f6rd\u00fcm, AKP\u2019nin oyu 2007\u2019nin Ocak, \u015eubat aylar\u0131nda da y\u00fczde 43-44\u2019lerdeydi zaten. Yani o ba\u015far\u0131n\u0131n temel nedeni ekonomi idi. Bunun ispat\u0131n\u0131 da matematik problemlerindeki \u00e7arpma, b\u00f6lme i\u015flemlerinin sa\u011flamas\u0131 gibi 2009 se\u00e7imlerinde g\u00f6rd\u00fck. Say\u0131n Ba\u015fbakan\u2019\u0131n sadece T\u00fcrkiye\u2019deki se\u00e7meni de\u011fil, t\u00fcm \u0130slam alemini heyecanland\u0131ran Davas\u2019taki \u2018One Minute\u2019 \u00e7\u0131k\u0131\u015f\u0131ndan sonra AKP\u2019nin oylar\u0131 y\u00fczde 50 k\u00fcsurlara \u00e7\u0131kt\u0131 ama sonra y\u00fczde 40\u2019\u0131n alt\u0131na d\u00fc\u015ft\u00fc.<\/p>\n<p style=\"text-align: justify;\"><strong>AKP SE\u00c7MEN\u0130\u2008DE\u2008\u2018\u0130KNA\u2008OLMADI\u2019\u2008AMA\u2008YGS\u2008OYA\u2008YANSIMADI <\/strong><\/p>\n<p style=\"text-align: justify;\"><strong>* Bunun nedeni neydi?<\/strong><\/p>\n<p style=\"text-align: justify;\">D\u00fcnyay\u0131 kas\u0131p kavuran ama Ba\u015fbakan\u2019\u0131n T\u00fcrkiye\u2019yi te\u011fet ge\u00e7ti dedi\u011fi krizin se\u00e7meni te\u011fet ge\u00e7medi\u011fi anla\u015f\u0131l\u0131yor. Nedeni buydu. Oradan yola \u00e7\u0131karak \u015funu s\u00f6yleyebiliriz, ge\u00e7mi\u015fte de se\u00e7men ideolojik nedenlerle oy kullanm\u0131yordu. Ama ekonomiye bakarak karar verenlerin yan\u0131nda tak\u0131m tutar gibi parti tutanlar vard\u0131. Bunun temel nedeni de siyasi partilerin y\u00fcr\u00fctt\u00fc\u011f\u00fc se\u00e7im kampanyalar\u0131yd\u0131. Nitekim 2002 ve \u00f6zellikle 2007 se\u00e7imlerinde g\u00f6rd\u00fck; T\u00fcrkiye tamamen ideolojik eksende bir se\u00e7im kampanyas\u0131 y\u00fcr\u00fctt\u00fc. Ama bu se\u00e7imde T\u00fcrkiye\u2019nin sorunlar\u0131 konu\u015fuluyor. O nedenle siyasi partiler aras\u0131ndaki bu sert s\u00f6yleme ra\u011fmen se\u00e7men baz\u0131ndaki kutupla\u015fma eskisi kadar olmayacak.<\/p>\n<p style=\"text-align: justify;\"><strong>* Ama YGS\u2019de kutupla\u015fman\u0131n iyice belirginle\u015fti\u011fini g\u00f6rd\u00fck&#8230;<\/strong><\/p>\n<p style=\"text-align: justify;\">Kutupla\u015fma de\u011fil. \u0130nsanlar bu konuya parti aidiyeti ile cevap veriyor. Yapt\u0131\u011f\u0131m\u0131z ara\u015ft\u0131rmalarda, iki kere sorduk YGS meselesini. Halk\u0131n y\u00fczde 70\u2019ine yak\u0131n\u0131, \u201cBen ikna olmad\u0131m\u201d, moda tabir ile \u201cTatmin olmad\u0131m\u201d diyor. AKP se\u00e7meninin ise y\u00fczde 41\u2019i \u201c\u0130kna olmad\u0131m\u201d, y\u00fczde 32-33\u2019\u00fc \u201c\u0130kna oldum\u201d, y\u00fczde 30\u2019u ise \u201cFikrim yok\u201d diyor. Yani AKP se\u00e7meni de bu YGS meselesinde y\u00fcksek oranda tatmin olmad\u0131.<\/p>\n<p style=\"text-align: justify;\"><strong>* Peki oya yans\u0131d\u0131 m\u0131 bu?<\/strong><\/p>\n<p style=\"text-align: justify;\">Hay\u0131r yans\u0131mad\u0131.<\/p>\n<p style=\"text-align: justify;\"><strong>* Sizce neden? Sonu\u00e7ta 1.7 milyon \u00f6\u011frenci ve ailesini ilgilendiren bir mesele bu&#8230;<\/strong><\/p>\n<p style=\"text-align: justify;\">Buna benden daha \u00e7ok sosyologlar\u0131n, siyasi partilerin kampanyalar\u0131n\u0131 y\u00fcr\u00fcten ileti\u015fimcilerin, stratejistlerin kafa yormas\u0131 ve bununla ilgili politikalar geli\u015ftirmesi laz\u0131m. Ben diyorum ki, halk\u0131n y\u00fczde 70\u2019i ikna olmad\u0131 \u015fifre iddialar\u0131nda. AKP se\u00e7meni i\u00e7indeki b\u00fcy\u00fck bir kesim de ikna olmad\u0131\u011f\u0131n\u0131 s\u00f6yl\u00fcyor. Ama bu oya yans\u0131m\u0131yor. Yaln\u0131z se\u00e7imlere daha \u00fc\u00e7 hafta var. T\u00fcrkiye\u2019deki her 10 se\u00e7menden birisini yak\u0131ndan, direkt ilgilendiren bir meselenin oya yans\u0131mamas\u0131n\u0131n imkan\u0131 yok gibi g\u00f6r\u00fcn\u00fcyor. Ama bug\u00fcne kadar yans\u0131mad\u0131. \u00c7\u00fcnk\u00fc biraz da YSK\u2019n\u0131n BDP\u2019li adaylarla ilgili karar\u0131, daha sonra da MHP\u2019nin kasetleri kamuoyunun g\u00fcndemini olu\u015fturmada YGS\u2019nin \u00f6n\u00fcne ge\u00e7ti.<\/p>\n<p style=\"text-align: justify;\">K\u00fc\u00e7\u00fck partilerin se\u00e7menleri b\u00fcy\u00fck partilerin etraf\u0131nda birle\u015fiyor<\/p>\n<p style=\"text-align: justify;\"><strong>* Yap\u0131lan ara\u015ft\u0131rma sonu\u00e7lar\u0131na bakt\u0131\u011f\u0131m\u0131zda AKP neredeyse yine 2007 seviyesinde, y\u00fczde 47\u2019lerde&#8230; Bunu neye ba\u011fl\u0131yorsunuz?<\/strong><\/p>\n<p style=\"text-align: justify;\">Herkes zannediyor ki bu \u00fclkede bu kadar olay oluyor, parti tercihleri hi\u00e7 de\u011fi\u015fmiyor. De\u011fi\u015fmiyor mu? Halbuki partilerin oy oranlar\u0131 ayn\u0131 olsa bile se\u00e7menin \u00f6nemli bir b\u00f6l\u00fcm\u00fc iki se\u00e7im aras\u0131nda yer de\u011fi\u015ftiriyor. Bu \u015fu anlama geliyor; diyelim ki bu se\u00e7imde AKP y\u00fczde 47 oy alsa, bu y\u00fczde 47\u2019yi verenler, 2007\u2019de AKP\u2019ye y\u00fczde 47 oy verenlerle ayn\u0131 ki\u015filer de\u011fil. \u0130deolojik eksenli partiler hari\u00e7&#8230; \u00c7\u00fcnk\u00fc, \u00f6rne\u011fin 2007\u2019de ve 2009\u2019da BDP\u2019ye oy veren se\u00e7menlerin y\u00fczde 90-95\u2019i bu se\u00e7imde yine BDP\u2019ye oy verecek. Ama AKP\u2019ye, CHP\u2019ye, MHP\u2019ye oy veren se\u00e7menlerin belki y\u00fczde 15-20\u2019si 2007\u2019ye g\u00f6re yer de\u011fi\u015ftirecek ve partiler birbirlerinden oy al\u0131p verecekler.<\/p>\n<p style=\"text-align: justify;\"><strong>* Bir de \u015fu \u00e7ok dillendiriliyor, deniyor ki Adil G\u00fcr\u2019\u00fcn ara\u015ft\u0131rmalar\u0131nda AKP 2007\u2019deki gibi, MHP 2007\u2019deki gibi, CHP\u2019de ise 2007\u2019nin \u00e7ok daha \u00fczerinde oy var, nas\u0131l oluyor bu? Yani di\u011fer partilerin oy oranlar\u0131 ayn\u0131 ise bir partinin oyu bu kadar belirgin bir \u015fekilde nas\u0131l artar diye soruluyor&#8230;<\/strong><\/p>\n<p style=\"text-align: justify;\">Biraz \u00f6nce s\u00f6yledi\u011fim gibi hem se\u00e7men 2007\u2019ye g\u00f6re ayn\u0131 se\u00e7men de\u011fil, ayn\u0131 partilere oy vermiyor hem de bu se\u00e7imin \u00e7ok ilgin\u00e7 bir sonucu daha olacak. T\u00fcrkiye\u2019de 1991\u2019den itibaren bakt\u0131\u011f\u0131m\u0131zda \u2018di\u011fer\u2019 dedi\u011fimiz baraj\u0131n alt\u0131nda kalan ve oy oranlar\u0131 y\u00fczde 5\u2019in alt\u0131nda olan partilerin oy toplamlar\u0131 y\u00fczde 10-15 aras\u0131nda ediyordu. Bu b\u00fcy\u00fck bir yek\u00fbn te\u015fkil ediyordu. Ama ben bu se\u00e7imde \u2018Di\u011fer\u2019 dedi\u011fimiz partilerin oy toplam\u0131n\u0131n ge\u00e7mi\u015f se\u00e7imlerin ancak yar\u0131s\u0131 kadar olaca\u011f\u0131n\u0131 d\u00fc\u015f\u00fcn\u00fcyorum. Bunun temel nedeni de \u015fu; se\u00e7men b\u00fcy\u00fck partiler etraf\u0131nda birle\u015fiyor. Tabii burada di\u011fer diye bahsetti\u011fimiz partilere haks\u0131zl\u0131k etmek istemem. Bu \u015fu anlama gelmiyor; efendim bu partiler T\u00fcrkiye\u2019nin sorunlar\u0131n\u0131 kavram\u0131yor, y\u00fczde 10\u2019un \u00fczerinde oy alan partilerin liderleri daha kaliteli, daha vas\u0131fl\u0131 oldu\u011fu i\u00e7in de\u011fil, sadece y\u00fczde 10 \u00fclke baraj\u0131 nedeniyle insanlar b\u00fcy\u00fck partilerin etraf\u0131nda birle\u015fiyor. Bu birle\u015fmenin \u00e7ok net \u015fekilde 12 Haziran ak\u015fam\u0131 g\u00f6r\u00fclece\u011fini zannediyorum.<\/p>\n<p style=\"text-align: justify;\">Marmara Gemisi bask\u0131n\u0131ndan sonra Milli G\u00f6r\u00fc\u015f oylar\u0131 AKP\u2019ye g\u00f6\u00e7 etti!<\/p>\n<p style=\"text-align: justify;\"><strong>* Bu se\u00e7imlerde Saadet Partisi ile HAS Parti\u2019nin durumu ne olur?<\/strong><\/p>\n<p style=\"text-align: justify;\">Dedi\u011fim gibi hem bu partilerin liderlerine hem de bu se\u00e7imdeki performanslar\u0131na, kampanyalar\u0131na haks\u0131zl\u0131k etmek ve g\u00f6lgelemek istemiyorum. Ama bu se\u00e7imde oyu y\u00fczde 5 ve alt\u0131nda olan partilerin \u00f6nemli oranda varl\u0131k g\u00f6stermeyece\u011fini \u00e7\u00fcnk\u00fc se\u00e7menlerin b\u00fcy\u00fck partiler etraf\u0131nda birle\u015fece\u011fini ara\u015ft\u0131rmalar\u0131mda g\u00f6r\u00fcyorum.<\/p>\n<p style=\"text-align: justify;\"><strong>* Numan Kurtulmu\u015f\u2019u Batman\u2019da \u00e7ok az insan kar\u015f\u0131lam\u0131\u015f. Oysa ge\u00e7en se\u00e7imlerde Saadet Partisi\u2019nin ba\u015f\u0131ndayken iyi oy alm\u0131\u015ft\u0131. Bunu neye ba\u011flamak laz\u0131m?<\/strong><\/p>\n<p style=\"text-align: justify;\">Bu bir g\u00f6sterge de\u011fil, belki de yerel bir problem vard\u0131r. Say\u0131n Numan Kurtulmu\u015f yap\u0131lan t\u00fcm ara\u015ft\u0131rmalar g\u00f6steriyor ki sayg\u0131yla kabul g\u00f6ren bir isim. Hatta \u201cAdam gibi adam\u201d yak\u0131\u015ft\u0131rmas\u0131 var \u015fahs\u0131 ile ilgili. O manada sadece Saadet Partisi taban\u0131nda de\u011fil, AKP taban\u0131nda da sempati ile kar\u015f\u0131lanan bir isim. Ama isim olarak sorguland\u0131\u011f\u0131nda sonu\u00e7 farkl\u0131 \u00e7\u0131k\u0131yor, parti olarak sorguland\u0131\u011f\u0131nda farkl\u0131&#8230; Ben bunu \u015f\u00f6yle okuyorum. Sanki kendisine Ba\u015fbakan\u2019dan sonras\u0131 i\u00e7in misyon bi\u00e7ilen bir isim olarak kamuoyunda alg\u0131 yerle\u015fmi\u015f gibi g\u00f6r\u00fcn\u00fcyor.<\/p>\n<p style=\"text-align: justify;\"><strong>* Peki ya Erbakan\u2019dan sonraki Saadet Partisi\u2019nin durumu ne sizce?<\/strong><\/p>\n<p style=\"text-align: justify;\">Saadet Partisi\u2019nin dinamik bir te\u015fkilat\u0131 vard\u0131. Saadet Partisi bir ilde \u00f6zellikle rahmetli Erbakan Hoca\u2019n\u0131n mitingine gitti\u011finde oyu y\u00fczde 15-20 olan bir partiden daha fazla kalabal\u0131klar\u0131 meydanlara topluyordu. \u00c7\u00fcnk\u00fc te\u015fkilat\u0131 iyi \u00e7al\u0131\u015f\u0131yordu. Tabii Saadet Partisi\u2019ndeki b\u00f6l\u00fcnme ile beraber g\u00fcc\u00fcn b\u00f6l\u00fcnd\u00fc\u011f\u00fcn\u00fc g\u00f6r\u00fcyoruz. Partinin i\u00e7inde iki kanat vard\u0131, \u2018Yenilik\u00e7iler\u2019 ve \u2018Gelenek\u00e7iler\u2019 diye. O manada bir g\u00fc\u00e7 b\u00f6l\u00fcnmesi oldu orada. Se\u00e7ime girerken Saadet Partisi bir tak\u0131m kat\u0131l\u0131mlarla g\u00fc\u00e7lenmek yerine kendi i\u00e7inde bir HAS Parti \u00e7\u0131kartmakla g\u00fcc\u00fcn\u00fc zay\u0131flatt\u0131.<\/p>\n<p style=\"text-align: justify;\"><strong>* O zaman Milli G\u00f6r\u00fc\u015f\u2019ten AKP\u2019ye kay\u0131\u015f olur mu?<\/strong><\/p>\n<p style=\"text-align: justify;\">\u201cDi\u011fer partiler\u201d dedi\u011fimiz Demokrat Parti\u2019nin, Saadet Partisi\u2019nin, Gen\u00e7 Parti\u2019nin, hatta DSP\u2019nin \u00f6nemli oranda g\u00fc\u00e7leri b\u00fcy\u00fck partiler etraf\u0131nda birle\u015fti. Hatta \u015funu bir k\u0131r\u0131lma noktas\u0131 olarak g\u00f6r\u00fcyorum ben. Marmara Gemisi\u2019ne \u0130srail\u2019in yapt\u0131\u011f\u0131 bask\u0131ndan sonra o muhafazak\u00e2r, Milli G\u00f6r\u00fc\u015f\u00e7\u00fc tabandan AKP\u2019ye do\u011fru bir g\u00f6\u00e7 s\u00f6z konusu oldu.<\/p>\n<p style=\"text-align: justify;\"><strong>* Ki t\u00fcm organizasyonu Saadet Partisi yapm\u0131\u015f olmas\u0131na ra\u011fmen!<\/strong><\/p>\n<p style=\"text-align: justify;\">Evet.<\/p>\n<p style=\"text-align: justify;\"><strong>BDP, EN\u2008AZ\u200828 M\u0130LLETVEK\u0130L\u0130\u2008\u00c7IKARIR <\/strong><\/p>\n<p style=\"text-align: justify;\"><strong>* Peki ya S\u0131rr\u0131 S\u00fcreyya \u00d6nder, Altan Tan, \u015eerafettin El\u00e7i, Leyla Zana gibi s\u00fcrpriz ve g\u00fc\u00e7l\u00fc adaylar\u0131n BDP\u2019ye etkisi ne olur?<\/strong><\/p>\n<p style=\"text-align: justify;\">BDP\u2019nin bu se\u00e7imde farkl\u0131 bir politikas\u0131 oldu\u011funu g\u00f6r\u00fcyoruz. Hem bir tak\u0131m sol adaylar\u0131 hem de hepsinden daha \u00f6nemlisi y\u0131llard\u0131r kendisine oy vermeyen muhafazak\u00e2r se\u00e7meni kazanmak i\u00e7in dindar adaylar\u0131 listelerine yerle\u015ftirdiler. Ben BDP\u2019nin Meclis\u2019e 28-32 aras\u0131nda milletvekili sokaca\u011f\u0131n\u0131 d\u00fc\u015f\u00fcn\u00fcyorum. Ba\u015f\u0131ndan beri bu noktaday\u0131m. Ama bu BDP oylar\u0131n\u0131n y\u00fczde 50-60 artt\u0131\u011f\u0131 anlam\u0131na gelmiyor. \u00c7\u00fcnk\u00fc moda tabirle BDP bu konuda \u00e7\u0131rakl\u0131ktan, ustal\u0131\u011fa ge\u00e7ti. Ba\u011f\u0131ms\u0131z adaylara oy vermeyi te\u015fvik ve organizasyonda deneyim kazand\u0131. Mesela, 2007\u2019de Diyarbak\u0131r\u2019da ald\u0131\u011f\u0131 oyla \u00e7ok daha fazla milletvekili kazanabilirdi.<\/p>\n<p style=\"text-align: justify;\">Y\u00fczde 5 karars\u0131z var, y\u00fczde 10 sand\u0131\u011fa gitmeyecek<\/p>\n<p style=\"text-align: justify;\"><strong>* CHP\u2019nin mi yoksa, AKP\u2019nin mi projelerinin etkili oldu\u011funu konu\u015fuyorduk&#8230;<\/strong><\/p>\n<p style=\"text-align: justify;\">CHP\u2019nin projeleri g\u00fcnl\u00fck ekonomik s\u0131k\u0131nt\u0131lar\u0131 olan insanlar\u0131n \u00f6nemli bir b\u00f6l\u00fcm\u00fcn\u00fc yak\u0131ndan ilgilendiriyor. AKP\u2019nin ise g\u00fcnl\u00fck ya\u015fama dair \u00e7ok fazla bir vaadi yok, \u00e7\u00fcnk\u00fc iktidardalar, zaten icraatlar\u0131 var. 2023 vizyonu ve Kanal \u0130stanbul projesi ise T\u00fcrkiye\u2019de orta ve \u00fcst gelir ve e\u011fitim grubunda olan insanlara hitap ediyor. Bu projelerle halktaki, \u201cAKP T\u00fcrkiye\u2019nin 15-20 y\u0131l sonras\u0131n\u0131 planl\u0131yor. Yenilik\u00e7i ve vizyon sahibi bir parti\u201d alg\u0131s\u0131 g\u00fc\u00e7leniyor.<\/p>\n<p style=\"text-align: justify;\"><strong>* AKP\u2019nin projeleri orta ve \u00fcst gelir seviyesindeki se\u00e7mene hitap ediyor dediniz&#8230;<\/strong><\/p>\n<p style=\"text-align: justify;\">Evet. Oysa T\u00fcrkiye\u2019de se\u00e7menin b\u00fcy\u00fck \u00e7o\u011funlu\u011funun durumu ba\u015fka. Ak\u015fam evine ekmek g\u00f6t\u00fcrmekle, yar\u0131n ev kiras\u0131n\u0131, kredi kart\u0131n\u0131n borcunu \u00f6demekle ilgili s\u0131k\u0131nt\u0131lar\u0131 olan bir adam\u0131n 10-20 y\u0131l sonras\u0131n\u0131 d\u00fc\u015f\u00fcnmeye ne mecali ne vakti var. Dolay\u0131s\u0131yla bu yoksul insanlar, bizim toplumumuzun b\u00fcy\u00fck bir b\u00f6l\u00fcm\u00fcn\u00fc d\u00fc\u015f\u00fcnd\u00fc\u011f\u00fcm\u00fczde g\u00fcn\u00fcbirlik ya\u015fayan, yani uzun vadeli planlar yapan insanlar de\u011fil, yapmas\u0131n\u0131 da bekleyemezsiniz.<\/p>\n<p style=\"text-align: justify;\"><strong>* Onlar i\u00e7in de umut de\u011fil midir bu projeler peki?<\/strong><\/p>\n<p style=\"text-align: justify;\">Umuttur. Ama orta ve \u00fcst e\u011fitim ve gelir grubunda olan insanlar\u0131n hem iktidarlardan hem yerel y\u00f6netimlerden beklentileri de farkl\u0131la\u015f\u0131r. Biz T\u00fcrkiye\u2019de belediyeler ile ilgili pek \u00e7ok ara\u015ft\u0131rma yap\u0131yoruz. Yoksul bir semtte yapt\u0131\u011f\u0131m\u0131z ara\u015ft\u0131rmada belediyeden beklenen \u00f6ncelikli hizmet nedir diye soruyoruz? \u00c7\u00f6p, kanalizasyon, kald\u0131r\u0131m, yol, altyap\u0131. Orta ve \u00fcst gelir grubunun ya\u015fad\u0131\u011f\u0131 bu tip meselelerini halletmi\u015f belediyelerde yapt\u0131\u011f\u0131m\u0131z ara\u015ft\u0131rmalarda ise ayn\u0131 soruya yan\u0131t \u00e7ok farkl\u0131 oluyor. Sosyal faaliyetler, spor alanlar\u0131, ko\u015fu ve y\u00fcr\u00fcy\u00fc\u015f yollar\u0131, k\u00fclt\u00fcr ve sanat faaliyetleri&#8230;<\/p>\n<p style=\"text-align: justify;\"><strong>* Peki aile sigortas\u0131 CHP\u2019ye, Kanal \u0130stanbul projesi AKP\u2019ye ka\u00e7 puan getirir diye sorsam&#8230;<\/strong><\/p>\n<p style=\"text-align: justify;\">Tabii bunu \u00f6l\u00e7mek \u00e7ok zor. Ama net olarak \u015funu s\u00f6yleyebilirim; hangi proje olursa olsun, 3 g\u00fcn i\u00e7inde bir partiye ne y\u00fczde 5 oy getirir ne y\u00fczde 5 oy g\u00f6t\u00fcr\u00fcr. \u00c7\u00fcnk\u00fc bu se\u00e7men davran\u0131\u015flar\u0131 dedi\u011fimiz \u015fey borsa endeksi gibi g\u00fcnl\u00fck 3 bin puan y\u00fckselip 5 bin puan d\u00fc\u015fen bir \u015fey de\u011fildir. 1995\u2019den bu yana ara\u015ft\u0131rma yap\u0131yorum. Bir aydan bir aya partilerin oy oranlar\u0131 yar\u0131m puan, 1 puan ileri geri gider. Bu da ger\u00e7ekten bir olaydan dolay\u0131 m\u0131 olmu\u015ftur, yoksa bu ara\u015ft\u0131rmalar\u0131n zaten y\u00fczde 1-1,5 hata pay\u0131 vard\u0131r, asl\u0131nda bir \u015fey de\u011fi\u015fmemi\u015ftir de hata s\u0131n\u0131rlar\u0131 i\u00e7erisinde midir bu oran belli de\u011fildir. Onun i\u00e7in \u00e7ok \u015fey de\u011fi\u015fmez. \u00c7ok ola\u011fan\u00fcst\u00fc bir \u015fey olmad\u0131\u011f\u0131 takdirde tabii&#8230;<\/p>\n<p style=\"text-align: justify;\"><strong>* Mesela?<\/strong><\/p>\n<p style=\"text-align: justify;\">Genel ba\u015fkan de\u011fi\u015fir, bir partinin d\u00fcnya g\u00f6r\u00fc\u015f\u00fcnde, s\u00f6yleminde ani bir de\u011fi\u015fiklik olur. \u00d6rne\u011fin Say\u0131n K\u0131l\u0131\u00e7daro\u011flu geldi\u011finde CHP\u2019nin oylar\u0131 y\u00fczde 23-24 band\u0131ndan bir anda 30\u2019lar\u0131n \u00fczerine \u00e7\u0131kt\u0131. Ama normal \u015fartlarda bak\u0131yorsunuz se\u00e7im d\u00f6neminde sadece T\u00fcrkiye\u2019de de\u011fil, d\u00fcnyan\u0131n halkla ili\u015fkileri, stratejiyi, ileti\u015fimi iyi y\u00f6neten geli\u015fmi\u015f \u00fclkelerinde bile t\u00fcm kampanyalar y\u00fczde 10\u2019u etkilemek i\u00e7in yap\u0131l\u0131yor. Y\u00fczde 90\u2019\u0131n karar\u0131 de\u011fi\u015fmez zaten.<\/p>\n<p style=\"text-align: justify;\"><strong>* Bu y\u00fczde 10 da \u00e7ok \u00f6nemli ama&#8230; Kimdir onlar?<\/strong><\/p>\n<p style=\"text-align: justify;\">Evet. Ger\u00e7ekten de bu y\u00fczde 10 \u00e7ok \u00f6nemli. \u00c7\u00fcnk\u00fc bir partiden y\u00fczde 3 oy ald\u0131\u011f\u0131n\u0131zda, bu 6 puanl\u0131k de\u011fi\u015fikli\u011fe yol a\u00e7ar. Bu o manada \u00f6nemlidir. \u015euna gelmek istiyorum; CHP\u2019nin veya di\u011fer partilerin bu se\u00e7im d\u00f6nemlerindeki vaatlerinin, projelerinin \u00f6nemli oldu\u011funu, bu se\u00e7imlerde etkisi oldu\u011funu izah etmeye \u00e7al\u0131\u015ft\u0131m. Bu se\u00e7imde partileraras\u0131 oy kaymalar\u0131nda bunu net g\u00f6rece\u011fiz. Ama \u015fu olmayacakt\u0131r, bir partinin taban\u0131 20-30 puan blok halinde ba\u015fka bir yere gitmez. Gitmesini beklemek de hayalcilik olur&#8230; \u00c7\u00fcnk\u00fc se\u00e7men davran\u0131\u015f\u0131 dedi\u011fimiz \u015fey bir-iki g\u00fcnde aniden de\u011fi\u015fmez.<\/p>\n<p style=\"text-align: justify;\"><strong>* Peki bu se\u00e7imde karars\u0131zlar\u0131n oran\u0131 ne?<\/strong><\/p>\n<p style=\"text-align: justify;\">Halen yap\u0131lan ara\u015ft\u0131rmalar g\u00f6steriyor ki T\u00fcrkiye\u2019de y\u00fczde 15 civar\u0131nda \u201cKarars\u0131z\u0131m, sand\u0131\u011fa gitmeyece\u011fim, bo\u015f oy verece\u011fim\u201d diyen bir se\u00e7men var. Bence siyasi partilerin 12 Haziran ak\u015fam\u0131nda alaca\u011f\u0131 oy oranlar\u0131n\u0131 se\u00e7ime kat\u0131l\u0131m da belirleyecek. \u00c7\u00fcnk\u00fc anketler toplumun y\u00fczde 100\u2019\u00fc \u00fczerinde yap\u0131l\u0131yor. Halbuki sand\u0131\u011fa gidenlerin oran\u0131ndaki ge\u00e7erli oylar \u00fczerinden sonu\u00e7lar hesaplan\u0131yor.<\/p>\n<p style=\"text-align: justify;\"><strong>* Peki bu y\u00fczde 15 niye karars\u0131z?<\/strong><\/p>\n<p style=\"text-align: justify;\">Bunlar\u0131n y\u00fczde 4-5\u2019i ger\u00e7ek karars\u0131z. Y\u00fczde 10\u2019u ger\u00e7ekten sand\u0131\u011fa gitmeyecek insanlar. Siyasete ilgisi yok adam\u0131n. Siyaset\u00e7iye g\u00fcveni yok. Hi\u00e7bir partiye ilgi duymuyor. Veya \u201cHi\u00e7birinin di\u011ferinden fark\u0131 yok. Ahmet olmu\u015f, Mehmet olmu\u015f benim i\u00e7in fark etmiyor\u201d diyor. Bu y\u00fczde 4-5 dedi\u011fim karars\u0131zlar\u0131n hangi y\u00f6nde hareket edece\u011fini son 1 hafta i\u00e7inde daha net g\u00f6rece\u011fiz. Bug\u00fcn i\u00e7in biz ara\u015ft\u0131rmac\u0131lar onlar\u0131 e\u015fit olarak di\u011fer partilere da\u011f\u0131t\u0131yoruz.<\/p>\n<p style=\"text-align: justify;\"><a href=\"http:\/\/haber.gazetevatan.com\/Haber\/378026\/1\/Gundem\" target=\"_blank\">Kaynak : Mine \u015eenocakl\u0131 &#8211; VATAN Gazetesi<\/a><\/p>\n","protected":false},"excerpt":{"rendered":"<p style=\"text-align: justify;\">\n<p style=\"text-align: justify;\">Bu se\u00e7imlerde kutupla\u015fman\u0131n eskisi gibi olmad\u0131\u011f\u0131n\u0131 g\u00f6rece\u011fiz. Se\u00e7men normalle\u015fiyor. T\u00fcrkiye\u2019de 2007 ve \u00f6ncesinde yap\u0131lan ara\u015ft\u0131rmalarda, \u201cBug\u00fcn se\u00e7im olsa oyumu AKP\u2019ye verece\u011fim\u201d diyen se\u00e7menin yakla\u015f\u0131k y\u00fczde 65\u2019i, \u201cA\u011fz\u0131yla ku\u015f tutsa CHP\u2019ye oy vermem\u201d diyordu. Halbuki bug\u00fcn geldi\u011fimiz noktada bu oran y\u00fczde 45\u2019e d\u00fc\u015fm\u00fc\u015f durumda&#8230; <\/p>\n","protected":false},"author":1,"featured_media":0,"comment_status":"open","ping_status":"closed","sticky":false,"template":"","format":"standard","meta":{"footnotes":""},"categories":[105],"tags":[],"class_list":["post-32937","post","type-post","status-publish","format-standard","hentry","category-gundem","odd"],"_links":{"self":[{"href":"http:\/\/www.korhanyilmaz.com\/index.php?rest_route=\/wp\/v2\/posts\/32937","targetHints":{"allow":["GET"]}}],"collection":[{"href":"http:\/\/www.korhanyilmaz.com\/index.php?rest_route=\/wp\/v2\/posts"}],"about":[{"href":"http:\/\/www.korhanyilmaz.com\/index.php?rest_route=\/wp\/v2\/types\/post"}],"author":[{"embeddable":true,"href":"http:\/\/www.korhanyilmaz.com\/index.php?rest_route=\/wp\/v2\/users\/1"}],"replies":[{"embeddable":true,"href":"http:\/\/www.korhanyilmaz.com\/index.php?rest_route=%2Fwp%2Fv2%2Fcomments&post=32937"}],"version-history":[{"count":0,"href":"http:\/\/www.korhanyilmaz.com\/index.php?rest_route=\/wp\/v2\/posts\/32937\/revisions"}],"wp:attachment":[{"href":"http:\/\/www.korhanyilmaz.com\/index.php?rest_route=%2Fwp%2Fv2%2Fmedia&parent=32937"}],"wp:term":[{"taxonomy":"category","embeddable":true,"href":"http:\/\/www.korhanyilmaz.com\/index.php?rest_route=%2Fwp%2Fv2%2Fcategories&post=32937"},{"taxonomy":"post_tag","embeddable":true,"href":"http:\/\/www.korhanyilmaz.com\/index.php?rest_route=%2Fwp%2Fv2%2Ftags&post=32937"}],"curies":[{"name":"wp","href":"https:\/\/api.w.org\/{rel}","templated":true}]}}