{"id":32933,"date":"2011-05-18T09:26:42","date_gmt":"2011-05-18T06:26:42","guid":{"rendered":"http:\/\/www.korhanyilmaz.com\/?p=32933"},"modified":"2011-05-18T09:26:42","modified_gmt":"2011-05-18T06:26:42","slug":"ambulans-soforunun-tavri-yuh-dedirtti","status":"publish","type":"post","link":"http:\/\/www.korhanyilmaz.com\/?p=32933","title":{"rendered":"Ambulans \u015fof\u00f6r\u00fcn\u00fcn tavr\u0131 yuh dedirtti!"},"content":{"rendered":"<p style=\"text-align: center;\"><a href=\"http:\/\/www.korhanyilmaz.com\/wp-content\/uploads\/2011\/05\/222.jpg\"  class=\"lightview\"><img loading=\"lazy\" decoding=\"async\" class=\"aligncenter size-full wp-image-32934\" src=\"http:\/\/www.korhanyilmaz.com\/wp-content\/uploads\/2011\/05\/222.jpg\" alt=\"\" width=\"420\" height=\"210\" \/><\/a><\/p>\n<p style=\"text-align: justify;\">Devlet Bakan\u0131 ve Ba\u015fbakan Yard\u0131mc\u0131s\u0131 B\u00fclent Ar\u0131n\u00e7 \u0130znik\u2019in ard\u0131ndan Orhaniye K\u00f6y\u00fc\u2019nde sulama pompa istasyonu a\u00e7t\u0131.<\/p>\n<p style=\"text-align: justify;\">\u0130stasyonun a\u00e7\u0131l\u0131\u015f\u0131n\u0131n ard\u0131ndan aniden fenala\u015fan 55 ya\u015f\u0131ndaki Necmi Uslu yak\u0131nlar\u0131 taraf\u0131ndan Ar\u0131n\u00e7\u2019\u0131n konvoyunda bulunan ambulansla hastaneye kald\u0131r\u0131lmak istendi. Ancak 16 RJ 696 plakal\u0131 112 Acil Servis ambulans\u0131n\u0131n s\u00fcr\u00fcc\u00fcs\u00fc &#8220;Ben Ba\u015fbakan Yard\u0131mc\u0131s\u0131n\u0131n konvoyunday\u0131m. Hastay\u0131 alamam. Yeni\u015fehir\u2019den ambulans gelecek&#8221; dedi. Bunun \u00fczerine vatanda\u015flar ve o\u011flu Erg\u00fcn Uslu olaya tepki g\u00f6stererek, &#8220;Babam \u00f6l\u00fcyor. Bir an \u00f6nce hasteneye gitmesi gerekiyor&#8221; diye \u00e7\u0131k\u0131\u015ft\u0131. Olay\u0131 gazetecilerin g\u00f6r\u00fcnt\u00fclemesi \u00fczerine ambulans s\u00fcr\u00fcc\u00fcs\u00fc hastay\u0131 alarak \u0130znik Devlet Hastanesi\u2019ne g\u00f6t\u00fcrd\u00fc. <!--more--><\/p>\n<p style=\"text-align: justify;\"><strong>AMBULANS \u015eOF\u00d6R\u00dcN\u00dcN TAVRI YUH DED\u0130RTT\u0130!<\/strong><\/p>\n<p style=\"text-align: justify;\">Bu s\u0131rada amublans\u0131n hareket etmemesine sinirlenen Necmi Uslu&#8217;nun o\u011flu Erg\u00fcn Uslu, ambulans \u015f\u00f6f\u00f6r\u00fc ile tart\u0131\u015ft\u0131. Ambulans \u015fof\u00f6r\u00fc &#8216;Ben Ba\u015fbakan Yard\u0131mc\u0131s\u0131&#8217;n\u0131n konvoyunday\u0131m&#8217; deyip konvoyu terk etmek istemeyince, g\u00f6zya\u015flar\u0131 i\u00e7erisinde ambulanstan d\u0131\u015far\u0131ya \u00e7\u0131kan Erg\u00fcn Uslu, partililere do\u011fru ko\u015fmaya ba\u015flad\u0131. \u00d6fkeli gen\u00e7 polisler ve partililer taraf\u0131ndan g\u00fc\u00e7l\u00fckle sakinle\u015ftirildi. Ard\u0131ndan koruma ara\u00e7lar\u0131yla kapal\u0131 olan yol, jandarma ekipleri taraf\u0131ndan acilen a\u00e7\u0131larak ambulans hareket ettirildi. Yolda tekrar ba\u015fka bir ambulansa nakledilen Necmi Uslu, \u00f6nce \u0130znik Devlet Hastanesi&#8217;ne ard\u0131ndanda Bursa&#8217;ya sevk edildi. Kalp krizi ge\u00e7iren Necmi Uslu&#8217;nun hayati tehlikesinin devam etti\u011fi belirtildi.<\/p>\n<p style=\"text-align: justify;\"><a href=\"http:\/\/haber.gazetevatan.com\/ambulans-soforunun-tavri-yuh-dedirtti\/378046\/1\/Gundem\" target=\"_blank\">Kaynak : VATAN Gazetesi<\/a><\/p>\n","protected":false},"excerpt":{"rendered":"<p style=\"text-align: center;\">\n<p style=\"text-align: justify;\">Devlet Bakan\u0131 ve Ba\u015fbakan Yard\u0131mc\u0131s\u0131 B\u00fclent Ar\u0131n\u00e7 \u0130znik\u2019in ard\u0131ndan Orhaniye K\u00f6y\u00fc\u2019nde sulama pompa istasyonu a\u00e7t\u0131.<\/p>\n<p style=\"text-align: justify;\">\u0130stasyonun a\u00e7\u0131l\u0131\u015f\u0131n\u0131n ard\u0131ndan aniden fenala\u015fan 55 ya\u015f\u0131ndaki Necmi Uslu yak\u0131nlar\u0131 taraf\u0131ndan Ar\u0131n\u00e7\u2019\u0131n konvoyunda bulunan ambulansla hastaneye kald\u0131r\u0131lmak istendi. Ancak 16 RJ 696 plakal\u0131 112 Acil Servis ambulans\u0131n\u0131n s\u00fcr\u00fcc\u00fcs\u00fc &#8220;Ben Ba\u015fbakan Yard\u0131mc\u0131s\u0131n\u0131n konvoyunday\u0131m. Hastay\u0131 <\/p>\n","protected":false},"author":1,"featured_media":0,"comment_status":"open","ping_status":"closed","sticky":false,"template":"","format":"standard","meta":{"footnotes":""},"categories":[105],"tags":[],"class_list":["post-32933","post","type-post","status-publish","format-standard","hentry","category-gundem","odd"],"_links":{"self":[{"href":"http:\/\/www.korhanyilmaz.com\/index.php?rest_route=\/wp\/v2\/posts\/32933","targetHints":{"allow":["GET"]}}],"collection":[{"href":"http:\/\/www.korhanyilmaz.com\/index.php?rest_route=\/wp\/v2\/posts"}],"about":[{"href":"http:\/\/www.korhanyilmaz.com\/index.php?rest_route=\/wp\/v2\/types\/post"}],"author":[{"embeddable":true,"href":"http:\/\/www.korhanyilmaz.com\/index.php?rest_route=\/wp\/v2\/users\/1"}],"replies":[{"embeddable":true,"href":"http:\/\/www.korhanyilmaz.com\/index.php?rest_route=%2Fwp%2Fv2%2Fcomments&post=32933"}],"version-history":[{"count":0,"href":"http:\/\/www.korhanyilmaz.com\/index.php?rest_route=\/wp\/v2\/posts\/32933\/revisions"}],"wp:attachment":[{"href":"http:\/\/www.korhanyilmaz.com\/index.php?rest_route=%2Fwp%2Fv2%2Fmedia&parent=32933"}],"wp:term":[{"taxonomy":"category","embeddable":true,"href":"http:\/\/www.korhanyilmaz.com\/index.php?rest_route=%2Fwp%2Fv2%2Fcategories&post=32933"},{"taxonomy":"post_tag","embeddable":true,"href":"http:\/\/www.korhanyilmaz.com\/index.php?rest_route=%2Fwp%2Fv2%2Ftags&post=32933"}],"curies":[{"name":"wp","href":"https:\/\/api.w.org\/{rel}","templated":true}]}}