{"id":32917,"date":"2011-05-18T10:26:25","date_gmt":"2011-05-18T07:26:25","guid":{"rendered":"http:\/\/www.korhanyilmaz.com\/?p=32917"},"modified":"2011-05-18T10:26:25","modified_gmt":"2011-05-18T07:26:25","slug":"bahceliyi-kandirdilar-mi","status":"publish","type":"post","link":"http:\/\/www.korhanyilmaz.com\/?p=32917","title":{"rendered":"Bah\u00e7eli&#8217;yi kand\u0131rd\u0131lar m\u0131?"},"content":{"rendered":"<p style=\"text-align: justify;\"><a href=\"http:\/\/www.korhanyilmaz.com\/wp-content\/uploads\/2011\/05\/220.jpg\"  class=\"lightview\"><img loading=\"lazy\" decoding=\"async\" class=\"aligncenter size-full wp-image-32927\" src=\"http:\/\/www.korhanyilmaz.com\/wp-content\/uploads\/2011\/05\/220.jpg\" alt=\"\" width=\"320\" height=\"240\" \/><\/a><\/p>\n<p style=\"text-align: justify;\">Bah\u00e7eli&#8217;nin, &#8216;Genel merkezimizin \u00f6n\u00fcnde durmu\u015f ortam dinlemesi yap\u0131yordu&#8217; dedi\u011fi esrarengiz arac\u0131n s\u0131rr\u0131 ortaya \u00e7\u0131kt\u0131&#8230;<\/p>\n<p style=\"text-align: justify;\">MHP Genel Ba\u015fkan\u0131 Devlet Bah\u00e7eli&#8217;nin, &#8220;Genel merkezimizin \u00f6n\u00fcnde durmu\u015f ortam dinlemesi yap\u0131yordu&#8221; dedi\u011fi esrarengiz arac\u0131n s\u0131rr\u0131n\u0131n \u00e7\u00f6z\u00fcld\u00fc\u011f\u00fc iddia edildi. Sabah Gazetesi&#8217;nin haberine g\u00f6re, foto\u011fraf, Almanya&#8217;da sat\u0131\u015fa \u00e7\u0131kar\u0131lan ikinci el bir otomobile ait \u00e7\u0131kt\u0131. Bah\u00e7eli&#8217;nin g\u00f6sterdi\u011fi belge \u00fczerinden inceleme yapan soru\u015fturma birimleri, foto\u011fraf\u0131n internetten kopyalanarak montajland\u0131\u011f\u0131n\u0131 belirledi. <!--more--><\/p>\n<p style=\"text-align: justify;\">MHP Genel Ba\u015fkan\u0131 Devlet Bah\u00e7eli&#8217;nin parti genel merkezi etraf\u0131nda dola\u015ft\u0131\u011f\u0131 ve ortam dinlemesi yapt\u0131\u011f\u0131n\u0131 iddia etti\u011fi ara\u00e7la ilgili \u00e7arp\u0131c\u0131 bir bilgiye ula\u015f\u0131ld\u0131. Bah\u00e7eli&#8217;nin, \u00f6nceki gece Show TV&#8217;deki Siyaset Meydan\u0131 program\u0131nda g\u00f6sterdi\u011fi Chrysler Grand Voyager marka arac\u0131n foto\u011fraf\u0131n\u0131n, Almanya&#8217;daki bir galerinin internet sitesinden al\u0131nd\u0131\u011f\u0131 ve \u00fczerine yerli plakan\u0131n montajland\u0131\u011f\u0131 belirlendi. Soru\u015fturmay\u0131 y\u00fcr\u00fcten birimler, Bah\u00e7eli&#8217;nin elinden elde ettikleri g\u00f6r\u00fcnt\u00fclerden, foto\u011fraf tan\u0131ma sistemi ile as\u0131l kayna\u011fa ula\u015ft\u0131. Adres, &#8216;automobile.de&#8217; uzant\u0131l\u0131 bir ikinci el ara\u00e7 sitesi \u00e7\u0131kt\u0131. Burada sat\u0131\u015fa \u00e7\u0131kar\u0131lan Almanya plakal\u0131 arac\u0131n foto\u011fraf\u0131yla Bah\u00e7eli&#8217;nin ekranda g\u00f6sterdi\u011fi foto\u011fraf birebir ayn\u0131. Arac\u0131n k\u00f6\u015fesindeki duvar, arkadaki ye\u015fillikler, arac\u0131n \u00fczerindeki \u0131\u015f\u0131k yans\u0131malar\u0131 tamamen uyuyor. Aradaki tek fark, plakan\u0131n farkl\u0131 olmas\u0131.<\/p>\n<p style=\"text-align: justify;\"><strong>TEK FARK PLAKA<\/strong><\/p>\n<p style=\"text-align: justify;\">Al\u0131nan bilgilere g\u00f6re, Alman plakas\u0131n\u0131n \u00fczerine T\u00fcrkiye&#8217;den 34 TS 6558 plakas\u0131 montajland\u0131. MHP&#8217;li y\u00f6neticilerin \u0131srarlara ra\u011fmen kendi \u00e7ektiklerini iddia ettikleri &#8216;esrarengiz otomobilin&#8217; foto\u011fraflar\u0131n\u0131 gazetecilere vermemesi de dikkat \u00e7ekici bulundu. Ayr\u0131ca MHP yetkililerinin &#8220;Foto\u011fraf\u0131 savc\u0131l\u0131\u011fa verdik&#8221; a\u00e7\u0131klamas\u0131na ra\u011fmen, savc\u0131l\u0131\u011fa verilen dosyada foto\u011fraf\u0131n olmad\u0131\u011f\u0131 \u00f6\u011frenildi.<\/p>\n<p style=\"text-align: justify;\">Devlet Bah\u00e7eli, bu foto\u011fraf\u0131n MHP Genel Merkezi \u00f6n\u00fcnde partililerce \u00e7ekildi\u011fini a\u00e7\u0131klam\u0131\u015ft\u0131. \u0130ddiaya g\u00f6re foto\u011fraf\u0131n sahte oldu\u011fu bilgisi Bah\u00e7eli&#8217;de de vard\u0131. Buna ra\u011fmen televizyonda g\u00f6stermekten \u00e7ekinmedi. MHP lideri, programda, Ba\u015fbakan Tayyip Erdo\u011fan&#8217;a, &#8220;T\u00fcrkiye Cumhuriyeti&#8217;nin ba\u015fbakan\u0131s\u0131n, bunu bulacaks\u0131n. Bunu bulmazsan sorumlulu\u011fu ald\u0131\u011f\u0131mda bunu ben ara\u015ft\u0131r\u0131r\u0131m. G\u00f6rev ihmalinden senden hesap sorar\u0131m.&#8221; diye seslenmi\u015fti.<\/p>\n<p style=\"text-align: justify;\">Bah\u00e7eli, arac\u0131n 13 May\u0131s 2011 Cuma g\u00fcn\u00fc 08.30 ile 09.12 aras\u0131nda kameralar\u0131n \u00e7ekmedi\u011fi bir noktada bulundu\u011funu iddia etmi\u015fti. Ayr\u0131ca plakan\u0131n 1998 model bir \u015eahin&#8217;e ait oldu\u011fu ve bu araca tak\u0131ld\u0131\u011f\u0131 bilgisini vermi\u015fti. D\u00fcn Milliyet&#8217;e konu\u015fan MHP Genel Sekreteri Cihan Pa\u00e7ac\u0131 da kendilerini bir taksi \u015fof\u00f6r\u00fcn\u00fcn uyard\u0131\u011f\u0131n\u0131 anlatm\u0131\u015f ve &#8220;G\u00fcvenlik\u00e7ilerimiz hemen siyah perdeleri kapal\u0131 minivan\u0131n yan\u0131na gitti. \u0130\u00e7inde bir ki\u015fi vard\u0131. Arac\u0131 kontrol etmek istedik ama o izin vermedi ve uzakla\u015ft\u0131&#8221; iddias\u0131nda bulunmu\u015ftu. Pa\u00e7ac\u0131, MHP Genel Ba\u015fkan\u0131&#8217;yla benzer bir \u00e7a\u011fr\u0131 yaparak, &#8220;Ortam dinlemesi ablukas\u0131na al\u0131nd\u0131\u011f\u0131m\u0131z kanaatindeyiz. Bunu devletin birimleri ayd\u0131nlatmal\u0131&#8221; demi\u015fti.<\/p>\n<p style=\"text-align: justify;\"><a href=\"http:\/\/www.gazeteport.com.tr\/SIYASET\/NEWS\/GP_906722\" target=\"_blank\">Kaynak : GAZETEPORT<\/a><\/p>\n","protected":false},"excerpt":{"rendered":"<p style=\"text-align: justify;\">\n<p style=\"text-align: justify;\">Bah\u00e7eli&#8217;nin, &#8216;Genel merkezimizin \u00f6n\u00fcnde durmu\u015f ortam dinlemesi yap\u0131yordu&#8217; dedi\u011fi esrarengiz arac\u0131n s\u0131rr\u0131 ortaya \u00e7\u0131kt\u0131&#8230;<\/p>\n<p style=\"text-align: justify;\">MHP Genel Ba\u015fkan\u0131 Devlet Bah\u00e7eli&#8217;nin, &#8220;Genel merkezimizin \u00f6n\u00fcnde durmu\u015f ortam dinlemesi yap\u0131yordu&#8221; dedi\u011fi esrarengiz arac\u0131n s\u0131rr\u0131n\u0131n \u00e7\u00f6z\u00fcld\u00fc\u011f\u00fc iddia edildi. Sabah Gazetesi&#8217;nin haberine g\u00f6re, foto\u011fraf, Almanya&#8217;da sat\u0131\u015fa \u00e7\u0131kar\u0131lan ikinci el bir otomobile ait \u00e7\u0131kt\u0131. Bah\u00e7eli&#8217;nin <\/p>\n","protected":false},"author":1,"featured_media":0,"comment_status":"open","ping_status":"closed","sticky":false,"template":"","format":"standard","meta":{"footnotes":""},"categories":[105],"tags":[],"class_list":["post-32917","post","type-post","status-publish","format-standard","hentry","category-gundem","odd"],"_links":{"self":[{"href":"http:\/\/www.korhanyilmaz.com\/index.php?rest_route=\/wp\/v2\/posts\/32917","targetHints":{"allow":["GET"]}}],"collection":[{"href":"http:\/\/www.korhanyilmaz.com\/index.php?rest_route=\/wp\/v2\/posts"}],"about":[{"href":"http:\/\/www.korhanyilmaz.com\/index.php?rest_route=\/wp\/v2\/types\/post"}],"author":[{"embeddable":true,"href":"http:\/\/www.korhanyilmaz.com\/index.php?rest_route=\/wp\/v2\/users\/1"}],"replies":[{"embeddable":true,"href":"http:\/\/www.korhanyilmaz.com\/index.php?rest_route=%2Fwp%2Fv2%2Fcomments&post=32917"}],"version-history":[{"count":0,"href":"http:\/\/www.korhanyilmaz.com\/index.php?rest_route=\/wp\/v2\/posts\/32917\/revisions"}],"wp:attachment":[{"href":"http:\/\/www.korhanyilmaz.com\/index.php?rest_route=%2Fwp%2Fv2%2Fmedia&parent=32917"}],"wp:term":[{"taxonomy":"category","embeddable":true,"href":"http:\/\/www.korhanyilmaz.com\/index.php?rest_route=%2Fwp%2Fv2%2Fcategories&post=32917"},{"taxonomy":"post_tag","embeddable":true,"href":"http:\/\/www.korhanyilmaz.com\/index.php?rest_route=%2Fwp%2Fv2%2Ftags&post=32917"}],"curies":[{"name":"wp","href":"https:\/\/api.w.org\/{rel}","templated":true}]}}