{"id":32901,"date":"2011-05-17T14:50:47","date_gmt":"2011-05-17T11:50:47","guid":{"rendered":"http:\/\/www.korhanyilmaz.com\/?p=32901"},"modified":"2011-05-17T14:50:47","modified_gmt":"2011-05-17T11:50:47","slug":"acemi-elciyle-helikopter-pistinde-gorusme","status":"publish","type":"post","link":"http:\/\/www.korhanyilmaz.com\/?p=32901","title":{"rendered":"Acemi el\u00e7iyle helikopter pistinde g\u00f6r\u00fc\u015fme"},"content":{"rendered":"<p style=\"text-align: justify;\"><a href=\"http:\/\/www.korhanyilmaz.com\/wp-content\/uploads\/2011\/05\/211.jpg\"  class=\"lightview\"><img loading=\"lazy\" decoding=\"async\" class=\"aligncenter size-full wp-image-32903\" src=\"http:\/\/www.korhanyilmaz.com\/wp-content\/uploads\/2011\/05\/211.jpg\" alt=\"\" width=\"414\" height=\"219\" \/><\/a><\/p>\n<p style=\"text-align: justify;\">Ba\u015fbakan Erdo\u011fan, ABD B\u00fcy\u00fckel\u00e7isi Ricciardone ile biraraya geldi. Bulu\u015fma Ankara&#8217;n\u0131n Yeni Mahalle \u0130l\u00e7esi&#8217;ndeki helikopter pistinde ger\u00e7ekle\u015fti.<\/p>\n<p style=\"text-align: justify;\">ANKARA &#8211; Ba\u015fbakan Erdo\u011fan, helikopterle gidece\u011fi Yozgat mitingi \u00f6ncesi Heliport&#8217;ta g\u00f6r\u00fc\u015ft\u00fc\u011f\u00fc B\u00fcy\u00fckel\u00e7i Ricciardone i\u00e7in daha \u00f6nce &#8216;acemi el\u00e7i&#8217; tan\u0131mlamas\u0131nda bulunmu\u015ftu. Erdo\u011fan&#8217;\u0131n bu s\u00f6zleri kullanmas\u0131na neden olan da B\u00fcy\u00fcle\u00e7i&#8217;nin gazeteciler Nedim \u015eener ve Ahmet \u015e\u0131k&#8217;\u0131n Ergenekon soru\u015fturmas\u0131 kapsam\u0131nda tutuklanmas\u0131 sonras\u0131 kulland\u0131\u011f\u0131 &#8221;Anlamakta g\u00fc\u00e7l\u00fck \u00e7ekiyoruz&#8221; ifadeleri neden olmu\u015ftu. <!--more--><\/p>\n<p style=\"text-align: justify;\"><strong>DOSYA D\u0130KKAT \u00c7EKT\u0130<\/strong><\/p>\n<p style=\"text-align: justify;\">Bas\u0131na kapal\u0131 ger\u00e7ekle\u015fen g\u00f6r\u00fc\u015fme, yakla\u015f\u0131k 50 dakika s\u00fcrd\u00fc ABD B\u00fcy\u00fckel\u00e7isi&#8217;nin Ba\u015fbakan Erdo\u011fan&#8217;la g\u00f6r\u00fc\u015fmesi s\u0131ras\u0131nda elinde tuttu\u011fu siyah dosya da dikkat \u00e7ekti.<\/p>\n<p style=\"text-align: justify;\"><strong>\u201cTER\u00d6R\u0130ZM\u0130 DE G\u00d6R\u00dc\u015eT\u00dcK\u201d<\/strong><\/p>\n<p style=\"text-align: justify;\">B\u00fcy\u00fckel\u00e7i Ricciardone, g\u00f6r\u00fc\u015fme sonras\u0131nda a\u00e7\u0131klama yapt\u0131 ve gazetecilerin sorular\u0131n\u0131 yan\u0131tlad\u0131. ABD B\u00fcy\u00fckel\u00e7isi, g\u00f6r\u00fc\u015fme s\u0131ras\u0131nda PKK ile m\u00fccadelenin mi yoksa Ortado\u011fu\u2019daki geli\u015fmelerin mi g\u00fcndeme geldi\u011finin sorulmas\u0131 \u00fczerine, \u201cGenel olarak, b\u00fct\u00fcn g\u00fcndemdeki konular\u0131 konu\u015ftuk. \u00d6zellikle b\u00f6lgesel konular\u0131 konu\u015ftuk. Ter\u00f6rizm tabii ki bu b\u00f6lgenin bir problemidir, onun i\u00e7in bu \u00e7er\u00e7evede de g\u00f6r\u00fc\u015ft\u00fck,\u201d dedi.<\/p>\n<p style=\"text-align: justify;\"><strong>\u201cSAYIN BA\u015eBAKAN\u2019IN G\u00d6R\u00dc\u015eLER\u0130N\u0130 WASHINGTON\u2019A \u0130LETECE\u011e\u0130M\u201d<\/strong><\/p>\n<p style=\"text-align: justify;\">ABD Ba\u015fkan\u0131 Barack Obama\u2019dan Ba\u015fbakan Erdo\u011fan\u2019a bir mesaj iletip iletmedi\u011finin sorulmas\u0131 \u00fczerine ise B\u00fcy\u00fckel\u00e7i, \u201cBizim g\u00f6r\u00fc\u015flerimizi ilettim ve ayn\u0131 zamanda say\u0131n Ba\u015fbakan\u2019\u0131n g\u00f6r\u00fc\u015flerinin de Washington\u2019a iletece\u011fim,\u201d diye cevap verdi.<\/p>\n<p style=\"text-align: justify;\"><strong>\u201c\u00c7OK B\u00dcY\u00dcK B\u0130R D\u0130KKATLE TAK\u0130P ED\u0130YORUZ\u201d<\/strong><\/p>\n<p style=\"text-align: justify;\">Ricciardone, Ba\u015fkan Obama\u2019n\u0131n, Ortado\u011fu politikas\u0131n\u0131 \u00f6n\u00fcm\u00fczdeki g\u00fcnlerde a\u00e7\u0131klayaca\u011f\u0131n\u0131n hat\u0131rlat\u0131larak, Erdo\u011fan ile g\u00f6r\u00fc\u015fmede bu konunun ele al\u0131n\u0131p al\u0131nmad\u0131\u011f\u0131n\u0131n sorulmas\u0131 \u00fczerine, \u201cHay\u0131r, tabii ki T\u00fcrkiye\u2019nin ve \u00f6zellikle Ba\u015fbakan\u2019\u0131n b\u00f6lgedeki g\u00f6r\u00fc\u015fmeler her zaman i\u00e7in \u00e7ok \u00f6nemli, \u00e7ok b\u00fcy\u00fck bir dikkatle takip ediyoruz, bu nedenle geldim,\u201d diye yan\u0131t verdi.<\/p>\n<div id=\"attachment_32902\" style=\"width: 459px\" class=\"wp-caption aligncenter\"><a href=\"http:\/\/www.korhanyilmaz.com\/wp-content\/uploads\/2011\/05\/212.jpg\"  class=\"lightview\"><img loading=\"lazy\" decoding=\"async\" aria-describedby=\"caption-attachment-32902\" class=\"size-full wp-image-32902\" src=\"http:\/\/www.korhanyilmaz.com\/wp-content\/uploads\/2011\/05\/212.jpg\" alt=\"\" width=\"449\" height=\"231\" \/><\/a><p id=\"caption-attachment-32902\" class=\"wp-caption-text\">Ba\u015fbakan Erdo\u011fan&#39;la Yenimahalle il\u00e7esindeki helikopter pistinde g\u00f6r\u00fc\u015fen ABD el\u00e7isinin dosyas\u0131nda g\u00f6r\u00fc\u015fme notlar\u0131 bulunuyordu.<\/p><\/div>\n<p style=\"text-align: justify;\"><strong>\u201cGENEL B\u0130R \u015eEK\u0130LDE B\u00d6LGEN\u0130N OLAYLARINI KONU\u015eTUK\u201d<\/strong><\/p>\n<p style=\"text-align: justify;\">Ter\u00f6rle m\u00fccadelede i\u015fbirli\u011finin daha \u00fcst bir seviyeye \u00e7\u0131kar\u0131lmas\u0131n\u0131n g\u00f6r\u00fc\u015fme s\u0131ras\u0131nda ele al\u0131n\u0131p al\u0131nmad\u0131\u011f\u0131n\u0131n sorulmas\u0131 \u00fczerine ise B\u00fcy\u00fckel\u00e7i, \u201cHay\u0131r. O konuda \u00f6zel bir \u015fekilde, \u00e7ok fazla g\u00f6r\u00fc\u015fmedik. Genel bir \u015fekilde b\u00f6lgenin olaylar\u0131n\u0131 konu\u015ftuk,\u201d dedi.<\/p>\n<p style=\"text-align: justify;\">Ba\u015fbakan Erdo\u011fan\u2019\u0131n ABD y\u00f6netiminden beklentisi ve talebinin ne oldu\u011funun sorulmas\u0131 \u00fczerine Ricciardone, \u015fu cevab\u0131 verdi:<\/p>\n<p style=\"text-align: justify;\">\u201cBiz her zaman m\u00fcttefik olarak \u00e7ok yak\u0131n bir isti\u015farede bulunuyoruz. Bu \u00e7er\u00e7evede geldim ve \u00e7ok faydal\u0131 \u00e7ok iyi bir fikir al\u0131\u015fveri\u015fte bulunduk.\u201d<\/p>\n<p style=\"text-align: justify;\"><a href=\"http:\/\/www.gazeteport.com.tr\/GUNCEL\/NEWS\/GP_906351\" target=\"_blank\">Kaynak : GAZETEPORT<\/a><\/p>\n","protected":false},"excerpt":{"rendered":"<p style=\"text-align: justify;\">\n<p style=\"text-align: justify;\">Ba\u015fbakan Erdo\u011fan, ABD B\u00fcy\u00fckel\u00e7isi Ricciardone ile biraraya geldi. Bulu\u015fma Ankara&#8217;n\u0131n Yeni Mahalle \u0130l\u00e7esi&#8217;ndeki helikopter pistinde ger\u00e7ekle\u015fti.<\/p>\n<p style=\"text-align: justify;\">ANKARA &#8211; Ba\u015fbakan Erdo\u011fan, helikopterle gidece\u011fi Yozgat mitingi \u00f6ncesi Heliport&#8217;ta g\u00f6r\u00fc\u015ft\u00fc\u011f\u00fc B\u00fcy\u00fckel\u00e7i Ricciardone i\u00e7in daha \u00f6nce &#8216;acemi el\u00e7i&#8217; tan\u0131mlamas\u0131nda bulunmu\u015ftu. Erdo\u011fan&#8217;\u0131n bu s\u00f6zleri kullanmas\u0131na neden olan da B\u00fcy\u00fcle\u00e7i&#8217;nin gazeteciler Nedim \u015eener ve <\/p>\n","protected":false},"author":1,"featured_media":0,"comment_status":"open","ping_status":"closed","sticky":false,"template":"","format":"standard","meta":{"footnotes":""},"categories":[105],"tags":[],"class_list":["post-32901","post","type-post","status-publish","format-standard","hentry","category-gundem","odd"],"_links":{"self":[{"href":"http:\/\/www.korhanyilmaz.com\/index.php?rest_route=\/wp\/v2\/posts\/32901","targetHints":{"allow":["GET"]}}],"collection":[{"href":"http:\/\/www.korhanyilmaz.com\/index.php?rest_route=\/wp\/v2\/posts"}],"about":[{"href":"http:\/\/www.korhanyilmaz.com\/index.php?rest_route=\/wp\/v2\/types\/post"}],"author":[{"embeddable":true,"href":"http:\/\/www.korhanyilmaz.com\/index.php?rest_route=\/wp\/v2\/users\/1"}],"replies":[{"embeddable":true,"href":"http:\/\/www.korhanyilmaz.com\/index.php?rest_route=%2Fwp%2Fv2%2Fcomments&post=32901"}],"version-history":[{"count":0,"href":"http:\/\/www.korhanyilmaz.com\/index.php?rest_route=\/wp\/v2\/posts\/32901\/revisions"}],"wp:attachment":[{"href":"http:\/\/www.korhanyilmaz.com\/index.php?rest_route=%2Fwp%2Fv2%2Fmedia&parent=32901"}],"wp:term":[{"taxonomy":"category","embeddable":true,"href":"http:\/\/www.korhanyilmaz.com\/index.php?rest_route=%2Fwp%2Fv2%2Fcategories&post=32901"},{"taxonomy":"post_tag","embeddable":true,"href":"http:\/\/www.korhanyilmaz.com\/index.php?rest_route=%2Fwp%2Fv2%2Ftags&post=32901"}],"curies":[{"name":"wp","href":"https:\/\/api.w.org\/{rel}","templated":true}]}}