{"id":3290,"date":"2009-02-18T08:58:56","date_gmt":"2009-02-18T06:58:56","guid":{"rendered":"http:\/\/www.korhanyilmaz.com\/?p=3290"},"modified":"2009-02-18T08:58:56","modified_gmt":"2009-02-18T06:58:56","slug":"skandal-yasa-onergesi","status":"publish","type":"post","link":"http:\/\/www.korhanyilmaz.com\/?p=3290","title":{"rendered":"Skandal yasa \u00f6nergesi !"},"content":{"rendered":"<p style=\"text-align: center;\"><img loading=\"lazy\" decoding=\"async\" class=\"aligncenter size-full wp-image-3291\" title=\"Skandal yasa \u00f6nergesi ! \" src=\"http:\/\/www.korhanyilmaz.com\/wp-content\/uploads\/2009\/02\/180220090856254071831.jpg\" alt=\"Skandal yasa \u00f6nergesi ! \" width=\"376\" height=\"240\" \/><\/p>\n<p style=\"text-align: justify;\"><strong>Bir PKK&#8217;l\u0131n\u0131n T\u00fcrkiye&#8217;ye iadesini \u00f6nlemek i\u00e7in, ABD Temsilciler Meclisi ve ABD Senatosuna, &#8220;Amerikan vatanda\u015f\u0131 olmas\u0131&#8221; \u00f6nergesi verildi.<\/strong><\/p>\n<p style=\"text-align: justify;\"><strong><\/strong><br \/>\nDemokrat Senat\u00f6r Carl Levin ile Cumhuriyet\u00e7i Temsilciler Meclisi \u00fcyesi milletvekili Fred Upton taraf\u0131ndan verilen yasa \u00f6nergesinin kabul edilmesi durumunda, Parlak T\u00fcrkiye&#8217;ye iade edilmeyecek.<\/p>\n<p style=\"text-align: justify;\">1988 y\u0131l\u0131nda, aralar\u0131nda \u0130brahim Parlak&#8217;\u0131nda bulundu\u011fu PKK ter\u00f6r timi Suriye s\u0131n\u0131r\u0131ndan, T\u00fcrkiye&#8217;ye s\u0131zmak istemi\u015f, Jandarma ile girdikleri \u00e7at\u0131\u015fmada iki askerimiz \u015fehit olmu\u015ftu. <!--more-->\u00c7at\u0131\u015fmadan sonra yakalanan \u0130brahim Parlak, 16 ay hapis yatt\u0131ktan sonra, ABD&#8217;ye ka\u00e7arak burada siyasi iltica talebinde bulunmu\u015ftu. Malatya DGM, daha sonra Parlak&#8217;\u0131 6 y\u0131l hapse mahkum etmi\u015f, cezas\u0131n\u0131 tamamlamas\u0131 i\u00e7in g\u0131yab\u0131nda tutukluma emri \u00e7\u0131kartarak, ABD makamlar\u0131ndan Parlak&#8217;\u0131n T\u00fcrkiye&#8217;ye iadesini talep etmi\u015fti.<br \/>\n<strong>-GREEN CARD ALMAK \u0130\u00c7\u0130N YALAN BEYANDA BULUNDU-<\/strong>\n<\/p>\n<p style=\"text-align: justify;\">Parlak, 1991 y\u0131l\u0131nda yapm\u0131\u015f oldu\u011fu Green Card ba\u015fvurusu s\u0131ras\u0131nda Amerikan makamlar\u0131na, ter\u00f6r ba\u011flant\u0131l\u0131 ge\u00e7mi\u015fini saklayarak, yanl\u0131\u015f beyan verdi\u011finin saptanmas\u0131 \u00fczerine, 1999 y\u0131l\u0131nda yapt\u0131\u011f\u0131 Amerikan vatanda\u015fl\u0131\u011f\u0131 ba\u015fvurusu iptal edilmi\u015f ve yalan beyan vermekten s\u0131n\u0131r d\u0131\u015f\u0131 talebiyle tutuklanarak ceza evine konmu\u015ftu. ABD&#8217;de 10 ay hapis yatan Parlak daha sonra 50 bin dolar kar\u015f\u0131l\u0131\u011f\u0131nda tutuksuz yarg\u0131lanmak \u00fczere kefaletle serbest b\u0131rak\u0131lm\u0131\u015ft\u0131. ABD mahkemeleri, Parlak&#8217;\u0131n ter\u00f6rist ba\u011flant\u0131lar\u0131n\u0131n oldu\u011fu gerek\u00e7esiyle T\u00fcrkiye&#8217;ye iadesine karar vermi\u015f, karar temyiz edilmi\u015fti.<\/p>\n<p style=\"text-align: justify;\">ABD&#8217;de Cincinnati 6. B\u00f6lge Temyiz Mahkemesi&#8217;nde halen devam etmekte olan dava sonucunda Parlak&#8217;\u0131n T\u00fcrkiye&#8217;ye iadesine karar verilse bile Parlak, Senato ve Temsilciler meclisine, ABD vatanda\u015f\u0131 olmas\u0131 i\u00e7in verilen yasa \u00f6nergesi sonu\u00e7lanana kadar ABD&#8217;de yasal olarak kalabilecek. Levin ve Upton taraf\u0131ndan 2005 ve 2007 y\u0131llar\u0131nda benzer yasa \u00f6nergeleri ABD Senatosu ve Kongresine verilmi\u015fti.<\/p>\n<p style=\"text-align: justify;\"><strong>-\u00d6CALAN&#8217;LA BULU\u015eTU, KARAYILAN \u0130LE T\u00dcRK\u0130YE&#8217;YE SIZMAK \u0130STED\u0130-<\/strong><\/p>\n<p style=\"text-align: justify;\">Parlak, PKK b\u00f6l\u00fcc\u00fc \u00f6rg\u00fct\u00fc ad\u0131na 1980 y\u0131l\u0131ndan itibaren 1988 y\u0131l\u0131na kadar Avrupa&#8217;n\u0131n \u00e7e\u015fitli \u00fclkelerinde propaganda \u00e7al\u0131\u015fmalar\u0131 yapt\u0131. Daha sonra PKK&#8217;n\u0131n \u00e7e\u015fitli kamplar\u0131nda askeri e\u011fitim g\u00f6ren Parlak yakalanmadan \u00f6nce Suriye&#8217;de bir \u00f6rg\u00fct evinde Abdullah \u00d6calan ile bulu\u015ftu, aralar\u0131nda b\u00f6l\u00fcc\u00fc \u00f6rg\u00fct\u00fcn lider kadrosundan olan Murat Karay\u0131lan ile baz\u0131 eylemler yapmak i\u00e7in Suriye s\u0131n\u0131r\u0131ndan T\u00fcrkiye&#8217;ye girmeye \u00e7al\u0131\u015f\u0131rken meydana gelen \u00e7at\u0131\u015fma sonras\u0131nda yakaland\u0131. PKK&#8217;n\u0131n Helve kamp\u0131nda, 3 ay s\u00fcren \u00f6rg\u00fct\u00fcn askeri ve politik e\u011fitimininin ard\u0131ndan, eylem yapmak amac\u0131yla T\u00fcrkiye&#8217;ye s\u0131zmaya \u00e7al\u0131\u015fan Parlak ve Murat Karay\u0131lan&#8217;\u0131n da aralar\u0131nda bulundu\u011fu PKK ter\u00f6r timi, 1988 y\u0131l\u0131nda Suriye s\u0131n\u0131r\u0131nda, Jandarma ile girdikleri \u00e7at\u0131\u015fmada iki askerimiz \u015fehit olmu\u015ftu.<\/p>\n<p style=\"text-align: justify;\"><strong>-PKK&#8217;LI TER\u00d6R\u0130ST ABD&#8217;DE SAYGIN \u0130\u015eADAMI OLDU-<\/strong><\/p>\n<p style=\"text-align: justify;\">1992 y\u0131l\u0131nda Green Kart\u0131n\u0131 ald\u0131ktan sonra \u00e7e\u015fitli restoranlarda, garsonluk, a\u015f\u00e7\u0131l\u0131k ve idarecilik yapan Parlak daha sonra Michigan eyaletinde, G\u00fclistan Cafe isimli bir restaurant a\u00e7t\u0131. Ya\u015fad\u0131\u011f\u0131 kentte bir\u00e7ok sosyal ve g\u00f6n\u00fcll\u00fc aktivitelere de kat\u0131lan Parlak&#8217;\u0131n, ABD makamlar\u0131 taraf\u0131ndan ter\u00f6rist PKK \u00f6rg\u00fct\u00fc ile ba\u011flant\u0131s\u0131n\u0131n saptanmas\u0131 ve s\u0131n\u0131rd\u0131\u015f\u0131 edilmek istenmesi \u00fczerine, Parlak&#8217;\u0131n \u00f6zg\u00fcrl\u00fc\u011f\u00fcne kavu\u015fmas\u0131 i\u00e7in b\u00f6lge sakinleri taraf\u0131ndan \u00e7e\u015fitli kampanyalar d\u00fczenlendi, Parlak bir \u00e7ok medya kurulu\u015funun ilgi oda\u011f\u0131 haline geldi. Parlak&#8217;\u0131n ya\u015fad\u0131\u011f\u0131 b\u00f6lgenin ileri gelenlerinden yakla\u015f\u0131k 200 Amerikal\u0131, Parlak&#8217;\u0131n sayg\u0131n bir i\u015f adam\u0131 iyi bir yurtta\u015f oldu\u011fu iddia ettikleri dilek\u00e7eleri Amerikan makamlar\u0131na g\u00f6nderdiler. Parlak&#8217;\u0131 destekleyenlerin d\u00fczenledi\u011fi kampanya sonucunda 100 bin dolar\u0131n \u00fczerinde para topland\u0131. Parlak&#8217;\u0131n iade edilmemesi i\u00e7in Amerikan medyas\u0131 yo\u011fun bir kampanya ba\u015flatt\u0131.<\/p>\n<p style=\"text-align: justify;\"><strong>-PKK&#8217;LI TER\u00d6R\u0130ST ABD&#8217;DE \u00d6RNEK G\u00d6\u00c7MEN-<\/strong><\/p>\n<p style=\"text-align: justify;\">Demokrat Senat\u00f6r Carl Levin ile Cumhuriyet\u00e7i Temsilciler Meclisi \u00fcyesi milletvekili Fred Upton taraf\u0131ndan verilen yasa \u00f6nergesinde, PKK&#8217;l\u0131 ter\u00f6rist \u0130brahim Parlak i\u00e7in &#8221; O \u00f6rnek bir g\u00f6\u00e7men iyi bir yurtta\u015f, olmu\u015ftur.&#8221; denildi. Kongre ve Senatoya verilen yasa \u00f6nergesinde Parlak i\u00e7in &#8221; T\u00fcrkiye&#8217;de 1980 y\u0131llarda PKK&#8217;n\u0131n \u00f6rg\u00fctsel faaliyetlerine kat\u0131ld\u0131\u011f\u0131n\u0131 ve 1988 y\u0131l\u0131nda T\u00fcrkiye s\u0131n\u0131r\u0131nda silahl\u0131 bir \u00e7at\u0131\u015fmaya girdi\u011fini bunun sonucunda T\u00fcrkiye&#8217;de hapis yatt\u0131\u011f\u0131n\u0131 kabul etmi\u015ftir. 1992 y\u0131l\u0131nda g\u00f6\u00e7menlik b\u00fcrosu, T\u00fcrkiye&#8217;ye geri d\u00f6n\u00fc\u015f endi\u015felerini hakl\u0131 bularak siyasi s\u0131\u011f\u0131nma iste\u011fini kabul etmi\u015ftir. Parlak, ABD&#8217;de, iyi bir yurtta\u015f, \u00f6rnek bir g\u00f6\u00e7men ve yerel bir i\u015fadam\u0131d\u0131r, ABD&#8217;de kal\u0131p, cemiyet i\u00e7erisinde onurlu ya\u015fam\u0131n\u0131 s\u00fcrd\u00fcrebilmelidir.&#8221; denildi.<\/p>\n<p style=\"text-align: justify;\"><strong>-PARLAK: T\u00dcRK\u0130YE&#8217;YE \u0130ADE ED\u0130LME END\u0130\u015eES\u0130 \u0130LE UYANMAYACA\u011eIM-<\/strong><\/p>\n<p style=\"text-align: justify;\">2004 y\u0131l\u0131ndan beri ABD medyas\u0131n\u0131n ilgi oda\u011f\u0131 olan dava Michigan Senator\u00fc Carl Levin ve and Michagan milletvekili Cumhuriyet\u00e7i Fred Upton, Parlak&#8217;a ABD vatanda\u015fl\u0131\u011f\u0131 verilmesi iste\u011fiyle yeni bir seyir ald\u0131. \u00d6nceki ak\u015fam, K\u00fcrdistan haritalar\u0131n\u0131n duvarlar\u0131n\u0131 s\u00fcsledi\u011fi restaurant\u0131nda verdi\u011fi bir davet ile ABD vatanda\u015fl\u0131\u011f\u0131 i\u00e7in kongre ve senatoya verilen yasa \u00f6nergesini kutlayan Parlak, &#8221; Art\u0131k bir s\u00fcre i\u00e7in T\u00fcrkiye&#8217;ye iade edilme endi\u015fesiyle uyanmayaca\u011f\u0131m &#8221; dedi. Parlak, kendisi i\u00e7in yasa \u00f6nergesi veren Upton ve Levin&#8217;e de te\u015fekk\u00fcr etti.<\/p>\n<p style=\"text-align: justify;\"><span style=\"color: #888888;\">Kaynak: Vatan Gazetesi<\/span><\/p>\n<p style=\"text-align: justify;\">\n","protected":false},"excerpt":{"rendered":"<p style=\"text-align: center;\">\n<p style=\"text-align: justify;\">Bir PKK&#8217;l\u0131n\u0131n T\u00fcrkiye&#8217;ye iadesini \u00f6nlemek i\u00e7in, ABD Temsilciler Meclisi ve ABD Senatosuna, &#8220;Amerikan vatanda\u015f\u0131 olmas\u0131&#8221; \u00f6nergesi verildi.<\/p>\n<p style=\"text-align: justify;\"> Demokrat Senat\u00f6r Carl Levin ile Cumhuriyet\u00e7i Temsilciler Meclisi \u00fcyesi milletvekili Fred Upton taraf\u0131ndan verilen yasa \u00f6nergesinin kabul edilmesi durumunda, Parlak T\u00fcrkiye&#8217;ye iade edilmeyecek.<\/p>\n<p style=\"text-align: justify;\">1988 y\u0131l\u0131nda, aralar\u0131nda \u0130brahim Parlak&#8217;\u0131nda <\/p>\n","protected":false},"author":1,"featured_media":0,"comment_status":"open","ping_status":"closed","sticky":false,"template":"","format":"standard","meta":{"footnotes":""},"categories":[3],"tags":[],"class_list":["post-3290","post","type-post","status-publish","format-standard","hentry","category-dunya","odd"],"_links":{"self":[{"href":"http:\/\/www.korhanyilmaz.com\/index.php?rest_route=\/wp\/v2\/posts\/3290","targetHints":{"allow":["GET"]}}],"collection":[{"href":"http:\/\/www.korhanyilmaz.com\/index.php?rest_route=\/wp\/v2\/posts"}],"about":[{"href":"http:\/\/www.korhanyilmaz.com\/index.php?rest_route=\/wp\/v2\/types\/post"}],"author":[{"embeddable":true,"href":"http:\/\/www.korhanyilmaz.com\/index.php?rest_route=\/wp\/v2\/users\/1"}],"replies":[{"embeddable":true,"href":"http:\/\/www.korhanyilmaz.com\/index.php?rest_route=%2Fwp%2Fv2%2Fcomments&post=3290"}],"version-history":[{"count":0,"href":"http:\/\/www.korhanyilmaz.com\/index.php?rest_route=\/wp\/v2\/posts\/3290\/revisions"}],"wp:attachment":[{"href":"http:\/\/www.korhanyilmaz.com\/index.php?rest_route=%2Fwp%2Fv2%2Fmedia&parent=3290"}],"wp:term":[{"taxonomy":"category","embeddable":true,"href":"http:\/\/www.korhanyilmaz.com\/index.php?rest_route=%2Fwp%2Fv2%2Fcategories&post=3290"},{"taxonomy":"post_tag","embeddable":true,"href":"http:\/\/www.korhanyilmaz.com\/index.php?rest_route=%2Fwp%2Fv2%2Ftags&post=3290"}],"curies":[{"name":"wp","href":"https:\/\/api.w.org\/{rel}","templated":true}]}}