{"id":32897,"date":"2011-05-17T17:32:51","date_gmt":"2011-05-17T14:32:51","guid":{"rendered":"http:\/\/www.korhanyilmaz.com\/?p=32897"},"modified":"2011-05-17T17:32:51","modified_gmt":"2011-05-17T14:32:51","slug":"erdogan%e2%80%99dan-davetiye-yaniti-namertsin","status":"publish","type":"post","link":"http:\/\/www.korhanyilmaz.com\/?p=32897","title":{"rendered":"Erdo\u011fan\u2019dan davetiye yan\u0131t\u0131: &#8220;Namertsin&#8221;"},"content":{"rendered":"<p style=\"text-align: center;\"><a href=\"http:\/\/www.korhanyilmaz.com\/wp-content\/uploads\/2011\/05\/210.jpg\"  class=\"lightview\"><img loading=\"lazy\" decoding=\"async\" class=\"aligncenter size-full wp-image-32898\" src=\"http:\/\/www.korhanyilmaz.com\/wp-content\/uploads\/2011\/05\/210.jpg\" alt=\"\" width=\"414\" height=\"221\" \/><\/a><\/p>\n<p style=\"text-align: justify;\">Ba\u015fbakan Erdo\u011fan, k\u0131z\u0131n\u0131n davetiyesini \u00f6zel u\u00e7akla \u00dcrd\u00fcn\u2019e g\u00f6nderdi\u011fini iddia eden CHP lideri Kemal K\u0131l\u0131\u00e7daro\u011flu\u2019na sert \u00e7\u0131kt\u0131: \u201cB\u00f6yle hayas\u0131zl\u0131k olur mu? \u00c7\u0131k bunu a\u00e7\u0131kla. Sen namertsin, d\u00fcr\u00fcst de\u011filsin.\u201d <!--more--><\/p>\n<p style=\"text-align: justify;\">Erdo\u011fan, S\u00fcleyman Demirel&#8217;e de, &#8221;Otur oturdu\u011fun yerde, ne i\u015fin var b\u00f6yle gazete gazete dola\u015f\u0131yorsun? Otur. Otur da bey zannetsinler yahu. Hala rahat durmuyorsun, 87 ya\u015f\u0131nda hala ortal\u0131\u011f\u0131 kar\u0131\u015ft\u0131r\u0131yorsun&#8221; dedi.<\/p>\n<p style=\"text-align: justify;\">YOZGAT &#8211; Ba\u015fbakan Recep Tayyip Erdo\u011fan, partisinin Yozgat mitinginde yapt\u0131\u011f\u0131 konu\u015fmada AK Parti&#8217;nin milletin partisi oldu\u011funu belirtirken, &#8220;Birilerinin de\u011fil, Ak Parti&#8217;nin rotas\u0131n\u0131 \u00e7eteler, kasetler \u00e7izemez. Sadece ve sadece millet \u00e7izer&#8221; dedi. Erdo\u011fan, CHP Genel Ba\u015fkan\u0131 Kemal K\u0131l\u0131\u00e7daro\u011flu&#8217;nun meydanlarda &#8216;Ben Kemal&#8217;im, d\u00fcr\u00fcst\u00fcm&#8217; dedi\u011fini hat\u0131rlat\u0131rken, eski Cumhurba\u015fkan\u0131 S\u00fcleyman Demirel&#8217;den talimat ald\u0131\u011f\u0131n\u0131 iddia ederek, &#8220;Meydanlarda ben Kemal&#8217;im, d\u00fcr\u00fcst\u00fcm diyen Bay Kemal. Sen nerelerden talimat al\u0131yorsun, ne dolaplar \u00e7eviriyorsun. Sen \u00e7\u0131rak bile olamad\u0131n yahu&#8221; diye konu\u015ftu.<\/p>\n<p style=\"text-align: justify;\">Beraberinde Devlet Bakan\u0131 ve Ba\u015fbakan Yard\u0131mc\u0131s\u0131 Cemil \u00c7i\u00e7ek ile birlikte \u00f6zel helikopterle Yozgat Bozok Stad\u0131&#8217;na inen Ba\u015fbakan Erdo\u011fan&#8217;\u0131, Enerji ve Tabii Kaynaklar Bakan\u0131 Taner Y\u0131ld\u0131z, Vali Necati \u015eent\u00fcrk, AK Parti Grup Ba\u015fkanvekili Bekir Bozda\u011f ile birlikte di\u011fer yetkililer kar\u015f\u0131lad\u0131. Erdo\u011fan ard\u0131ndan Cumhuriyet alan\u0131n\u0131 dolduran yakla\u015f\u0131k 10 bin ki\u015fiye hitap etti. Erdo\u011fan, &#8220;G\u00f6n\u00fcl insan\u0131 rahmetli Ahmet Efendi&#8217;nin \u015fehri Yozgat&#8217;\u0131 g\u00f6n\u00fclden selaml\u0131yorum. Yozgat, b\u00fcy\u00fck T\u00fcrkiye dedi, \u00fcst\u00fcnlerin hukuku de\u011fil, hukukun \u00fcst\u00fcnl\u00fc\u011f\u00fc dedi. Yozgat kendinden bekleneni en iyi \u015fekilde yapt\u0131. \u00c7\u00fcnk\u00fc Yozgat yi\u011fidin harman oldu\u011fu yerdir. Yozgat bize, biz de Yozgat sevdal\u0131y\u0131z&#8221; dedi.<\/p>\n<p style=\"text-align: justify;\">Yozat&#8217;\u0131n CHP ve MHP iktidarlar\u0131nda neler \u00e7ekti\u011fini \u00e7ok iyi bildi\u011fini belirten Erdo\u011fan, &#8220;3 Kas\u0131m 2002&#8217;de siz bu harekete sahip \u00e7\u0131kt\u0131n\u0131z, Yozgat g\u00f6z bebe\u011fimizdir, can\u0131m\u0131zd\u0131r, Yozgat&#8217;\u0131 yeniden in\u015fa etmeye devam edecek Bozok Ovas\u0131&#8217;nda bir d\u00fcnya kenti, bir marka kenti olu\u015fturmak i\u00e7in \u00e7ok daha fazla ter d\u00f6kece\u011fiz&#8221; dedi.<\/p>\n<p style=\"text-align: justify;\"><strong>AK PART\u0130&#8217;N\u0130N ROTASINI M\u0130LLET \u00c7\u0130ZER<\/strong><\/p>\n<p style=\"text-align: justify;\">Ak Parti&#8217;nin milletin partisi oldu\u011funu belirten Ba\u015fbakan Erdo\u011fan, &#8220;Birilerinin de\u011fil, AK Parti&#8217;nin rotas\u0131n\u0131 \u00e7eteler, kasetler \u00e7izemez. Sadece ve sadece millet \u00e7izer. AK Parti&#8217;de ben yoktur, biz vard\u0131r. AK Parti&#8217;nin kerameti kendinden de\u011fil, sizden menkuld\u00fcr. Bak\u0131n\u0131z say\u0131n K\u0131l\u0131\u00e7daro\u011flu. K\u0131l\u0131\u00e7daro\u011flu&#8217;nun Yozgat&#8217;ta ne anlama geldi\u011fini biliyoruz. Yozgat&#8217;\u0131n \u00e7ok t\u00fcrk\u00fcs\u00fc var. Yozgat S\u00fcrmeli diye, Nida T\u00fcfek\u00e7i&#8217;nin. Ne diyor, &#8216;Dersini alm\u0131\u015f da adiyor ezber.&#8217; Ey K\u0131l\u0131\u00e7daro\u011flu, 12 Eyl\u00fcl&#8217;de bu milletten dersini ald\u0131n ama, hala ezberleyemedin&#8221; dedi.<\/p>\n<p style=\"text-align: justify;\"><strong>BAY KEMAL \u00c7IRAK B\u0130LE OLAMADIN<\/strong><\/p>\n<p style=\"text-align: justify;\">Ba\u015fbakan Erdo\u011fan, bir gazetecinin, d\u00fcn internet g\u00fcnl\u00fc\u011f\u00fcnde yazd\u0131\u011f\u0131 ifadeleri g\u00fcndeme getirirken, &#8220;CHP&#8217;de listeler belirlenmeden \u00f6nce Demirel, CHP Genel Ba\u015fkan\u0131 Kemal K\u0131l\u0131\u00e7daro\u011flu&#8217;nu arad\u0131. Hem de bir kez de\u011fil. CHP&#8217;ye, &#8216;Haberal&#8217; bask\u0131s\u0131 yapt\u0131&#8217;. &#8216;Nereden mi biliyorum?&#8217; diye soruyor gazeteci ve cevab\u0131n\u0131 veriyor: Bu telefon g\u00f6r\u00fc\u015fmelerinin birine tan\u0131k oldum da, \u015fahit oldum da ondan diyor. Bu telefona tan\u0131k oldu\u011fumda, yazmamam istenmi\u015fti, &#8216;off the record&#8217; diyorlar buna. Bug\u00fcn bu iste\u011fin ge\u00e7erlili\u011fini yitirdi\u011fini d\u00fc\u015f\u00fcn\u00fcyorum diyor. Ben s\u00f6ylemiyorum, bayan gazeteci s\u00f6yl\u00fcyor. Ahh ah. Neler oluyor ya. Milletten neler gizleniyor, ne dolaplar d\u00f6n\u00fcyor. Meydanlarda &#8216;ben Kemalim&#8217;, &#8216;ben d\u00fcr\u00fcst\u00fcm&#8217;, &#8216;ben yalan s\u00f6ylemem&#8217; diye gezinen Bay Kemal, me\u011fer nerelerden talimat al\u0131yor, ne dolaplar \u00e7eviriyor. Bay Kemal, sen \u00e7\u0131rak bile olamad\u0131n yahu. Sen ak\u0131l hocandan dersini almaya devam et. G\u00fczelce ezberle, \u00f6nce bir \u00e7\u0131rak ol \u00e7\u0131rak&#8221; dedi.<\/p>\n<p style=\"text-align: justify;\"><strong>87 YA\u015eINDA HALA ORTALI KARI\u015eTIRIYOR<\/strong><\/p>\n<p style=\"text-align: justify;\">Konu\u015fmas\u0131n\u0131n devam\u0131nda Demirel&#8217;i kasteden Erdo\u011fan, CHP&#8217;nin 87 ya\u015f\u0131nda bir ak\u0131l hocas\u0131 oldu\u011funu belirtirken \u015funlar\u0131 s\u00f6yledi:<\/p>\n<p style=\"text-align: justify;\">&#8220;\u015eimdi gazetelerde r\u00f6portajlara ba\u015flad\u0131, siyasete soyunacak belli. Bizlerle ilgili diyor ki, evham yap\u0131yorlar. &#8216;Ben CHP&#8217;nin ak\u0131l hocas\u0131 milli \u015fefi de\u011filim&#8217; diyor. Meydanlarda ben Kemal&#8217;im, d\u00fcr\u00fcst\u00fcm diyen Bay Kemal. Ben nerelerden talimat al\u0131yorum, ne dolaplar \u00e7eviriyor, bay kemal, sen \u00e7\u0131rak bile olamad\u0131n yahu. Belki bu beyefendiyi tan\u0131mam, ben buradan Yozgat&#8217;dan baz\u0131 ipu\u00e7lar\u0131 vereyim. Bu beyefendi CHP&#8217;ye ge\u00e7mi\u015fte neler s\u00f6ylemi\u015f. Diyor ki beyefendi. &#8216;CHP \u00fclkede \u00e7\u0131kan kanunsuz olaylar\u0131n ba\u015f tertip\u00e7isi ve tahrik\u00e7isidir.&#8217; Bunlar\u0131 sen s\u00f6yledin sen. Otur oturdu\u011fun yerde, ne i\u015fin var gazete gazete dola\u015f\u0131yorsun. Otur da bey zannetsinler. 87 ya\u015f\u0131ndas\u0131n hala ortal\u0131\u011f\u0131 kar\u0131\u015ft\u0131r\u0131yorsun. Sessiz dur. Yok, Ne diyor bak, ayn\u0131 beyefendi, &#8216;CHP her \u015feyi berbat ettikten sona h\u00fck\u00fcmeti b\u0131rak\u0131p ka\u00e7m\u0131\u015ft\u0131r. Halk Partisi&#8217;ne kalsa h\u00fck\u00fcmet 100 defa batm\u0131\u015ft\u0131r&#8217; diyor. Bitmedi devam ediyor yine Demirel. &#8216;CHP ile kalk\u0131nma yan yana gelmez diyor. CHP ile anar\u015fi yan yana gelir&#8217; diyor. Ve &#8216;bunlar birbirine yak\u0131\u015f\u0131r&#8217; diyor. Yine CHP&#8217;nin se\u00e7menine sesleniyor Demirel. &#8216;Yolda alt\u0131n bulsan\u0131z CHP ile b\u00f6l\u00fc\u015fmeyin.&#8221; Bir \u015fey daha s\u00f6yl\u00fcyor, &#8216;CHP iktidar\u0131nda ineklerin s\u00fct\u00fc kurur s\u00fct\u00fc &#8216;diyor. Bunlara \u015fimdi ne oldu, ne getirdi, bayram de\u011fil, seyran de\u011fil. CHP 27 May\u0131s m\u00fcdahalesine \u00e7anak tutup, merhum Adnan Menderes ve iki arkada\u015f\u0131n\u0131n idam sehpas\u0131na g\u00f6t\u00fcr\u00fclmesine seyirci kald\u0131. Bu emekli beyefendi de 28 \u015eubat m\u00fcdahalesine kol kanat gerdi. \u015eimdi bu stat\u00fckonun iki bek\u00e7isi bulu\u015ftular. Bunlar\u0131 Alevi vatanda\u015flara nas\u0131l anlatacaks\u0131n\u0131z.&#8221;<\/p>\n<p style=\"text-align: justify;\"><strong>KILI\u00c7DARO\u011eLU&#8217;NA Y\u00dcR\u00dcYEN YALAN DED\u0130M<\/strong><\/p>\n<p style=\"text-align: justify;\">T\u00fcrkiye&#8217;de 490 bin konut in\u015faa edildi\u011fini, 260 bininin ise sahiplerine teslim edildi\u011fini belirten Erdo\u011fan, &#8220;Biz ne dedik, ne aldatan olaca\u011f\u0131z ne aldanan olaca\u011f\u0131z. \u015eimdi say\u0131n K\u0131l\u0131\u00e7daro\u011flu&#8217;na. Siz d\u00fcr\u00fcsts\u00fcn\u00fcz \u00f6yle mi? Siz s\u00f6z\u00fcn\u00fczde durursunuz \u00f6yle mi? Siz Gandi&#8217;siniz ya. Antalya&#8217;ya verdi\u011finiz s\u00f6zler ne oldu. \u0130\u015fte o g\u00fcn Antalya&#8217;da nas\u0131l yalan s\u00f6ylediyse, bug\u00fcn de T\u00fcrkiye&#8217;ye yalan s\u00f6yl\u00fcyor. Bug\u00fcn t\u00fcm T\u00fcrkiye&#8217;yi aldatmak istiyorlar. Ben say\u0131n K\u0131l\u0131\u00e7daro\u011flu&#8217;na y\u00fcr\u00fcyen yalan dedim. G\u00f6rd\u00fcm ki hafif kal\u0131r be. \u015eimdi ne deyim. Bunlar ko\u015fan yalanc\u0131 ko\u015fan. \u0130\u015fte Antalya&#8217;daki afi\u015fler. Belgeli yalanc\u0131 bunlar&#8221; dedi.<\/p>\n<p style=\"text-align: justify;\"><strong>B\u00dcY\u00dcK KIZIMIN EVL\u0130L\u0130K DAVET\u0130YES\u0130<\/strong><\/p>\n<p style=\"text-align: justify;\">Ba\u015fbakan Erdo\u011fan, bug\u00fcn bir b\u00fcy\u00fck gazetede K\u0131l\u0131\u00e7daro\u011flu&#8217;nun yalan s\u00f6yledi\u011fini belirtirken, &#8220;G\u00fcya ben b\u00fcy\u00fck k\u0131z\u0131m\u0131n evlilik davetiyesini \u00f6zel u\u00e7akla \u00dcrd\u00fcn kral\u0131na g\u00f6ndermi\u015fim. B\u00f6yle hayas\u0131zl\u0131k olur mu? Sonra baz\u0131 yay\u0131n organlar\u0131 diyormu\u015f Ba\u015fbakan b\u00f6yle konu\u015fmad\u0131. Ben bu K\u0131l\u0131\u00e7daro\u011flu&#8217;na diyorum ki, d\u00fcr\u00fcstsen, mertsen \u00e7\u0131k bunlar\u0131 a\u00e7\u0131kla. Sen namertsin, sen d\u00fcr\u00fcst de\u011filsin. Sen hangi \u00e7a\u011fda ya\u015f\u0131yorsun. \u00d6zel u\u00e7akla davetiye mi g\u00f6nderilirmi\u015f ya. B\u00f6yle sa\u00e7mal\u0131k m\u0131 olur, b\u00f6yle \u015fey mi olur ya. De\u011ferli karde\u015flerim. Bunlar\u0131n ge\u00e7mi\u015fi de bu, bug\u00fcne de bu. Fakat bunlarda y\u00fcz yok. Ve yalan\u0131 bunlar g\u00fcle oynaya s\u00f6ylerler. Sordu\u011fum sorulara cevap veremezler, yalan\u0131n\u0131 takip etmekten b\u0131kt\u0131m&#8221; dedi.<\/p>\n<p style=\"text-align: justify;\"><strong>12 HAZ\u0130RAN&#8217;DA MHP&#8217;YE DERS\u0130N\u0130 VER\u0130N<\/strong><\/p>\n<p style=\"text-align: justify;\">Konu\u015fmas\u0131n\u0131n devam\u0131nda Bah\u00e7eli&#8217;ye g\u00f6ndermede bulunan Erdo\u011fan, &#8220;Sen 3,5 y\u0131l Ba\u015fbakan Yard\u0131mc\u0131l\u011f\u0131\u0131 yapt\u0131n. Ben de \u0130stabul&#8217;da Belediye Ba\u015fkanl\u0131\u011f\u0131. \u00c7\u0131karsayd\u0131n o dosyalar\u0131. Bana partiyi kurdu\u011fumuz andan itibaren 57 tane dava a\u00e7\u0131ld\u0131. Ve \u015fu anda 3-4 tane dava var. Benim abdestimden \u015f\u00fcphem yok ki, namaz\u0131mdan \u015f\u00fcphem olsun. Onun i\u00e7in y\u00fcce divana g\u00f6nderecekmi\u015f. Nereye g\u00fcc\u00fcn yetiyorsa onu yap. Say\u0131n Bah\u00e7eli, sen daha \u00e7ok beklersin \u00e7ok. Gelin bu MHP&#8217;ye 12 Haziran&#8217;da dersini verin. Verin dersini. onun i\u00e7in de benim Yozgat&#8217;tan beklentim \u015fu. Yozgat&#8217;tan 4&#8217;te 4 bekliyorum. Yozgat&#8217;a bu yak\u0131\u015f\u0131r&#8221; dedi.<\/p>\n<p style=\"text-align: justify;\"><strong>CHP CAM\u0130 KAPATIP AHIR YAPTI<\/strong><\/p>\n<p style=\"text-align: justify;\">Ba\u015fbakan Erdo\u011fan, Yozgat&#8217;ta co\u015fkulu kalabal\u0131\u011fa hitaben yapt\u0131\u011f\u0131 konu\u015fmas\u0131nda, CHP ile ilgili bir belge daha yay\u0131nlayaca\u011f\u0131n\u0131 s\u00f6yledi. Erdo\u011fan, &#8220;Bu CHP&#8217;nin ge\u00e7mi\u015finde neler var. 4 Mart 1949 tarihli bir Bakanlar Kurulu karar\u0131. CHP&#8217;nin aynen \u015fu ifadeler yer al\u0131yor: Bolu&#8217;daki Karakad\u0131 Caminin bak\u0131m ve onar\u0131m giderleri devlet b\u00fct\u00e7esinden \u00f6denmek ve kitapl\u0131k olarak kullan\u0131lmak \u00fczere Milli E\u011fitim Bakanl\u0131\u011f\u0131&#8217;na tahsisi kararla\u015ft\u0131r\u0131lm\u0131\u015ft\u0131r. B\u00f6ylece Karakad\u0131 cami kapat\u0131l\u0131yor. Alt\u0131nda imzalar. Belgeler konu\u015fuyor. Cumhurba\u015fkan\u0131 \u0130smet \u0130n\u00f6n\u00fc, alt\u0131nda CHP h\u00fck\u00fcmetinin Ba\u015fbakan\u0131 ve bakanlar\u0131n imzalar\u0131. CHP&#8217;nin cami kapatt\u0131\u011f\u0131n\u0131n, camileri ah\u0131r olarak ispat\u0131d\u0131r bu. Atat\u00fcrk sa\u011fl\u0131\u011f\u0131nda Konya&#8217;daki camilerle ilgili de \u0130n\u00f6n\u00fc&#8217;ye bir emir veriyor, bunlar\u0131n s\u00fcratle restore edilmesini istiyor. Atat\u00fcrk \u00f6l\u00fcyor, onlar\u0131 restore etmek kime kal\u0131yor, bize kal\u0131yor bize&#8221; dedi.<\/p>\n<p style=\"text-align: justify;\">Ba\u015fbakan Erdo\u011fan, CHP \u0130stanbul Millekili aday\u0131 Prof. Dr. Binnaz Toprak&#8217;\u0131 kastederek, bir kad\u0131n profes\u00f6r\u00fcn \u0130stanbul Zincirlikuyu mezarl\u0131\u011f\u0131 \u00f6n\u00fcnden ge\u00e7ti\u011fini hat\u0131rlat\u0131rken, &#8220;Burada bir kitabede &#8216;Her Nefis \u00d6l\u00fcm\u00fc Tadacakt\u0131r&#8217; diyor. Fakat bu profes\u00f6r herhalde onu be\u011fenmemi\u015f olacak ki, &#8216;\u00e7ok sinir bozucu&#8217; diyor. Ya sen profes\u00f6r olmu\u015fsun ama. Bunu, herhalde Allah&#8217;\u0131n ayeti olarak bilmiyor. Zannediyor ki \u0130stanbul B\u00fcy\u00fck\u015fehir belediye Ba\u015fkan\u0131 Kadir Topba\u015f&#8217;\u0131n s\u00f6z\u00fc. Hala manevra yap\u0131yor. Prof olmak ba\u015fka bir \u015fey. \u00c7\u00fcnk\u00fc ilim kad\u0131n\u0131 olabilirsin, ama profes\u00f6r oldu\u011fu zaman her \u015feyi bilirim anlam\u0131na gelmez. Bir defa irfan sahibi olacaks\u0131n. Dini, milli, manevi de\u011ferlere tahamm\u00fcl edemediler. Ben bu belgeleri televizyon programlar\u0131nda a\u00e7\u0131klamaya devam edece\u011fim. Beni izlemeye devam edin. istiyorum ki gen\u00e7ler CHP&#8217;nin nas\u0131l bir zul\u00fcm oca\u011f\u0131 oldu\u011funu g\u00f6rs\u00fcn, \u00f6\u011frensin. CHP d\u00f6neminde milletin bu z\u00fcul\u00fcm alt\u0131nda inim inim inletildi\u011fini bug\u00fcn\u00fcn gen\u00e7leri g\u00f6rs\u00fcn, ona g\u00f6re yerlerini als\u0131nlar&#8221; dedi.<\/p>\n<p style=\"text-align: justify;\"><strong>Y\u00dcCE D\u0130VANA SEN M\u0130, YOKSA BEN M\u0130 G\u0130TMEM LAZIM<\/strong><\/p>\n<p style=\"text-align: justify;\">T\u00fcrkiye&#8217;nin, \u015fu anda d\u00fcnyan\u0131n en g\u00fc\u00e7l\u00fc ekonomisinden biri oldu\u011funu belirten Erdo\u011fan, MHP&#8217;nin h\u00fck\u00fcmeti 23,5 milyar dolar bor\u00e7la devretti\u011fini belirtirken, \u015fu anda 5 milyar borcun bulundu\u011funu s\u00f6yledi. Erdo\u011fan, &#8220;18,5 milyar\u0131 biz \u00f6dedik. \u015eu anda 5 milyar borcumuz var. Say\u0131n Bah\u00e7eli, Y\u00fcce Divan&#8217;a senin mi, yoksa benim mi gitmem laz\u0131m. Soruyorum milliyet\u00e7ilik kafatas\u00e7\u0131l\u0131k m\u0131d\u0131r? \u0131rk\u00e7\u0131l\u0131k m\u0131d\u0131r?&#8221; diye sordu.<\/p>\n<p style=\"text-align: justify;\"><strong>BAK BUNUN ADI FAT\u0130H PROJES\u0130<\/strong><\/p>\n<p style=\"text-align: justify;\">Konu\u015fmas\u0131n\u0131n devam\u0131nda K\u0131l\u0131\u00e7daro\u011flu&#8217;nun 600 lira verece\u011fini belirtti\u011fini s\u00f6yleyen Erdo\u011fan, &#8220;K\u0131l\u0131\u00e7daro\u011flu 600 lira verece\u011fim diyor. Devletin kasas\u0131ndaki 95 milyar dolara suland\u0131. \u00dcniversite \u00f6\u011frencileri, bizden \u00f6nce burs neydi biliyormusun, 45 lira veriliyordu, \u015fimdi biz ne veriyoruz, 240 lira. E\u011fer kredi yurtlar\u0131nda kal\u0131yorsan 150 lira veriyoruz, beslenme yard\u0131m\u0131n\u0131 390 lira yapt\u0131k. Master \u00f6\u011frencisiysen 480 lira, doktora \u00f6\u011frencisiysen 720 lira veriyoruz. Neden, \u00e7\u00fcnk\u00fc e\u011fitimi \u00e7ok \u00f6nemsiyoruz. \u015eimdi yeni bir m\u00fcjde. O da \u015fu. Okullarda art\u0131k kara tahtalar\u0131 kald\u0131r\u0131yoruz. Ak\u0131ll\u0131 tahtaya ge\u00e7iyoruz. Bunlar bilgisayar donan\u0131ml\u0131 olacak. Ve \u0130nternet a\u011f\u0131 ile d\u00fcnyaya ba\u011fl\u0131 olacak. Her \u00f6\u011frencimizin eline de elektronik kitap verece\u011fiz. B\u00fct\u00fcn m\u00fcfredat bunun i\u00e7erisinde olacak. Ve bunlar\u0131 \u00fccretsiz olarak \u00f6\u011frencilerimize verece\u011fiz. Say\u0131n k\u0131l\u0131\u00e7daro\u011flu, Bah\u00e7eli. Bak bunun ad\u0131 Fatih Projesi. Bizim uygulamam\u0131za hayaliniz bile ula\u015famaz. Halep ordaysa ar\u015f\u0131n burada. Se\u00e7imden sonra ihalesini yapaca\u011f\u0131z, bir taraftan ak\u0131ll\u0131 tahtalar \u00fcretilecek, elektronik kitaplar \u00fcretilecek, 4 y\u0131lda b\u00fct\u00fcn ak\u0131ll\u0131 tahtalar\u0131 monte edece\u011fiz, elektronik kitaplar\u0131 da\u011f\u0131taca\u011f\u0131z, 4 senede bitirece\u011fiz&#8221; dedi.<\/p>\n<p style=\"text-align: justify;\"><strong>HASTANE KAPILARINDA ANAMIZI A\u011eLATTILAR<\/strong><\/p>\n<p style=\"text-align: justify;\">Sa\u011fl\u0131kta \u00f6nemli at\u0131l\u0131mlar yapt\u0131klar\u0131n\u0131 da belirten Ba\u015fbakan Erdo\u011fan, b\u00fct\u00fcn hastaneleri birle\u015ftireceklerini hat\u0131rlat\u0131rken, &#8220;K\u0131l\u0131\u00e7daro\u011flu &#8216;SSK&#8217;yi bu kapsama alamazs\u0131n\u0131z&#8217; dedi. Niye Bay Kemal. 8 sene 90&#8217;l\u0131 y\u0131llarda SSK Genel M\u00fcd\u00fcrl\u00fc\u011f\u00fc yapt\u0131. Sigorta hastanelerinde doktor kuyru\u011funda, Allah a\u015fk\u0131na az m\u0131 beklediniz ila\u00e7 kuyru\u011funda, ila\u00e7lar\u0131n tamam\u0131n\u0131 alabildiniz mi? \u015eimdi soruyorum Yozgatl\u0131 karde\u015fime. \u0130stedi\u011fin hastaneye gidiyor musun? \u0130stedi\u011fin eczaneden ilac\u0131n\u0131 al\u0131yor musun? Daha ne diyeyim karde\u015flerim. Biz sizin hizmetkar\u0131n\u0131z. Onun i\u00e7in de hepsini birle\u015ftirdik, \u00f6zel, di\u011fer devlet hastanelerin. Say\u0131n Bah\u00e7eli&#8217;nin d\u00f6neminde \u00f6l\u00fcleriniz bile hastanelerde rehin kal\u0131yordu. Ya bu Bah\u00e7eli&#8217;ye nas\u0131l oy vereceksiniz. \u00d6l\u00fcn\u00fcz\u00fc bile rehin alanlara soruyorum, nas\u0131l oy vereceksiniz? Ba\u015f\u0131m\u0131z\u0131 iki elimizin aras\u0131na al\u0131p, iyi d\u00fc\u015f\u00fcnelim. M\u00fcsl\u00fcman, bir sokuldu\u011fu yerden bir daha sokulmaz. Bunu iyi bilelim. Anam\u0131z\u0131 a\u011flatt\u0131lar bizim, bu hastane kap\u0131lar\u0131nda&#8221; dedi.<\/p>\n<p style=\"text-align: justify;\"><strong>KILI\u00c7DARO\u011eLU G\u0130B\u0130 BEDAVA DA\u011eITMIYORUZ<\/strong><\/p>\n<p style=\"text-align: justify;\">Konu\u015fmas\u0131n\u0131n son b\u00f6l\u00fcm\u00fcnde gen\u00e7 k\u0131zlara, yeni evlenen fakir fukaraya da seslenen Erdo\u011fan, &#8220;Gen\u00e7 k\u0131zlara, yeni evlenenlere, fakir fukara evlenenlere \u015fimdi bir uygulama yap\u0131yoruz. 50 metrekarelik dairelere ba\u015fl\u0131yoruz. \u0130\u00e7ini de beyaz e\u015fyas\u0131 mobilyas\u0131 olacak ve 20 y\u0131l vade ile verece\u011fiz. Ayda 100 lira taksitle. Nas\u0131l. Bak biz K\u0131l\u0131\u00e7daro\u011flu gibi bedava da\u011f\u0131tm\u0131yoruz. \u00c7\u00fcnk\u00fc biz bal\u0131k tutmay\u0131 \u00f6\u011fretiyoruz. \u00c7al\u0131\u015fanla \u00e7al\u0131\u015fmayan\u0131n aras\u0131ndaki fark\u0131 ortaya koymam\u0131z laz\u0131m&#8221; diye konu\u015ftu.<\/p>\n<p style=\"text-align: justify;\"><a href=\"http:\/\/www.gazeteport.com.tr\/SIYASET\/NEWS\/GP_906407\" target=\"_blank\">Kaynak : GAZETEPORT<\/a><\/p>\n","protected":false},"excerpt":{"rendered":"<p style=\"text-align: center;\">\n<p style=\"text-align: justify;\">Ba\u015fbakan Erdo\u011fan, k\u0131z\u0131n\u0131n davetiyesini \u00f6zel u\u00e7akla \u00dcrd\u00fcn\u2019e g\u00f6nderdi\u011fini iddia eden CHP lideri Kemal K\u0131l\u0131\u00e7daro\u011flu\u2019na sert \u00e7\u0131kt\u0131: \u201cB\u00f6yle hayas\u0131zl\u0131k olur mu? \u00c7\u0131k bunu a\u00e7\u0131kla. Sen namertsin, d\u00fcr\u00fcst de\u011filsin.\u201d <\/p>\n","protected":false},"author":1,"featured_media":0,"comment_status":"open","ping_status":"closed","sticky":false,"template":"","format":"standard","meta":{"footnotes":""},"categories":[105],"tags":[],"class_list":["post-32897","post","type-post","status-publish","format-standard","hentry","category-gundem","odd"],"_links":{"self":[{"href":"http:\/\/www.korhanyilmaz.com\/index.php?rest_route=\/wp\/v2\/posts\/32897","targetHints":{"allow":["GET"]}}],"collection":[{"href":"http:\/\/www.korhanyilmaz.com\/index.php?rest_route=\/wp\/v2\/posts"}],"about":[{"href":"http:\/\/www.korhanyilmaz.com\/index.php?rest_route=\/wp\/v2\/types\/post"}],"author":[{"embeddable":true,"href":"http:\/\/www.korhanyilmaz.com\/index.php?rest_route=\/wp\/v2\/users\/1"}],"replies":[{"embeddable":true,"href":"http:\/\/www.korhanyilmaz.com\/index.php?rest_route=%2Fwp%2Fv2%2Fcomments&post=32897"}],"version-history":[{"count":0,"href":"http:\/\/www.korhanyilmaz.com\/index.php?rest_route=\/wp\/v2\/posts\/32897\/revisions"}],"wp:attachment":[{"href":"http:\/\/www.korhanyilmaz.com\/index.php?rest_route=%2Fwp%2Fv2%2Fmedia&parent=32897"}],"wp:term":[{"taxonomy":"category","embeddable":true,"href":"http:\/\/www.korhanyilmaz.com\/index.php?rest_route=%2Fwp%2Fv2%2Fcategories&post=32897"},{"taxonomy":"post_tag","embeddable":true,"href":"http:\/\/www.korhanyilmaz.com\/index.php?rest_route=%2Fwp%2Fv2%2Ftags&post=32897"}],"curies":[{"name":"wp","href":"https:\/\/api.w.org\/{rel}","templated":true}]}}