{"id":32878,"date":"2011-05-17T08:45:39","date_gmt":"2011-05-17T05:45:39","guid":{"rendered":"http:\/\/www.korhanyilmaz.com\/?p=32878"},"modified":"2011-05-17T08:45:39","modified_gmt":"2011-05-17T05:45:39","slug":"osymde-fatura-personele-cikti","status":"publish","type":"post","link":"http:\/\/www.korhanyilmaz.com\/?p=32878","title":{"rendered":"\u00d6SYM&#8217;de fatura personele \u00e7\u0131kt\u0131"},"content":{"rendered":"<p style=\"text-align: justify;\"><a href=\"http:\/\/www.korhanyilmaz.com\/wp-content\/uploads\/2011\/05\/2081.jpg\"  class=\"lightview\"><img loading=\"lazy\" decoding=\"async\" class=\"aligncenter size-full wp-image-32879\" src=\"http:\/\/www.korhanyilmaz.com\/wp-content\/uploads\/2011\/05\/2081.jpg\" alt=\"\" width=\"336\" height=\"224\" \/><\/a><\/p>\n<p style=\"text-align: justify;\">\u00d6SYM&#8217;nin te\u015fkilat yasas\u0131n\u0131n \u00e7\u0131kmas\u0131n\u0131n ard\u0131ndan \u00d6SYM&#8217;deki kadrolar\u0131 Y\u00d6K&#8217;e al\u0131nan ve bu tarihten sonra ge\u00e7ici g\u00f6revlendirmeyle \u00d6SYM&#8217;de \u00e7al\u0131\u015fmaya devam eden personelden 10&#8217;u \u00d6SYM&#8217;deki g\u00f6revlendirmesi sonland\u0131r\u0131larak Y\u00d6K&#8217;e al\u0131nd\u0131.<!--more--><\/p>\n<p style=\"text-align: justify;\">\u00c7al\u0131\u015fanlar\u0131n &#8216;bilgi s\u0131zd\u0131rd\u0131\u011f\u0131 gerek\u00e7esiyle&#8217; g\u00f6rev yerlerinin de\u011fi\u015ftirildi\u011fi iddialar\u0131 Y\u00d6K yetkilileri taraf\u0131ndan reddediliyor. G\u00f6rev yerlerinin de\u011fi\u015ftirilmeyece\u011fi konusunda kendilerine \u00d6SYM Ba\u015fkan\u0131 Ali Demir taraf\u0131ndan \u015fahsi garanti verildi\u011fini s\u00f6yleyen kurum \u00e7al\u0131\u015fanlar\u0131n\u0131n g\u00fcndeminde protesto amac\u0131yla kurumu bo\u015faltmak var.<\/p>\n<p style=\"text-align: justify;\"><strong>DEM\u0130R&#8217;DEN &#8220;K\u0130\u015e\u0130SEL GARANT\u0130&#8221;<\/strong><\/p>\n<p style=\"text-align: justify;\">Bu y\u0131l \u00d6SYM&#8217;nin te\u015fkilat yasas\u0131 niteli\u011fini ta\u015f\u0131yan &#8216;6114 Say\u0131l\u0131 \u00d6l\u00e7me Se\u00e7me ve Yerle\u015ftirme Merkezi&#8217;nin Kurulu\u015f ve G\u00f6revleri Hakk\u0131nda Kanun&#8217;un \u00e7\u0131kmas\u0131n\u0131n ard\u0131ndan kadrolar\u0131 Y\u00d6K&#8217;e al\u0131nan \u00d6SYM personeli 11 Mart 2011 tarihli ge\u00e7ici g\u00f6revlendirmeyle \u00d6SYM&#8217;deki g\u00f6revlerine devam ediyordu. \u00d6SYM Ba\u015fkan\u0131 Prof. Dr. Ali Demir, te\u015fkilat yasas\u0131n\u0131n \u00e7\u0131kmas\u0131n\u0131n ard\u0131ndan g\u00f6rev yerlerinin de\u011fi\u015fece\u011fini d\u00fc\u015f\u00fcnerek huzursuzlanan \u00d6SYM personeline, &#8216;Ben size \u015fahsen garanti ediyorum. Ben burada oldu\u011fum s\u00fcrece hi\u00e7birinizin g\u00f6rev yeri de\u011fi\u015fmeyecek&#8217; diyerek \u015fahsi garanti verdi.<\/p>\n<p style=\"text-align: justify;\">Ak\u015fam&#8217;da yer alan habere g\u00f6re, g\u00f6rev yeri de\u011fi\u015fikli\u011finin &#8216;bilgi s\u0131zd\u0131rma gerek\u00e7esiyle&#8217; al\u0131nd\u0131\u011f\u0131 ifade edilirken \u00d6SYM yetkilileri bu iddiay\u0131 kabul etmedi. Y\u00d6K&#8217;e \u00e7ekilen 10 personelin \u00d6SYM&#8217;de \u00e7al\u0131\u015ft\u0131klar\u0131 b\u00f6l\u00fcmler \u015f\u00f6yle: 2 personel Bilgi \u0130\u015flem B\u00f6l\u00fcm\u00fcnden, 1 personel Test Ara\u015ft\u0131rma B\u00f6l\u00fcm\u00fcnden, 1 personel S\u0131nav Hizmetleri B\u00f6l\u00fcm\u00fcnden, 1 personel Genel Sekreterlik B\u00f6l\u00fcm\u00fcnden, 3 personel Ar-Ge B\u00f6l\u00fcm\u00fcnden, 2 personel Ba\u015fkan Yard\u0131mc\u0131l\u0131\u011f\u0131 Ofisinden. Personellerin \u00e7o\u011fu yakla\u015f\u0131k 20 y\u0131ld\u0131r \u00d6SYM&#8217;de \u00e7al\u0131\u015f\u0131yor. \u00d6SYM Ba\u015fkan\u0131 Prof. Dr. Ali Demir&#8217;den ald\u0131klar\u0131 garantiye g\u00fcvenen \u00d6SYM personeli \u015fimdi protesto i\u00e7in kuruma girmeme karar\u0131n\u0131 tart\u0131\u015f\u0131yor.<\/p>\n<p style=\"text-align: justify;\"><strong>\u0130NSANLIK SU\u00c7U<\/strong><\/p>\n<p style=\"text-align: justify;\">T\u00fcrk E\u011fitim Sen Genel Ba\u015fkan\u0131 \u0130smail Koncuk, karar\u0131 H\u00fcrriyet\u2019e \u015f\u00f6yle de\u011ferlendirdi: \u201cG\u00f6revden almalar insanl\u0131k su\u00e7u. Bu \u00d6SYM\u2019deki kadrola\u015fman\u0131n g\u00f6stergesi. \u0130\u00e7eride ne bilgi var da personel d\u0131\u015far\u0131 s\u0131zd\u0131racak? Biz zaten \u00d6SYM Ba\u015fkan\u0131 Ali Demir\u2019in a\u00e7\u0131klamalar\u0131yla yetiniyoruz. O ne bilgi verirse onun \u00fczerine de\u011ferlendirme yap\u0131yoruz.\u201d<\/p>\n<p style=\"text-align: justify;\"><a href=\"http:\/\/www.gazeteport.com.tr\/GUNCEL\/NEWS\/GP_905954\" target=\"_blank\">Kaynak : GAZETEPORT<\/a><\/p>\n","protected":false},"excerpt":{"rendered":"<p style=\"text-align: justify;\">\n<p style=\"text-align: justify;\">\u00d6SYM&#8217;nin te\u015fkilat yasas\u0131n\u0131n \u00e7\u0131kmas\u0131n\u0131n ard\u0131ndan \u00d6SYM&#8217;deki kadrolar\u0131 Y\u00d6K&#8217;e al\u0131nan ve bu tarihten sonra ge\u00e7ici g\u00f6revlendirmeyle \u00d6SYM&#8217;de \u00e7al\u0131\u015fmaya devam eden personelden 10&#8217;u \u00d6SYM&#8217;deki g\u00f6revlendirmesi sonland\u0131r\u0131larak Y\u00d6K&#8217;e al\u0131nd\u0131.<\/p>\n","protected":false},"author":1,"featured_media":0,"comment_status":"open","ping_status":"closed","sticky":false,"template":"","format":"standard","meta":{"footnotes":""},"categories":[105],"tags":[],"class_list":["post-32878","post","type-post","status-publish","format-standard","hentry","category-gundem","odd"],"_links":{"self":[{"href":"http:\/\/www.korhanyilmaz.com\/index.php?rest_route=\/wp\/v2\/posts\/32878","targetHints":{"allow":["GET"]}}],"collection":[{"href":"http:\/\/www.korhanyilmaz.com\/index.php?rest_route=\/wp\/v2\/posts"}],"about":[{"href":"http:\/\/www.korhanyilmaz.com\/index.php?rest_route=\/wp\/v2\/types\/post"}],"author":[{"embeddable":true,"href":"http:\/\/www.korhanyilmaz.com\/index.php?rest_route=\/wp\/v2\/users\/1"}],"replies":[{"embeddable":true,"href":"http:\/\/www.korhanyilmaz.com\/index.php?rest_route=%2Fwp%2Fv2%2Fcomments&post=32878"}],"version-history":[{"count":0,"href":"http:\/\/www.korhanyilmaz.com\/index.php?rest_route=\/wp\/v2\/posts\/32878\/revisions"}],"wp:attachment":[{"href":"http:\/\/www.korhanyilmaz.com\/index.php?rest_route=%2Fwp%2Fv2%2Fmedia&parent=32878"}],"wp:term":[{"taxonomy":"category","embeddable":true,"href":"http:\/\/www.korhanyilmaz.com\/index.php?rest_route=%2Fwp%2Fv2%2Fcategories&post=32878"},{"taxonomy":"post_tag","embeddable":true,"href":"http:\/\/www.korhanyilmaz.com\/index.php?rest_route=%2Fwp%2Fv2%2Ftags&post=32878"}],"curies":[{"name":"wp","href":"https:\/\/api.w.org\/{rel}","templated":true}]}}