{"id":32861,"date":"2011-05-17T11:15:10","date_gmt":"2011-05-17T08:15:10","guid":{"rendered":"http:\/\/www.korhanyilmaz.com\/?p=32861"},"modified":"2011-05-17T11:15:10","modified_gmt":"2011-05-17T08:15:10","slug":"gulen-erdogan-komsu-oldu","status":"publish","type":"post","link":"http:\/\/www.korhanyilmaz.com\/?p=32861","title":{"rendered":"G\u00fclen &#8211; Erdo\u011fan kom\u015fu oldu"},"content":{"rendered":"<p style=\"text-align: center;\"><a href=\"http:\/\/www.korhanyilmaz.com\/wp-content\/uploads\/2011\/05\/2051.jpg\"  class=\"lightview\"><img loading=\"lazy\" decoding=\"async\" class=\"aligncenter size-full wp-image-32862\" src=\"http:\/\/www.korhanyilmaz.com\/wp-content\/uploads\/2011\/05\/2051.jpg\" alt=\"\" width=\"352\" height=\"263\" \/><\/a><\/p>\n<p style=\"text-align: justify;\">Yakla\u015f\u0131k 12 y\u0131ld\u0131r ABD&#8217;nin Pensilvanya Eyaleti&#8217;nde ya\u015fayan Fethullah G\u00fclen, T\u00fcrkiye&#8217;deki ikametg\u00e2h\u0131 olarak Ba\u015fbakan Recep Tayyip Erdo\u011fan&#8217;\u0131n da oturdu\u011fu K\u0131s\u0131kl\u0131&#8217;y\u0131 adres g\u00f6sterdi. Ayn\u0131 b\u00f6lgede G\u00fclen cemaatine yak\u0131n okul, yurt ve Kur&#8217;an kurslar\u0131n\u0131n oldu\u011fu \u00f6\u011frenildi.<!--more--><\/p>\n<p style=\"text-align: justify;\">Fethullah G\u00fclen, T\u00fcrkiye Gen\u00e7lik Birli\u011fi\u2019nden (TGB) \u00fc\u00e7 ki\u015fi hakk\u0131nda 10 bin liral\u0131k tazminat davas\u0131 a\u00e7\u0131nca, \u00f6nemli bir bilgi g\u00fcn y\u00fcz\u00fcne \u00e7\u0131kt\u0131. G\u00fclen\u2019in Avukat\u0131 Orhan Erdemli, dava dilek\u00e7esine m\u00fcvekkili i\u00e7in \u201cB\u00fcy\u00fck \u00c7aml\u0131ca Caddesi. No: 19 K\u0131s\u0131kl\u0131-\u00dcsk\u00fcdar-\u0130stanbul\u201d adresini beyan etti. Bu adresin, Ba\u015fbakan Erdo\u011fan\u2019\u0131n oturdu\u011fu villalara da yak\u0131n olmas\u0131 dikkat \u00e7ekti. K\u0131s\u0131kl\u0131 Mahallesi Avc\u0131 Kaz\u0131m Soka\u011f\u0131\u2019nda bulunan villalar\u0131n tapusu, o\u011fullar\u0131 Ahmet Burak ve Necmeddin Bilal Erdo\u011fan\u2019\u0131n \u00fczerine kay\u0131tl\u0131.<\/p>\n<p style=\"text-align: justify;\"><strong>&#8216;L\u00fcks site&#8217;<\/strong><\/p>\n<p style=\"text-align: justify;\">G\u00fclen\u2019in adres olarak g\u00f6sterdi\u011fi yerin yak\u0131n\u0131nda, \u015eeyh Selami Efendi T\u00fcrbesi ile K\u0131s\u0131kl\u0131 Abdullah A\u011fa Camisi yer al\u0131yor. K\u0131s\u0131kl\u0131\u2019da G\u00fclen cemaatine yak\u0131nl\u0131\u011f\u0131yla bilinen ki\u015filerin oturdu\u011fu biliniyor. Hatta yine cemaate yak\u0131n \u00d6zel Co\u015fkun \u0130lk\u00f6\u011fretim Okulu da burada bulunuyor. K\u0131s\u0131kl\u0131, bulundu\u011fu konum itirabiyle de de\u011ferli bir arazi \u00fczerinde kurulu. \u00c7evresi yer yer ormanl\u0131k olan K\u0131s\u0131kl\u0131\u2019da l\u00fcks havuzlu villalar dikkat \u00e7ekiyor. \u015eile Otoyolu kullan\u0131larak \u0130stanbul \u00c7evreyolu\u2019na, oradan da Bo\u011fazi\u00e7i K\u00f6pr\u00fcs\u00fc\u2019ne ula\u015f\u0131labiliyor.<\/p>\n<p style=\"text-align: justify;\"><strong>\u201819 numarada site var\u2019<\/strong><\/p>\n<p style=\"text-align: justify;\">Eski K\u0131s\u0131kl\u0131 Mahallesi Muhtar\u0131 Cabir Dilavero\u011flu, Erdo\u011fan\u2019la G\u00fclen\u2019in adreslerinin \u00e7ok yak\u0131n oldu\u011funu belirterek, \u201cB\u00fcy\u00fck\u00e7aml\u0131ca Caddesi \u00fczerinde cemaate yak\u0131n ki\u015filer oturuyor olabilir. Orada onlara mensup Co\u015fkun Koleji var. Onlar\u0131n yurtlar\u0131, kuran kurslar\u0131 bulunuyor. Ama sat\u0131n alm\u0131\u015f olabilir mi olamaz m\u0131 bilmiyorum. 19 numarada yeni yap\u0131lan bir site var diye biliyorum. 5-6 senelik bir site. O cadde \u00fczerinde tek numaralarda \u015fah\u0131s yok. Sadece bir site var. Yukardan a\u015fa\u011f\u0131ya do\u011fru Co\u015fkun Koleji\u2019nin villalar\u0131 ba\u015fl\u0131yor\u201d dedi.<\/p>\n<p style=\"text-align: justify;\"><a href=\"http:\/\/www.cumhuriyet.com.tr\/?hn=244328&amp;kw=G%FClen+-+Erdo%F0an+kom%FEu+oldu\" target=\"_blank\">Kaynak : Alican Uluda\u011f &#8211; Cumhuriyet Haber Portal\u0131<\/a><\/p>\n","protected":false},"excerpt":{"rendered":"<p style=\"text-align: center;\">\n<p style=\"text-align: justify;\">Yakla\u015f\u0131k 12 y\u0131ld\u0131r ABD&#8217;nin Pensilvanya Eyaleti&#8217;nde ya\u015fayan Fethullah G\u00fclen, T\u00fcrkiye&#8217;deki ikametg\u00e2h\u0131 olarak Ba\u015fbakan Recep Tayyip Erdo\u011fan&#8217;\u0131n da oturdu\u011fu K\u0131s\u0131kl\u0131&#8217;y\u0131 adres g\u00f6sterdi. Ayn\u0131 b\u00f6lgede G\u00fclen cemaatine yak\u0131n okul, yurt ve Kur&#8217;an kurslar\u0131n\u0131n oldu\u011fu \u00f6\u011frenildi.<\/p>\n","protected":false},"author":1,"featured_media":0,"comment_status":"open","ping_status":"closed","sticky":false,"template":"","format":"standard","meta":{"footnotes":""},"categories":[105],"tags":[],"class_list":["post-32861","post","type-post","status-publish","format-standard","hentry","category-gundem","odd"],"_links":{"self":[{"href":"http:\/\/www.korhanyilmaz.com\/index.php?rest_route=\/wp\/v2\/posts\/32861","targetHints":{"allow":["GET"]}}],"collection":[{"href":"http:\/\/www.korhanyilmaz.com\/index.php?rest_route=\/wp\/v2\/posts"}],"about":[{"href":"http:\/\/www.korhanyilmaz.com\/index.php?rest_route=\/wp\/v2\/types\/post"}],"author":[{"embeddable":true,"href":"http:\/\/www.korhanyilmaz.com\/index.php?rest_route=\/wp\/v2\/users\/1"}],"replies":[{"embeddable":true,"href":"http:\/\/www.korhanyilmaz.com\/index.php?rest_route=%2Fwp%2Fv2%2Fcomments&post=32861"}],"version-history":[{"count":0,"href":"http:\/\/www.korhanyilmaz.com\/index.php?rest_route=\/wp\/v2\/posts\/32861\/revisions"}],"wp:attachment":[{"href":"http:\/\/www.korhanyilmaz.com\/index.php?rest_route=%2Fwp%2Fv2%2Fmedia&parent=32861"}],"wp:term":[{"taxonomy":"category","embeddable":true,"href":"http:\/\/www.korhanyilmaz.com\/index.php?rest_route=%2Fwp%2Fv2%2Fcategories&post=32861"},{"taxonomy":"post_tag","embeddable":true,"href":"http:\/\/www.korhanyilmaz.com\/index.php?rest_route=%2Fwp%2Fv2%2Ftags&post=32861"}],"curies":[{"name":"wp","href":"https:\/\/api.w.org\/{rel}","templated":true}]}}