{"id":32852,"date":"2011-05-16T22:11:30","date_gmt":"2011-05-16T19:11:30","guid":{"rendered":"http:\/\/www.korhanyilmaz.com\/?p=32852"},"modified":"2011-05-16T22:11:30","modified_gmt":"2011-05-16T19:11:30","slug":"once-firca-sonra-tehdit","status":"publish","type":"post","link":"http:\/\/www.korhanyilmaz.com\/?p=32852","title":{"rendered":"\u00d6nce f\u0131r\u00e7a sonra tehdit"},"content":{"rendered":"<p style=\"text-align: center;\"><a href=\"http:\/\/www.korhanyilmaz.com\/wp-content\/uploads\/2011\/05\/207.jpg\"  class=\"lightview\"><img loading=\"lazy\" decoding=\"async\" class=\"aligncenter size-full wp-image-32853\" src=\"http:\/\/www.korhanyilmaz.com\/wp-content\/uploads\/2011\/05\/207.jpg\" alt=\"\" width=\"414\" height=\"220\" \/><\/a><\/p>\n<p style=\"text-align: justify;\">Batman&#8217;da s\u0131k\u0131nt\u0131lar\u0131n\u0131 iletti\u011fi Sa\u011fl\u0131k Bakan\u0131 Recep Akda\u011f&#8217;\u0131n &#8220;G\u00f6zlerin g\u00f6rm\u00fcyor, ama i\u015f vermi\u015fiz&#8221; \u015feklindeki tepkisiyle kar\u015f\u0131la\u015fan engelli i\u015f\u00e7i, rencide oldu\u011funu s\u00f6yledi. Engelli i\u015f\u00e7i, olay\u0131n ard\u0131ndan AK Partili baz\u0131 milletvekillerinin kendisini arayarak &#8220;Niye bas\u0131nla payla\u015f\u0131yorsun? \u0130\u015finden olursun&#8221; dedi\u011fini de anlatt\u0131.<!--more--><\/p>\n<p style=\"text-align: justify;\">BATMAN &#8211; Batman&#8217;da ge\u00e7ti\u011fimiz pazar g\u00fcn\u00fc Maliye Bakan\u0131 Mehmet \u015eim\u015fek ile Batman B\u00f6lge Devlet Hastanesi&#8217;ne giderek, incelemelerde bulunan Sa\u011fl\u0131k Bakan\u0131 Recep Akda\u011f, personelle yemek yerken \u00e7al\u0131\u015fanlar sorunlar\u0131n\u0131 iletmi\u015f, g\u00f6rme engelli Nurullah Mehmeto\u011flu Bakan Akda\u011f&#8217;a sorunlar\u0131n\u0131 anlatmak istemi\u015fti.<\/p>\n<p style=\"text-align: justify;\"><a href=\"http:\/\/www.korhanyilmaz.com\/wp-content\/uploads\/2011\/05\/208.jpg\"  class=\"lightview\"><img loading=\"lazy\" decoding=\"async\" class=\"aligncenter size-full wp-image-32854\" src=\"http:\/\/www.korhanyilmaz.com\/wp-content\/uploads\/2011\/05\/208.jpg\" alt=\"\" width=\"385\" height=\"198\" \/><\/a><\/p>\n<p style=\"text-align: justify;\">Engelli i\u015f\u00e7i Nurullah Mehmeto\u011flu, &#8220;Biz burada asgari \u00fccretle \u00e7al\u0131\u015f\u0131yoruz. Ko\u015fullar\u0131n\u0131n iyile\u015ftirilmesini istiyoruz&#8221; \u015fikayeti \u00fczereine, Bakan Akda\u011f, &#8220;G\u00f6zlerin g\u00f6rmedi\u011fi halde sana i\u015f vermi\u015fiz. Para kazan\u0131yorsun de\u011fil mi? Hadi bakal\u0131m&#8221; demi\u015fti.<\/p>\n<p style=\"text-align: justify;\">Bakan\u0131n bu s\u00f6zlerinin kendisini rencide etti\u011fini s\u00f6yleyen 6 \u00e7ocuk babas\u0131 Mehmeto\u011flu, konuyla ilgili sorular\u0131 yan\u0131tlad\u0131.<\/p>\n<p style=\"text-align: justify;\">Bakana tepki b\u00fcy\u00fck Bakan Akda\u011f&#8217;\u0131n engelli i\u015f\u00e7iye cevab\u0131 \u00fczerine, CHP ve baz\u0131 sivil toplum \u00f6rg\u00fctleri olaya tepki g\u00f6sterdi.<\/p>\n<p style=\"text-align: justify;\">Sa\u011fl\u0131k ve Sosyal Hizmet Emek\u00e7ileri Sendikas\u0131 (SES) Merkez Y\u00f6netim Kurulu, &#8220;Bakan l\u00fctufta bulunmak yerine \u00f6z\u00fcrl\u00fc personel \u00e7al\u0131\u015ft\u0131r\u0131lmas\u0131 hususundaki h\u00fck\u00fcmleri uygulas\u0131n. Say\u0131n Bakan, eksik engelli kadrosunu yapaca\u011f\u0131 istihdamla dolduraca\u011f\u0131na, hakk\u0131n\u0131 isteyenleri azarlamakla yanl\u0131\u015flar\u0131n\u0131 \u00f6rtbas etmeye \u00e7al\u0131\u015f\u0131yor&#8221; a\u00e7\u0131klamas\u0131 yapt\u0131.<\/p>\n<p style=\"text-align: justify;\">Mehmeto\u011flu, &#8220;3 y\u0131l \u00f6nce i\u015fe ba\u015flad\u0131\u011f\u0131mda sigortam yap\u0131lmad\u0131, ayl\u0131k \u00fccretim 7 ay s\u00fcreyle verilmedi. Sa\u011fl\u0131k Bakan\u0131 ne sorunlarla kar\u015f\u0131la\u015ft\u0131\u011f\u0131m\u0131z\u0131 bilmiyor. Asgari \u00fccretle 8 ki\u015filik ailemi ge\u00e7indiremedi\u011fimin fark\u0131nda da de\u011fil. Pazar sabah\u0131 08.00&#8217;den itibaren \u00f6\u011fleye kadar bekledi\u011fim Sa\u011fl\u0131k Bakan\u0131 Recep Akda\u011f, &#8216;Bir dakikan\u0131z\u0131 alabilir miyim?&#8217; deyince dan\u0131\u015fman\u0131na &#8216;Bu arkada\u015f\u0131m\u0131za bir yemek \u0131smarlay\u0131n ve oturtun&#8217; s\u00f6zleri beni \u015fok etti. Daha sonra araya giren Maliye Bakan\u0131 Mehmet \u015eim\u015fek, &#8216;Gel derdini Bakan&#8217;a anlat&#8217; dedi. Say\u0131n Akda\u011f bana bakt\u0131 ve elimi bile s\u0131kmadan, s\u00f6yledikleriyle adeta \u015fok oldum. Sabaha kadar uyamad\u0131m. B\u00fcy\u00fck \u00fcz\u00fcnt\u00fc duydum&#8221; dedi.<\/p>\n<p style=\"text-align: justify;\"><strong>&#8220;NEDEN BASINLA PAYLA\u015eIYORSUN, \u0130\u015e\u0130NDEN OLURSUN&#8221;<\/strong><\/p>\n<p style=\"text-align: justify;\">Partilerin t\u00fcm adaylar\u0131 gibi Bakan Akda\u011f&#8217;\u0131n da \u00f6z\u00fcrl\u00fclerin aday\u0131 oldu\u011funu s\u00f6yleyen Nurullah Mehmeto\u011flu, &#8220;T\u00fcm insanlar gibi Bakan Bey de engelli aday\u0131d\u0131r. Bana s\u00f6yledi\u011fi s\u00f6zlerine kar\u015f\u0131l\u0131k vermek istedim. Ama yine de bakan\u0131m\u0131z oldu\u011fu i\u00e7in bir \u015fey s\u00f6ylemedim. \u0130lkel ko\u015fullarda olan ta\u015feron i\u015f\u00e7ili\u011finin son bulmas\u0131 i\u00e7in b\u00f6yle bir talebi, Bakan beye iletmek g\u00f6revimdi. Hastanede 3&#8217;\u00fc g\u00f6rme engelli toplam 7 engelli g\u00f6rev yap\u0131yor. Olay\u0131n ard\u0131ndan AK Partili baz\u0131 milletvekilleri beni telefonla arayarak, &#8216;Niye bunlar\u0131 bas\u0131nla payla\u015f\u0131yorsun? \u0130\u015finden olursun&#8217; s\u00f6zleri beni ikinci kez \u00fczd\u00fc. Sa\u011fl\u0131k Bakan\u0131 Akda\u011f&#8217;\u0131n tutumuna anlam veremedim. Kar\u015f\u0131ma \u00e7\u0131karsa yine de ayn\u0131 talebimi dile getiririm. Ekme\u011fim i\u00e7in hakk\u0131m\u0131 ar\u0131yorum&#8221; dedi.<\/p>\n<p style=\"text-align: justify;\"><strong>OLAY YANLI\u015e YANSITILDI<\/strong><\/p>\n<p style=\"text-align: justify;\">Se\u00e7im gezileri kapsam\u0131nda Erzurum&#8217;da bulunan Bakan Akda\u011f, bas\u0131na yans\u0131yan diyalo\u011fu anlatt\u0131.<\/p>\n<p style=\"text-align: justify;\">Sa\u011fl\u0131k Bakanl\u0131\u011f\u0131 d\u00f6neminde \u00f6z\u00fcrl\u00fc vatanda\u015flara y\u00f6nelik \u00f6nemli hizmetlerin yap\u0131ld\u0131\u011f\u0131n\u0131 belirten Akda\u011f, &#8220;Ben Batman&#8217;da bizim bir hastanemizde \u00e7al\u0131\u015fan bir i\u015f\u00e7i karde\u015fimizle, g\u00f6rme engelli karde\u015fimizle gayet nezaket i\u00e7erisinde bir konu\u015fma yapt\u0131m. Aram\u0131zda bir gerginlik falan da olmad\u0131. Ama bunu farkl\u0131 \u015fekillerde yans\u0131tanlar oldu&#8221; dedi.<\/p>\n<p style=\"text-align: justify;\">S\u00f6z konusu g\u00f6r\u00fc\u015fmeyi baz\u0131 bas\u0131n kurulu\u015flar\u0131n\u0131n farkl\u0131 \u015fekilde kamuoyuna yans\u0131tt\u0131\u011f\u0131n\u0131 ifade eden Akda\u011f, &#8220;Se\u00e7im zaman\u0131 maalesef b\u00f6yle yans\u0131tmalar oluyor. \u00dczerinde siyaset yapmaya \u00e7al\u0131\u015fanlar oluyor. Bizim engellilere, engelli karde\u015flerimize, g\u00f6rme engellilere bak\u0131\u015f\u0131m\u0131z bellidir. Tekrar s\u00f6yl\u00fcyorum; hepsinin benim ba\u015f\u0131m\u0131n \u00fcst\u00fcnde yeri vard\u0131r&#8221; diye konu\u015ftu.<\/p>\n<p style=\"text-align: justify;\"><a href=\"http:\/\/www.gazeteport.com.tr\/GUNCEL\/NEWS\/GP_905837\" target=\"_blank\">Kaynak : GAZETEPORT<\/a><\/p>\n","protected":false},"excerpt":{"rendered":"<p style=\"text-align: center;\">\n<p style=\"text-align: justify;\">Batman&#8217;da s\u0131k\u0131nt\u0131lar\u0131n\u0131 iletti\u011fi Sa\u011fl\u0131k Bakan\u0131 Recep Akda\u011f&#8217;\u0131n &#8220;G\u00f6zlerin g\u00f6rm\u00fcyor, ama i\u015f vermi\u015fiz&#8221; \u015feklindeki tepkisiyle kar\u015f\u0131la\u015fan engelli i\u015f\u00e7i, rencide oldu\u011funu s\u00f6yledi. Engelli i\u015f\u00e7i, olay\u0131n ard\u0131ndan AK Partili baz\u0131 milletvekillerinin kendisini arayarak &#8220;Niye bas\u0131nla payla\u015f\u0131yorsun? \u0130\u015finden olursun&#8221; dedi\u011fini de anlatt\u0131.<\/p>\n","protected":false},"author":1,"featured_media":0,"comment_status":"open","ping_status":"closed","sticky":false,"template":"","format":"standard","meta":{"footnotes":""},"categories":[105],"tags":[],"class_list":["post-32852","post","type-post","status-publish","format-standard","hentry","category-gundem","odd"],"_links":{"self":[{"href":"http:\/\/www.korhanyilmaz.com\/index.php?rest_route=\/wp\/v2\/posts\/32852","targetHints":{"allow":["GET"]}}],"collection":[{"href":"http:\/\/www.korhanyilmaz.com\/index.php?rest_route=\/wp\/v2\/posts"}],"about":[{"href":"http:\/\/www.korhanyilmaz.com\/index.php?rest_route=\/wp\/v2\/types\/post"}],"author":[{"embeddable":true,"href":"http:\/\/www.korhanyilmaz.com\/index.php?rest_route=\/wp\/v2\/users\/1"}],"replies":[{"embeddable":true,"href":"http:\/\/www.korhanyilmaz.com\/index.php?rest_route=%2Fwp%2Fv2%2Fcomments&post=32852"}],"version-history":[{"count":0,"href":"http:\/\/www.korhanyilmaz.com\/index.php?rest_route=\/wp\/v2\/posts\/32852\/revisions"}],"wp:attachment":[{"href":"http:\/\/www.korhanyilmaz.com\/index.php?rest_route=%2Fwp%2Fv2%2Fmedia&parent=32852"}],"wp:term":[{"taxonomy":"category","embeddable":true,"href":"http:\/\/www.korhanyilmaz.com\/index.php?rest_route=%2Fwp%2Fv2%2Fcategories&post=32852"},{"taxonomy":"post_tag","embeddable":true,"href":"http:\/\/www.korhanyilmaz.com\/index.php?rest_route=%2Fwp%2Fv2%2Ftags&post=32852"}],"curies":[{"name":"wp","href":"https:\/\/api.w.org\/{rel}","templated":true}]}}