{"id":3285,"date":"2009-02-14T19:09:05","date_gmt":"2009-02-14T17:09:05","guid":{"rendered":"http:\/\/www.korhanyilmaz.com\/?p=3285"},"modified":"2009-02-14T19:09:05","modified_gmt":"2009-02-14T17:09:05","slug":"recep-sarkisi-patladi","status":"publish","type":"post","link":"http:\/\/www.korhanyilmaz.com\/?p=3285","title":{"rendered":"Recep \u015fark\u0131s\u0131 patlad\u0131!"},"content":{"rendered":"<p style=\"text-align: center;\"><img loading=\"lazy\" decoding=\"async\" class=\"aligncenter size-full wp-image-3286\" title=\"Recep \u015fark\u0131s\u0131 patlad\u0131! \" src=\"http:\/\/www.korhanyilmaz.com\/wp-content\/uploads\/2009\/02\/150220090132203152756.jpg\" alt=\"Recep \u015fark\u0131s\u0131 patlad\u0131! \" width=\"376\" height=\"240\" \/><\/p>\n<p style=\"text-align: justify;\"><strong>Erdo\u011fan a\u015fk\u0131 s\u0131n\u0131r tan\u0131m\u0131yor&#8230;<\/strong><\/p>\n<p style=\"text-align: justify;\">BA\u015eBAKAN Erdo\u011fan&#8217;\u0131n Davos&#8217;ta \u0130srail Cumhurba\u015fkan\u0131 Peres&#8217;e \u00e7\u0131k\u0131\u015f\u0131 Arap d\u00fcnyas\u0131nda b\u00fcy\u00fck sevin\u00e7le kar\u015f\u0131lanm\u0131\u015ft\u0131. Ortado\u011fu&#8217;da bir\u00e7ok \u00fclkede T\u00fcrkiye ve Erdo\u011fan&#8217;a sevin\u00e7 ile destek g\u00f6sterileri yap\u0131ld\u0131. Davos \u00e7\u0131k\u0131\u015f\u0131, Arap d\u00fcnyas\u0131nda \u00e7ok bilinen bir \u015fark\u0131n\u0131n da yeniden \u00fcnlenmesine neden oldu. L\u00fcbnanl\u0131 \u00fcnl\u00fc \u015fark\u0131c\u0131 Hayfa Vehbi&#8217;nin 3 y\u0131l \u00f6nce s\u00f6yledi\u011fi &#8220;Recep&#8221; adl\u0131 \u015fark\u0131s\u0131, son 3 haftad\u0131r ikinci bahar\u0131n\u0131 ya\u015f\u0131yor. <!--more-->Bir gen\u00e7 k\u0131z\u0131n, kendisini \u00fczen sevgilisinin arkada\u015f\u0131 Recep&#8217;e a\u015fk ac\u0131s\u0131n\u0131 anlatt\u0131\u011f\u0131 \u015fark\u0131, &#8220;Recep dostunu benden uzak tut&#8221; s\u00f6zleriyle ba\u015fl\u0131yor. Bir\u00e7ok gazeteci ve yorumcu, bu \u015fark\u0131y\u0131 T\u00fcrkiye ile \u0130srail aras\u0131ndaki dostlu\u011fa yoruyor. Makalelerde ve k\u00f6\u015fe yaz\u0131lar\u0131nda, \u015fark\u0131n\u0131n kahraman\u0131 Recep&#8217;in Erdo\u011fan, onun &#8220;k\u00f6t\u00fc&#8221; dostunun da Peres oldu\u011fu ima ediliyor. B\u00f6ylece Arap d\u00fcnyas\u0131, Ba\u015fbakan Erdo\u011fan \u00fczerinden Peres&#8217;in ve \u0130srail&#8217;den art\u0131k kendilerini \u00fczmemesini istiyor.<\/p>\n<p style=\"text-align: justify;\"><strong>\u015eark\u0131 ciddi dergilerde<\/strong><\/p>\n<p style=\"text-align: justify;\">\u00d6yle ki Uluslararas\u0131 \u0130li\u015fkiler Uzman\u0131 Dr. Mamoun Findi , M\u0131s\u0131rl\u0131 siyaset dergisi Almasry Alyoum&#8217;da ge\u00e7en hafta yazd\u0131\u011f\u0131 &#8220;Recep&#8221; ba\u015fl\u0131kl\u0131 makalesinde &#8220;Recep, dostunu benden uzak tut \u015fark\u0131s\u0131, b\u00f6lgede olanlar\u0131 \u00f6zetler cinsten&#8221; diye yazd\u0131. \u015eark\u0131 son g\u00fcnlerde o kadar \u00fcnlendi ki, binlerce Araplar cep telefonu melodisi olarak kullan\u0131yor. Konu ile ilgili g\u00f6r\u00fc\u015fleri sorulan Vehbi ise \u015fark\u0131s\u0131n\u0131n tekrar pop\u00fcler olmas\u0131ndan mutluluk duydu\u011funu s\u00f6yledi ve &#8220;Siyasete \u00e7ok kar\u0131\u015fmak istemiyorum&#8221; dedi.<\/p>\n<p style=\"text-align: justify;\"><strong>\u0130\u015fte Recep \u015fark\u0131s\u0131n\u0131n s\u00f6zleri<\/strong><\/p>\n<p style=\"text-align: justify;\">Recep, dostunu benden uzak tut<\/p>\n<p style=\"text-align: justify;\">Recep, dostun beni delirtiyor<\/p>\n<p style=\"text-align: justify;\">Recep, bana g\u00fcvence ver<\/p>\n<p style=\"text-align: justify;\">Recep, ona s\u00f6yle kalbimi \u00f6zg\u00fcr b\u0131raks\u0131n  E\u011fer beni unuttuysa, bana onun hain kalbini kim unutturacak<\/p>\n<p style=\"text-align: justify;\">Neden beni a\u011flat\u0131p, beni unutup, ate\u015fe at\u0131yor<\/p>\n<p style=\"text-align: justify;\">Recep, senin dostun, benim dostum de\u011fil, kalbimi \u00f6zg\u00fcr b\u0131raks\u0131n.<\/p>\n<p style=\"text-align: justify;\"><span style=\"color: #888888;\"><strong>\u0130SMA\u0130L \u015eAH\u0130N \/ VATAN DI\u015e HABERLER<\/strong><\/span><\/p>\n","protected":false},"excerpt":{"rendered":"<p style=\"text-align: center;\">\n<p style=\"text-align: justify;\">Erdo\u011fan a\u015fk\u0131 s\u0131n\u0131r tan\u0131m\u0131yor&#8230;<\/p>\n<p style=\"text-align: justify;\">BA\u015eBAKAN Erdo\u011fan&#8217;\u0131n Davos&#8217;ta \u0130srail Cumhurba\u015fkan\u0131 Peres&#8217;e \u00e7\u0131k\u0131\u015f\u0131 Arap d\u00fcnyas\u0131nda b\u00fcy\u00fck sevin\u00e7le kar\u015f\u0131lanm\u0131\u015ft\u0131. Ortado\u011fu&#8217;da bir\u00e7ok \u00fclkede T\u00fcrkiye ve Erdo\u011fan&#8217;a sevin\u00e7 ile destek g\u00f6sterileri yap\u0131ld\u0131. Davos \u00e7\u0131k\u0131\u015f\u0131, Arap d\u00fcnyas\u0131nda \u00e7ok bilinen bir \u015fark\u0131n\u0131n da yeniden \u00fcnlenmesine neden oldu. L\u00fcbnanl\u0131 \u00fcnl\u00fc \u015fark\u0131c\u0131 Hayfa Vehbi&#8217;nin 3 y\u0131l \u00f6nce <\/p>\n","protected":false},"author":1,"featured_media":0,"comment_status":"open","ping_status":"closed","sticky":false,"template":"","format":"standard","meta":{"footnotes":""},"categories":[105],"tags":[],"class_list":["post-3285","post","type-post","status-publish","format-standard","hentry","category-gundem","odd"],"_links":{"self":[{"href":"http:\/\/www.korhanyilmaz.com\/index.php?rest_route=\/wp\/v2\/posts\/3285","targetHints":{"allow":["GET"]}}],"collection":[{"href":"http:\/\/www.korhanyilmaz.com\/index.php?rest_route=\/wp\/v2\/posts"}],"about":[{"href":"http:\/\/www.korhanyilmaz.com\/index.php?rest_route=\/wp\/v2\/types\/post"}],"author":[{"embeddable":true,"href":"http:\/\/www.korhanyilmaz.com\/index.php?rest_route=\/wp\/v2\/users\/1"}],"replies":[{"embeddable":true,"href":"http:\/\/www.korhanyilmaz.com\/index.php?rest_route=%2Fwp%2Fv2%2Fcomments&post=3285"}],"version-history":[{"count":0,"href":"http:\/\/www.korhanyilmaz.com\/index.php?rest_route=\/wp\/v2\/posts\/3285\/revisions"}],"wp:attachment":[{"href":"http:\/\/www.korhanyilmaz.com\/index.php?rest_route=%2Fwp%2Fv2%2Fmedia&parent=3285"}],"wp:term":[{"taxonomy":"category","embeddable":true,"href":"http:\/\/www.korhanyilmaz.com\/index.php?rest_route=%2Fwp%2Fv2%2Fcategories&post=3285"},{"taxonomy":"post_tag","embeddable":true,"href":"http:\/\/www.korhanyilmaz.com\/index.php?rest_route=%2Fwp%2Fv2%2Ftags&post=3285"}],"curies":[{"name":"wp","href":"https:\/\/api.w.org\/{rel}","templated":true}]}}