{"id":32847,"date":"2011-05-16T02:33:16","date_gmt":"2011-05-15T23:33:16","guid":{"rendered":"http:\/\/www.korhanyilmaz.com\/?p=32847"},"modified":"2011-05-16T02:33:16","modified_gmt":"2011-05-15T23:33:16","slug":"mhp%e2%80%99yi-kim-izliyor","status":"publish","type":"post","link":"http:\/\/www.korhanyilmaz.com\/?p=32847","title":{"rendered":"MHP\u2019yi kim izliyor?"},"content":{"rendered":"<p style=\"text-align: justify;\"><a href=\"http:\/\/www.korhanyilmaz.com\/wp-content\/uploads\/2011\/05\/205.jpg\"  class=\"lightview\"><img loading=\"lazy\" decoding=\"async\" class=\"aligncenter size-full wp-image-32848\" src=\"http:\/\/www.korhanyilmaz.com\/wp-content\/uploads\/2011\/05\/205.jpg\" alt=\"\" width=\"407\" height=\"202\" \/><\/a><\/p>\n<p style=\"text-align: justify;\">MHP Genel Ba\u015fkan\u0131 Devlet Bah\u00e7eli, \u201cBir araba MHP\u2019nin etraf\u0131nda dola\u015f\u0131yor. G\u00fcvenlik kameralar\u0131n\u0131n almad\u0131\u011f\u0131 k\u00f6r noktada duruyor\u201d diyerek ortam dinlemesi \u015f\u00fcphesini dile getirdi.<!--more--><\/p>\n<p style=\"text-align: justify;\">Kaset skandallar\u0131yla sars\u0131lan MHP, ortam dinlemesi yap\u0131ld\u0131\u011f\u0131 \u015f\u00fcphesiyle parti genel merkezi etraf\u0131nda dola\u015fan \u015f\u00fcpheli arac\u0131n pe\u015fine d\u00fc\u015ft\u00fc. MHP Genel Sekreteri Pa\u00e7ac\u0131 da 3 g\u00fcn \u00f6nce MHP Genel Merkezi\u2019ne bir taksici taraf\u0131ndan ihbar yap\u0131ld\u0131\u011f\u0131n\u0131, taksicinin, i\u00e7inde elektronik cihazlar\u0131n bulundu\u011fu bir ara\u00e7tan s\u00f6z etti\u011fini, arac\u0131n telefon g\u00f6r\u00fc\u015fmesinin hemen ard\u0131ndan bulundu\u011fu yerden ayr\u0131ld\u0131\u011f\u0131n\u0131 s\u00f6yledi. Pa\u00e7ac\u0131, \u201cOrtam dinlemesi ablukas\u0131na al\u0131nd\u0131\u011f\u0131m\u0131z kanaatindeyiz. Bunu devletin birimleri ayd\u0131nlatmal\u0131\u201d diye konu\u015ftu. MHP Genel Ba\u015fkan\u0131 Devlet Bah\u00e7eli ise Ba\u015fbakan Recep Tayyip Erdo\u011fan\u2019a \u201cBa\u015fbakans\u0131n bunu bulacaks\u0131n\u201d diye seslendi.<\/p>\n<p style=\"text-align: center;\"><a href=\"http:\/\/www.korhanyilmaz.com\/wp-content\/uploads\/2011\/05\/206.jpg\"  class=\"lightview\"><img loading=\"lazy\" decoding=\"async\" class=\"aligncenter size-full wp-image-32849\" src=\"http:\/\/www.korhanyilmaz.com\/wp-content\/uploads\/2011\/05\/206.jpg\" alt=\"\" width=\"396\" height=\"207\" \/><\/a><\/p>\n<p style=\"text-align: justify;\"><strong>Plakas\u0131 belirlendi<\/strong><\/p>\n<p style=\"text-align: justify;\">MHP y\u00f6netimi, MHP Genel Merkez Binas\u0131\u2019n\u0131 g\u00f6zetleyen Crysler Voyager marka siyah arac\u0131n izini s\u00fcr\u00fcyor. Parti y\u00f6netiminin yapt\u0131rd\u0131\u011f\u0131 ara\u015ft\u0131rmada arac\u0131n plakas\u0131n\u0131n 34 TS 6558 oldu\u011fu belirlendi. S\u00f6z konusu plakal\u0131 arac\u0131n \u0130stanbul\u2019a kay\u0131tl\u0131 ve \u201cBeyaz \u015eahin\u201d oldu\u011fu ortaya \u00e7\u0131kt\u0131.<\/p>\n<p style=\"text-align: justify;\">Daha \u00f6nce de Genel Merkez \u00e7evresinde g\u00f6r\u00fclen ara\u00e7, son olarak 13 May\u0131s Cuma g\u00fcn\u00fc yine, bina kar\u015f\u0131s\u0131nda bulunan ve haftan\u0131n bir g\u00fcn\u00fc pazar yeri olarak kullan\u0131lan otoparka geldi. Ancak g\u00f6revliler ara\u00e7tan ku\u015fkuland\u0131. Ku\u015fkuya, otopark\u0131 g\u00f6ren iki ayr\u0131 g\u00fcvenlik kameras\u0131n\u0131n da g\u00f6rmedi\u011fi \u201ck\u00f6r noktaya\u201d park etmesi yol a\u00e7t\u0131. Bu nokta, binada \u00e7al\u0131\u015fanlar\u0131n b\u00fcy\u00fck \u00e7o\u011funlu\u011fu taraf\u0131ndan bile bilinmiyordu. Sabah 08.30\u2019da gelen ara\u00e7, g\u00fcvenlik personelinin fark etmesi ve kontrol etmek istemesi \u00fczerine 09.12\u2019da otoparktan uzakla\u015ft\u0131. Parti g\u00f6revlileri, arac\u0131n i\u00e7inde bir ki\u015finin bulundu\u011funu tespit etti. Ancak bu ki\u015finin g\u00f6r\u00fcnt\u00fcs\u00fc al\u0131namad\u0131. Arac\u0131n g\u00f6r\u00fcnt\u00fcs\u00fc ise otoparka girerken ve \u00e7\u0131karken \u00e7ekilebildi.<\/p>\n<p style=\"text-align: justify;\">S\u00f6z konusu otopark, telekulak skandallar\u0131n\u0131n ilk g\u00fcndeme geldi\u011fi d\u00f6nemde de baz\u0131 \u015f\u00fcpheli ara\u00e7lar\u0131n g\u00f6r\u00fclmesi \u00fczerine, yakla\u015f\u0131k bir y\u0131l \u00f6nce de detayl\u0131 bir denetim ger\u00e7ekle\u015ftirilmi\u015fti. MHP\u2019nin avukat\u0131 Hamit Kocabey, Milliyet\u2019e sahte plakal\u0131 arac\u0131n Cryaisler Voyager oldu\u011funu belirtirken, \u201ci\u00e7inde siyah bir perde \u00e7ekili. \u0130\u00e7indeki ki\u015fi foto\u011fraflanmaya \u00e7al\u0131\u015f\u0131ld\u0131 ama perdeyi \u00e7ekerek kamufle etmeyi ba\u015fard\u0131. Bu arac\u0131n MHP\u2019li y\u00f6neticilerin istifas\u0131na yol a\u00e7an kasetlerin \u00e7ekildi\u011fi evlerin \u00e7evresinde de g\u00f6r\u00fcld\u00fc\u011f\u00fc biliniyor. Ortam dinlemesi yap\u0131yorlar. Bu arabalarda teknolojik alt yap\u0131 var. Kimin taraf\u0131ndan yap\u0131ld\u0131\u011f\u0131n\u0131 devlet ayd\u0131nlatmal\u0131\u201d dedi.<\/p>\n<p style=\"text-align: justify;\"><strong>Dosya savc\u0131l\u0131kta<\/strong><\/p>\n<p style=\"text-align: justify;\">Bu arada Bah\u00e7eli, MHP\u2019li y\u00f6neticilerin kasetlerinin internet \u00fczerinden kamuoyuna yay\u0131lmas\u0131ndan sorumlu tuttu\u011fu ve domain \u00fccretini kredi kart\u0131ndan \u00f6dedi\u011fini \u00f6ne s\u00fcrd\u00fc\u011f\u00fc Ak Parti K\u00fc\u00e7\u00fck\u00e7ekmece Belediye Meclis \u00dcyesi \u0130\u015f Adam\u0131 Faruk Bay\u0131nd\u0131r\u2019a ait belgeleri dosya halinde Savc\u0131l\u0131\u011fa sundu.<\/p>\n<p style=\"text-align: justify;\">Avukat Kocabey, dosyada Bay\u0131nd\u0131r\u2019\u0131n kredi kart\u0131 ekstreleri ve www.farkliulkuculuk.com internet adresiyle ili\u015fkilerini ortaya koyan yaz\u0131\u015fmalar\u0131n bulundu\u011funu kaydetti. Kaset skandallar\u0131yla ilgili olarak ilk i\u015flemlerin Almanya\u2019dan yap\u0131ld\u0131\u011f\u0131n\u0131 savunan Bah\u00e7eli, \u201cbu internet yay\u0131nlar\u0131 Frankfurt\u2019ta kuruluyor, ABD\u2019ye gidiyor. Oralarda bir tak\u0131m kurgulamalarla T\u00fcrkiye\u2019ye servis ediliyor\u201d diye konu\u015ftu.<\/p>\n<p style=\"text-align: justify;\"><a href=\"http:\/\/siyaset.milliyet.com.tr\/mhp-yi-kim-izliyor-\/siyaset\/siyasetdetay\/17.05.2011\/1391148\/default.htm\" target=\"_blank\">Kaynak : Milliyet<\/a><\/p>\n","protected":false},"excerpt":{"rendered":"<p style=\"text-align: justify;\">\n<p style=\"text-align: justify;\">MHP Genel Ba\u015fkan\u0131 Devlet Bah\u00e7eli, \u201cBir araba MHP\u2019nin etraf\u0131nda dola\u015f\u0131yor. G\u00fcvenlik kameralar\u0131n\u0131n almad\u0131\u011f\u0131 k\u00f6r noktada duruyor\u201d diyerek ortam dinlemesi \u015f\u00fcphesini dile getirdi.<\/p>\n","protected":false},"author":1,"featured_media":0,"comment_status":"open","ping_status":"closed","sticky":false,"template":"","format":"standard","meta":{"footnotes":""},"categories":[105],"tags":[],"class_list":["post-32847","post","type-post","status-publish","format-standard","hentry","category-gundem","odd"],"_links":{"self":[{"href":"http:\/\/www.korhanyilmaz.com\/index.php?rest_route=\/wp\/v2\/posts\/32847","targetHints":{"allow":["GET"]}}],"collection":[{"href":"http:\/\/www.korhanyilmaz.com\/index.php?rest_route=\/wp\/v2\/posts"}],"about":[{"href":"http:\/\/www.korhanyilmaz.com\/index.php?rest_route=\/wp\/v2\/types\/post"}],"author":[{"embeddable":true,"href":"http:\/\/www.korhanyilmaz.com\/index.php?rest_route=\/wp\/v2\/users\/1"}],"replies":[{"embeddable":true,"href":"http:\/\/www.korhanyilmaz.com\/index.php?rest_route=%2Fwp%2Fv2%2Fcomments&post=32847"}],"version-history":[{"count":0,"href":"http:\/\/www.korhanyilmaz.com\/index.php?rest_route=\/wp\/v2\/posts\/32847\/revisions"}],"wp:attachment":[{"href":"http:\/\/www.korhanyilmaz.com\/index.php?rest_route=%2Fwp%2Fv2%2Fmedia&parent=32847"}],"wp:term":[{"taxonomy":"category","embeddable":true,"href":"http:\/\/www.korhanyilmaz.com\/index.php?rest_route=%2Fwp%2Fv2%2Fcategories&post=32847"},{"taxonomy":"post_tag","embeddable":true,"href":"http:\/\/www.korhanyilmaz.com\/index.php?rest_route=%2Fwp%2Fv2%2Ftags&post=32847"}],"curies":[{"name":"wp","href":"https:\/\/api.w.org\/{rel}","templated":true}]}}