{"id":32841,"date":"2011-05-17T02:32:31","date_gmt":"2011-05-16T23:32:31","guid":{"rendered":"http:\/\/www.korhanyilmaz.com\/?p=32841"},"modified":"2011-05-17T02:32:31","modified_gmt":"2011-05-16T23:32:31","slug":"sinirda-itaatsizlik","status":"publish","type":"post","link":"http:\/\/www.korhanyilmaz.com\/?p=32841","title":{"rendered":"S\u0131n\u0131rda itaatsizlik"},"content":{"rendered":"<p style=\"text-align: justify;\"><a href=\"http:\/\/www.korhanyilmaz.com\/wp-content\/uploads\/2011\/05\/203.jpg\"  class=\"lightview\"><img loading=\"lazy\" decoding=\"async\" class=\"aligncenter size-full wp-image-32842\" src=\"http:\/\/www.korhanyilmaz.com\/wp-content\/uploads\/2011\/05\/203.jpg\" alt=\"\" width=\"448\" height=\"222\" \/><\/a><\/p>\n<p style=\"text-align: justify;\">S\u0131n\u0131rda \u00f6ld\u00fcr\u00fclen 12 PKK\u2019l\u0131n\u0131n cesetlerinin Kuzey Irak taraf\u0131nda kald\u0131\u011f\u0131 s\u00f6ylenince, \u00f6rg\u00fct yanl\u0131s\u0131 300 ki\u015fi g\u00fcvenlik g\u00fc\u00e7lerinin havaya ate\u015f a\u00e7mas\u0131na ra\u011fmen operasyon b\u00f6lgesine ge\u00e7ti ve iki g\u00fcnde d\u00f6rt ceset buldu.<!--more--><\/p>\n<p style=\"text-align: justify;\"><a href=\"http:\/\/www.korhanyilmaz.com\/wp-content\/uploads\/2011\/05\/202.jpg\"  class=\"lightview\"><img loading=\"lazy\" decoding=\"async\" class=\"aligncenter size-full wp-image-32844\" src=\"http:\/\/www.korhanyilmaz.com\/wp-content\/uploads\/2011\/05\/202.jpg\" alt=\"\" width=\"453\" height=\"236\" \/><\/a><\/p>\n<p style=\"text-align: justify;\">\u015e\u0131rnak\u2019ta 12 PKK\u2019l\u0131 ter\u00f6ristin \u00f6ld\u00fcr\u00fclmesi G\u00fcneydo\u011fu\u2019da tansiyonu art\u0131rd\u0131. Baz\u0131 il ve il\u00e7elerde d\u00fcn kepenkler kapat\u0131l\u0131rken, Uludere\u2019den Irak taraf\u0131na ge\u00e7en yakla\u015f\u0131k 300 ki\u015fi, Haftanin b\u00f6lgesinden ald\u0131klar\u0131 ter\u00f6rist cesetlerini T\u00fcrkiye\u2019ye getirdi. Do\u011fan Haber Ajans\u0131\u2019n\u0131n verdi\u011fi bilgilere g\u00f6re, s\u0131n\u0131r\u0131 ge\u00e7mek isteyen 12 PKK\u2019l\u0131n\u0131n g\u00fcvenlik g\u00fc\u00e7lerince \u00f6ld\u00fcr\u00fclmesinin ard\u0131ndan \u00f6nceki g\u00fcn ba\u011f\u0131ms\u0131z \u015e\u0131rnak Milletvekili Hasip Kaplan\u2019\u0131n da aralar\u0131nda bulundu\u011fu gruba, cesetlerin Irak topraklar\u0131nda oldu\u011fu s\u00f6ylendi.<\/p>\n<p style=\"text-align: justify;\"><strong>\u0130ki noktadan ge\u00e7tiler<\/strong><\/p>\n<p style=\"text-align: justify;\">Grup s\u0131n\u0131r\u0131 ge\u00e7erek cesetleri almak istedi, ancak uzun s\u00fcre izin verilmedi. Tart\u0131\u015fmalar\u0131n ard\u0131ndan \u00f6nceki ak\u015fam Ortak\u00f6y k\u00f6y\u00fcnden Kuzey Irak\u2019a bir grubun ge\u00e7mesine izin verildi. Arazi aramas\u0131nda bir PKK\u2019l\u0131n\u0131n cesedi bulundu. T\u00fcrkiye\u2019ye getirilen cenaze askerler taraf\u0131ndan al\u0131narak otopsi i\u00e7in \u015e\u0131rnak\u2019a g\u00f6nderildi. Bu arada, Yemi\u015fli b\u00f6lgesinden s\u0131n\u0131r\u0131 ge\u00e7meye \u00e7al\u0131\u015fan ikinci grup g\u00fcvenlik g\u00fc\u00e7lerince engellendi. Cenazeleri almak isteyen grup, geceyi s\u0131n\u0131rda ge\u00e7irdi. Gruba, Diyarbak\u0131r Milletvekili G\u00fcltan K\u0131\u015fanak ile Siirt Belediye Ba\u015fkan\u0131 Selim Sadak da e\u015flik etti.<\/p>\n<p style=\"text-align: justify;\"><strong>S\u0131rtlar\u0131nda ta\u015f\u0131d\u0131lar<\/strong><\/p>\n<p style=\"text-align: justify;\">Sabah saatlerinde gruba, Hasip Kaplan, Diyarbak\u0131r Belediye Ba\u015fkan\u0131 Osman Baydemir ve BDP E\u015fba\u015fkan\u0131 Filiz Ko\u00e7ali de eklendi. Yakla\u015f\u0131k 300 ki\u015filik grup s\u0131n\u0131r\u0131n di\u011fer taraf\u0131nda oldu\u011fu belirtilen cenazeleri almak i\u00e7in askeri yetkililerle temasa ge\u00e7ti. Grup, cenazeleri almak i\u00e7in Yemi\u015fli k\u00f6y\u00fcn\u00fcn Bilican Tepesi mevkiinden s\u0131n\u0131r\u0131 ge\u00e7mek istedi, ancak askerlerin engeli ile kar\u015f\u0131la\u015ft\u0131.<\/p>\n<p style=\"text-align: justify;\">Askerlerin havaya uyar\u0131 ate\u015fe a\u00e7mas\u0131na ra\u011fmen kalabal\u0131k grup, Kuzey Irak taraf\u0131na ge\u00e7ti. Arazide arama yapan grup \u00fc\u00e7 PKK\u2019l\u0131n\u0131n cesedine ula\u015ft\u0131 ve cesetleri s\u0131rtlar\u0131na alarak T\u00fcrkiye\u2019ye ge\u00e7ti. Bu s\u0131rada s\u0131n\u0131rda ola\u011fan\u00fcst\u00fc g\u00fcvenlik \u00f6nlemi alan askerler, otopsi yap\u0131lmas\u0131 i\u00e7ine cenazelerin kendilerine verilmesini istedi. Cenazeleri vermemekte direnen toplulu\u011fu da\u011f\u0131tmak amac\u0131yla uyar\u0131 ate\u015fi a\u00e7\u0131ld\u0131 ve gaz bombas\u0131yla m\u00fcdahale edildi. M\u00fcdahalenin ard\u0131ndan cenazeler askerlerce Uludere\u2019ye getirildi. Arbede s\u0131ras\u0131nda \u00e7ok say\u0131da arac\u0131n cam\u0131 k\u0131r\u0131ld\u0131. Olaylarda \u00e7ok say\u0131da ki\u015fi g\u00f6zalt\u0131na al\u0131nd\u0131.<\/p>\n<p style=\"text-align: justify;\"><strong>Milletvekilleri karakolda<\/strong><\/p>\n<p style=\"text-align: justify;\">Cenazeleri almak i\u00e7in s\u0131n\u0131rda bekleyen gruptan K\u0131\u015fanak, \u015e\u0131rnak Milletvekili Hasip Kaplan, Baydemir, BDP E\u015f Genel Ba\u015fkan\u0131 Filiz Ko\u00e7ali ve baz\u0131 belediye ba\u015fkanlar\u0131n\u0131n da i\u00e7inde yer ald\u0131\u011f\u0131 grup, s\u0131n\u0131rdaki Bilican Karakolu\u2019nda al\u0131konuldu. K\u0131\u015fanak, \u201cHi\u00e7bir gerek\u00e7e olmadan bizi burada tutuyorlar. Cenazeyi asker almak istiyordu, m\u00fcdahale ile ald\u0131lar. \u00c7ok say\u0131da ki\u015fi g\u00f6zalt\u0131na al\u0131nd\u0131. Buradaki komutan iddiaya g\u00f6re, \u2018benim emrim olmadan bir yere k\u0131p\u0131rdayamazlar\u2019 demi\u015f. Kaymakam\u0131, valiyi ar\u0131yoruz, \u2018yapaca\u011f\u0131m bir \u015fey yok\u2019 diyor\u201d dedi. Kaplan da \u201cBuraya bir ordu asker y\u0131\u011f\u0131ld\u0131. Gerginlik s\u00fcr\u00fcyor, ate\u015f a\u00e7\u0131ld\u0131, ara\u00e7lar\u0131n camlar\u0131 k\u0131r\u0131ld\u0131\u201d diye konu\u015ftu.<\/p>\n<p style=\"text-align: justify;\"><strong>Giri\u015f \u00e7\u0131k\u0131\u015flar durduruldu<\/strong><\/p>\n<p style=\"text-align: justify;\">Gerginli\u011fin artmas\u0131 \u00fczerine Uludere ile s\u0131n\u0131r b\u00f6lgesine giri\u015f-\u00e7\u0131k\u0131\u015flar yasakland\u0131. \u00d6ld\u00fcr\u00fclen PKK\u2019l\u0131lardan 6\u2019s\u0131n\u0131n cenazesi d\u00fcn \u015e\u0131rnak Devlet Hastanesi\u2019ne getirildi.<\/p>\n<p style=\"text-align: justify;\"><strong>Ceset arad\u0131lar<\/strong><\/p>\n<p style=\"text-align: justify;\">G\u00fcvenlik g\u00fc\u00e7lerinin engellemesine ra\u011fmen s\u0131n\u0131r\u0131 ge\u00e7en grup, operasyon b\u00f6lgesinde ceset arad\u0131.<\/p>\n<p style=\"text-align: justify;\"><a href=\"http:\/\/www.korhanyilmaz.com\/wp-content\/uploads\/2011\/05\/201.jpg\"  class=\"lightview\"><img loading=\"lazy\" decoding=\"async\" class=\"aligncenter size-full wp-image-32843\" title=\"\" src=\"http:\/\/www.korhanyilmaz.com\/wp-content\/uploads\/2011\/05\/201.jpg\" alt=\"\" width=\"400\" height=\"267\" \/><\/a><\/p>\n<p style=\"text-align: justify;\"><strong>\u00c7ocuklar iki ate\u015f aras\u0131nda kald\u0131<\/strong><\/p>\n<p style=\"text-align: justify;\">Adana\u2019da da izinsiz g\u00f6steriler d\u00fczenlendi. G\u00f6stericiler polise ta\u015f ve havai fi\u015fekle sald\u0131rd\u0131. Polis de tazyikli su ve biber gaz\u0131yla kar\u015f\u0131l\u0131k verdi. Bu s\u0131rada okuldan d\u00f6nen \u00e7ocuklar iki ate\u015f aras\u0131nda kald\u0131.<\/p>\n<p style=\"text-align: justify;\"><a href=\"http:\/\/gundem.milliyet.com.tr\/sinirda-itaatsizlik\/gundem\/gundemdetay\/17.05.2011\/1391149\/default.htm\" target=\"_blank\">Kaynak : Milliyet<\/a><\/p>\n","protected":false},"excerpt":{"rendered":"<p style=\"text-align: justify;\">\n<p style=\"text-align: justify;\">S\u0131n\u0131rda \u00f6ld\u00fcr\u00fclen 12 PKK\u2019l\u0131n\u0131n cesetlerinin Kuzey Irak taraf\u0131nda kald\u0131\u011f\u0131 s\u00f6ylenince, \u00f6rg\u00fct yanl\u0131s\u0131 300 ki\u015fi g\u00fcvenlik g\u00fc\u00e7lerinin havaya ate\u015f a\u00e7mas\u0131na ra\u011fmen operasyon b\u00f6lgesine ge\u00e7ti ve iki g\u00fcnde d\u00f6rt ceset buldu.<\/p>\n","protected":false},"author":1,"featured_media":0,"comment_status":"open","ping_status":"closed","sticky":false,"template":"","format":"standard","meta":{"footnotes":""},"categories":[105],"tags":[],"class_list":["post-32841","post","type-post","status-publish","format-standard","hentry","category-gundem","odd"],"_links":{"self":[{"href":"http:\/\/www.korhanyilmaz.com\/index.php?rest_route=\/wp\/v2\/posts\/32841","targetHints":{"allow":["GET"]}}],"collection":[{"href":"http:\/\/www.korhanyilmaz.com\/index.php?rest_route=\/wp\/v2\/posts"}],"about":[{"href":"http:\/\/www.korhanyilmaz.com\/index.php?rest_route=\/wp\/v2\/types\/post"}],"author":[{"embeddable":true,"href":"http:\/\/www.korhanyilmaz.com\/index.php?rest_route=\/wp\/v2\/users\/1"}],"replies":[{"embeddable":true,"href":"http:\/\/www.korhanyilmaz.com\/index.php?rest_route=%2Fwp%2Fv2%2Fcomments&post=32841"}],"version-history":[{"count":0,"href":"http:\/\/www.korhanyilmaz.com\/index.php?rest_route=\/wp\/v2\/posts\/32841\/revisions"}],"wp:attachment":[{"href":"http:\/\/www.korhanyilmaz.com\/index.php?rest_route=%2Fwp%2Fv2%2Fmedia&parent=32841"}],"wp:term":[{"taxonomy":"category","embeddable":true,"href":"http:\/\/www.korhanyilmaz.com\/index.php?rest_route=%2Fwp%2Fv2%2Fcategories&post=32841"},{"taxonomy":"post_tag","embeddable":true,"href":"http:\/\/www.korhanyilmaz.com\/index.php?rest_route=%2Fwp%2Fv2%2Ftags&post=32841"}],"curies":[{"name":"wp","href":"https:\/\/api.w.org\/{rel}","templated":true}]}}