{"id":32835,"date":"2011-05-17T02:32:05","date_gmt":"2011-05-16T23:32:05","guid":{"rendered":"http:\/\/www.korhanyilmaz.com\/?p=32835"},"modified":"2011-05-17T02:32:05","modified_gmt":"2011-05-16T23:32:05","slug":"elini-kurtlerden-cek-yoksa-bir-seyler-olur","status":"publish","type":"post","link":"http:\/\/www.korhanyilmaz.com\/?p=32835","title":{"rendered":"Elini K\u00fcrtlerden \u00e7ek, yoksa bir \u015feyler olur"},"content":{"rendered":"<div id=\"attachment_32836\" style=\"width: 463px\" class=\"wp-caption aligncenter\"><a title=\"BDP Genel Ba\u015fkan\u0131 Hamit Geylani\" href=\"http:\/\/www.korhanyilmaz.com\/wp-content\/uploads\/2011\/05\/200.jpg\"  class=\"lightview\"><img loading=\"lazy\" decoding=\"async\" aria-describedby=\"caption-attachment-32836\" class=\"size-full wp-image-32836  \" src=\"http:\/\/www.korhanyilmaz.com\/wp-content\/uploads\/2011\/05\/200.jpg\" alt=\"\" width=\"453\" height=\"236\" \/><\/a><p id=\"caption-attachment-32836\" class=\"wp-caption-text\">BDP Genel Ba\u015fkan\u0131 Hamit Geylani<\/p><\/div>\n<p style=\"text-align: justify;\">\u015e\u0131rnak\u2019ta 12 PKK\u2019l\u0131n\u0131n \u00f6ld\u00fcr\u00fclmesi siyasi tansiyonu da y\u00fckseltti. BDP Genel Ba\u015fkan\u0131 Hamit Geylani, Ba\u015fbakan Recep Tayyip Erdo\u011fan\u2019\u0131, \u201cakan kan\u0131n sorumlusu\u201d olmakla su\u00e7lad\u0131 ve \u201cElini K\u00fcrt halk\u0131n\u0131n yakas\u0131ndan ve bedeninden \u00e7ek. Elini demokratik \u00e7\u00f6z\u00fcm \u00e7ad\u0131rlar\u0131na, cuma hutbelerine sokma. Yoksa o ele bir \u015feyler olur ve yen i\u00e7inde de kalmaz\u201d dedi.<!--more--><\/p>\n<p style=\"text-align: justify;\">Parti genel merkezinde bas\u0131n toplant\u0131s\u0131 d\u00fczenleyen Geylani, \u201cPKK\u2019n\u0131n son eylemsizlik karar\u0131n\u0131 \u00fc\u00e7\u00fcnc\u00fc kez 15 Haziran\u2019a uzatarak toplumsal bar\u0131\u015fa ve se\u00e7imlere \u00f6nemli bir \u015fans tan\u0131mas\u0131na\u201d ra\u011fmen Ak Parti\u2019nin se\u00e7im \u00e7\u0131kar\u0131n\u0131 kanda ve \u00f6l\u00fcmde arad\u0131\u011f\u0131n\u0131 s\u00f6yledi. Geylani, \u201cBu \u00fclkede topra\u011fa d\u00fc\u015fen her can, can\u0131m\u0131zdan bir par\u00e7ad\u0131r. Bu canlar\u0131n par\u00e7alanmas\u0131na neden olan h\u00fck\u00fcmet ve onun ba\u015f\u0131 Hitler fa\u015fizmine \u00f6zenerek kay\u0131p canlar \u00fczerinde siyaset yap\u0131yor. Onun i\u00e7in akan her damla kan\u0131n siyasi, dolay\u0131s\u0131yla fiili sorumlusu h\u00fck\u00fcmet ve onun ba\u015f\u0131 Recep Tayyip Erdo\u011fan\u2019d\u0131r\u201d diye konu\u015ftu.<\/p>\n<p style=\"text-align: justify;\">Son 2 ayda \u00e7o\u011fu \u00f6rg\u00fct mensubu olmak \u00fczere, sivil, asker ve polis toplam 48 ki\u015finin ya\u015fam\u0131n\u0131 yitirdi\u011fine dikkati \u00e7eken Geylani, \u201cT\u00fcm bunlar kar\u015f\u0131s\u0131nda, ya\u015fam dayan\u0131lmaz noktaya \u00e7ekilmi\u015ftir. Toplumu \u00f6fke noktas\u0131na ta\u015f\u0131m\u0131\u015ft\u0131r. Ama unutulmas\u0131n ki, eninde sonunda \u00f6fke, \u00f6fkeyi yaratanlar\u0131n surat\u0131na \u00e7arpacakt\u0131r\u201d dedi.<\/p>\n<p style=\"text-align: justify;\">Erdo\u011fan\u2019a seslenen Geylani, \u201cElini K\u00fcrt halk\u0131n\u0131n yakas\u0131ndan ve bedeninden \u00e7ek. Elini demokratik \u00e7\u00f6z\u00fcm \u00e7ad\u0131rlar\u0131na, Cuma hutbelerine sokma. Yoksa o ele bir \u015feyler olur ve yen i\u00e7inde de kalmaz. Bunlar tehdit de\u011fil, b\u0131\u00e7a\u011f\u0131n kemi\u011fi k\u0131rd\u0131\u011f\u0131 havar\u0131n anla\u015f\u0131lmas\u0131d\u0131r\u201d diye konu\u015ftu.<\/p>\n<p style=\"text-align: justify;\">Geylani, \u201cOperasyonlar devam ederse se\u00e7im tehlikeye girer mi\u201d sorusunu ise, \u201cSe\u00e7im de\u011fil ya\u015fam tehlikeye girer\u201d diye yan\u0131tlad\u0131.<\/p>\n<p style=\"text-align: justify;\"><a href=\"http:\/\/siyaset.milliyet.com.tr\/elini-kurtlerden-cek-yoksa-bir-seyler-olur\/siyaset\/siyasetdetay\/17.05.2011\/1391273\/default.htm\" target=\"_blank\">Kaynak : Milliyet<\/a><\/p>\n","protected":false},"excerpt":{"rendered":"<p id=\"caption-attachment-32836\" class=\"wp-caption-text\">BDP Genel Ba\u015fkan\u0131 Hamit Geylani<\/p>\n<p style=\"text-align: justify;\">\u015e\u0131rnak\u2019ta 12 PKK\u2019l\u0131n\u0131n \u00f6ld\u00fcr\u00fclmesi siyasi tansiyonu da y\u00fckseltti. BDP Genel Ba\u015fkan\u0131 Hamit Geylani, Ba\u015fbakan Recep Tayyip Erdo\u011fan\u2019\u0131, \u201cakan kan\u0131n sorumlusu\u201d olmakla su\u00e7lad\u0131 ve \u201cElini K\u00fcrt halk\u0131n\u0131n yakas\u0131ndan ve bedeninden \u00e7ek. Elini demokratik \u00e7\u00f6z\u00fcm \u00e7ad\u0131rlar\u0131na, cuma hutbelerine sokma. Yoksa o ele bir \u015feyler olur ve yen i\u00e7inde <\/p>\n","protected":false},"author":1,"featured_media":0,"comment_status":"open","ping_status":"closed","sticky":false,"template":"","format":"standard","meta":{"footnotes":""},"categories":[105],"tags":[],"class_list":["post-32835","post","type-post","status-publish","format-standard","hentry","category-gundem","odd"],"_links":{"self":[{"href":"http:\/\/www.korhanyilmaz.com\/index.php?rest_route=\/wp\/v2\/posts\/32835","targetHints":{"allow":["GET"]}}],"collection":[{"href":"http:\/\/www.korhanyilmaz.com\/index.php?rest_route=\/wp\/v2\/posts"}],"about":[{"href":"http:\/\/www.korhanyilmaz.com\/index.php?rest_route=\/wp\/v2\/types\/post"}],"author":[{"embeddable":true,"href":"http:\/\/www.korhanyilmaz.com\/index.php?rest_route=\/wp\/v2\/users\/1"}],"replies":[{"embeddable":true,"href":"http:\/\/www.korhanyilmaz.com\/index.php?rest_route=%2Fwp%2Fv2%2Fcomments&post=32835"}],"version-history":[{"count":0,"href":"http:\/\/www.korhanyilmaz.com\/index.php?rest_route=\/wp\/v2\/posts\/32835\/revisions"}],"wp:attachment":[{"href":"http:\/\/www.korhanyilmaz.com\/index.php?rest_route=%2Fwp%2Fv2%2Fmedia&parent=32835"}],"wp:term":[{"taxonomy":"category","embeddable":true,"href":"http:\/\/www.korhanyilmaz.com\/index.php?rest_route=%2Fwp%2Fv2%2Fcategories&post=32835"},{"taxonomy":"post_tag","embeddable":true,"href":"http:\/\/www.korhanyilmaz.com\/index.php?rest_route=%2Fwp%2Fv2%2Ftags&post=32835"}],"curies":[{"name":"wp","href":"https:\/\/api.w.org\/{rel}","templated":true}]}}