{"id":32790,"date":"2011-05-15T10:38:56","date_gmt":"2011-05-15T07:38:56","guid":{"rendered":"http:\/\/www.korhanyilmaz.com\/?p=32790"},"modified":"2011-05-15T10:38:56","modified_gmt":"2011-05-15T07:38:56","slug":"imf-baskani-gozaltina-alindi","status":"publish","type":"post","link":"http:\/\/www.korhanyilmaz.com\/?p=32790","title":{"rendered":"IMF Ba\u015fkan\u0131 g\u00f6zalt\u0131na al\u0131nd\u0131"},"content":{"rendered":"<p style=\"text-align: justify;\"><a href=\"http:\/\/www.korhanyilmaz.com\/wp-content\/uploads\/2011\/05\/177.jpg\"  class=\"lightview\"><img loading=\"lazy\" decoding=\"async\" class=\"aligncenter size-full wp-image-32791\" src=\"http:\/\/www.korhanyilmaz.com\/wp-content\/uploads\/2011\/05\/177.jpg\" alt=\"\" width=\"414\" height=\"219\" \/><\/a><\/p>\n<p style=\"text-align: justify;\">IMF Ba\u015fkan\u0131&#8217;n\u0131n, cinsel tacizde bulunmak su\u00e7lamas\u0131yla g\u00f6zalt\u0131na al\u0131nd\u0131\u011f\u0131 bildirildi.<\/p>\n<p style=\"text-align: justify;\">Uluslararas\u0131 Para Fonu (IMF) Ba\u015fkan\u0131 Dominique Strauss-Kahn&#8217;\u0131n, New York&#8217;ta bir otel g\u00f6revlisine &#8220;cinsel sald\u0131r\u0131da&#8221; bulundu\u011fu gerek\u00e7esiyle g\u00f6z alt\u0131na al\u0131nd\u0131\u011f\u0131 bildirildi.<\/p>\n<p style=\"text-align: justify;\">New York Times gazetesinin haberine g\u00f6re Strauss-Kahn, New York&#8217;taki JFK Havaalan\u0131&#8217;ndan Paris&#8217;e u\u00e7mas\u0131na dakikalar kala u\u00e7a\u011f\u0131ndan indirilerek g\u00f6z alt\u0131na al\u0131nd\u0131. <!--more--><\/p>\n<p style=\"text-align: justify;\">Gazetenin, havaalan\u0131 idaresi s\u00f6zc\u00fcs\u00fcne dayand\u0131rd\u0131\u011f\u0131 haberinde, Strauss-Kahn&#8217;\u0131n ayn\u0131 g\u00fcn i\u00e7erisinde Times Meydan\u0131&#8217;ndaki bir otelde oda g\u00f6revlisine &#8220;cinsel sald\u0131r\u0131da&#8221; bulunmakla su\u00e7land\u0131\u011f\u0131 belirtildi.<\/p>\n<p style=\"text-align: justify;\">Strauss-Kahn&#8217;\u0131n ad\u0131, Fransa&#8217;da gelecek nisan ay\u0131nda yap\u0131lacak cumhurba\u015fkanl\u0131\u011f\u0131 se\u00e7imlerinde olas\u0131 adaylar aras\u0131nda ge\u00e7iyor.<\/p>\n<p style=\"text-align: justify;\"><strong>NEW YORK POL\u0130S\u0130, STRAUSS-KAHN&#8217;IN G\u00d6ZALTINA ALINDI\u011eINI DO\u011eRULADI<\/strong><\/p>\n<p style=\"text-align: justify;\">New York Polisi, Uluslararas\u0131 Para Fonu (IMF) Ba\u015fkan\u0131 Dominique Strauss-Kahn&#8217;\u0131n g\u00f6zalt\u0131na al\u0131nd\u0131\u011f\u0131n\u0131 do\u011frulad\u0131.<\/p>\n<p style=\"text-align: justify;\">Amerikan The Associated Press ajans\u0131n\u0131n haberine g\u00f6re New York polisi, ad\u0131 Fransa&#8217;daki Cumhurba\u015fkanl\u0131\u011f\u0131 se\u00e7imlerinde olas\u0131 adaylar aras\u0131nda ad\u0131 ge\u00e7en Strauss-Kahn&#8217;\u0131n, New York&#8217;tan Paris&#8217;e u\u00e7mas\u0131na dakikalar kala u\u00e7a\u011f\u0131ndan indirildi\u011fini ve bir otel g\u00f6revlisine &#8220;cinsel sald\u0131r\u0131&#8221;da bulundu\u011fu \u015f\u00fcphesiyle polis taraf\u0131ndan sorguya al\u0131nd\u0131\u011f\u0131n\u0131 belirtti.<\/p>\n<p style=\"text-align: justify;\">New York Polis S\u00f6zc\u00fcs\u00fc Paul Browne, Strauss-Kahn&#8217;\u0131n, New York ve New Jersey Havaalan\u0131 \u0130daresi yetkilileri taraf\u0131ndan, Air France havayollar\u0131na ait u\u00e7aktan indirildi\u011fini ve daha sonra polise teslim edildi\u011fini kaydetti.<\/p>\n<p style=\"text-align: justify;\">Strauss-Kahn&#8217;\u0131n polis taraf\u0131ndan sorguland\u0131\u011f\u0131 ancak hen\u00fcz herhangi bir su\u00e7laman\u0131n y\u00f6neltilmedi\u011fi bildirildi.<\/p>\n<p style=\"text-align: justify;\">Browne, 32 ya\u015f\u0131ndaki otel g\u00f6revlisinin, yetkililere, olay\u0131n Times Meydan\u0131 yak\u0131n\u0131ndaki bir otelde Strauss-Kahn&#8217;\u0131n odas\u0131na girerken meydana geldi\u011fini anlatt\u0131\u011f\u0131n\u0131 s\u00f6yledi. Strauss-Kahn&#8217;\u0131n \u00e7\u0131plak \u015fekilde odadan \u00e7\u0131karak kendisine &#8220;cinsel sald\u0131r\u0131da&#8221; bulunmaya \u00e7al\u0131\u015ft\u0131\u011f\u0131n\u0131 ifade eden g\u00f6revlinin, bir \u015fekilde odadan &#8220;ka\u00e7may\u0131&#8221; ba\u015fararak, otel personeline olanlar\u0131 anlatt\u0131\u011f\u0131 ve personelin de polisi arad\u0131\u011f\u0131 kaydedildi.<\/p>\n<p style=\"text-align: justify;\">Browne, New York polisi otele geldi\u011finde Strauss-Kahn&#8217;\u0131n oteli terk etmi\u015f oldu\u011funu, odas\u0131nda cep telefonu ve ki\u015fisel e\u015fyalar\u0131n\u0131 b\u0131rakt\u0131\u011f\u0131n\u0131n g\u00f6zlendi\u011fini belirterek, &#8220;\u00d6yle g\u00f6r\u00fcn\u00fcyor ki, kendisi aceleyle \u00e7\u0131km\u0131\u015f&#8221; dedi.<\/p>\n<p style=\"text-align: justify;\">Otel g\u00f6revlisinin, polis taraf\u0131ndan b\u00f6lgedeki bir hastaneye g\u00f6t\u00fcr\u00fcld\u00fc\u011f\u00fc belirtildi.<\/p>\n<p style=\"text-align: justify;\">IMF&#8217;nin Washington&#8217;daki s\u00f6zc\u00fcs\u00fc William Murray de kurumun \u015fu anda olayla ilgili bir a\u00e7\u0131klama yapmayaca\u011f\u0131n\u0131 kaydetti.<\/p>\n<p style=\"text-align: justify;\">ABD&#8217;nin New York kentinde bir otel g\u00f6revlisine cinsel sald\u0131r\u0131da bulundu\u011fu \u015f\u00fcphesiyle g\u00f6zalt\u0131na al\u0131nan Uluslararas\u0131 Para Fonu (IMF) Ba\u015fkan\u0131 Dominique Strauss-Kahn&#8217;\u0131n, bug\u00fcn ilerleyen saatlerde resmen tutuklanmas\u0131 ve hakk\u0131nda su\u00e7lama y\u00f6neltilmesinin beklendi\u011fi bildirildi.<\/p>\n<p style=\"text-align: justify;\">Uluslararas\u0131 haber ajanslar\u0131nda yer alan haberlere g\u00f6re, New York Polis Te\u015fkilat\u0131 S\u00f6zc\u00fcs\u00fc Paul Browne, yapt\u0131\u011f\u0131 a\u00e7\u0131klamada, 62 ya\u015f\u0131ndaki Strauss-Kahn&#8217;\u0131n bug\u00fcn resmen tutuklanmas\u0131 ve hakk\u0131nda su\u00e7lama y\u00f6neltilmesinin beklendi\u011fini belirtti.<\/p>\n<p style=\"text-align: justify;\">Browne, Strauss-Kahn&#8217;a, &#8220;cinsel su\u00e7 eylemi, tecav\u00fcz giri\u015fimi ve yasad\u0131\u015f\u0131 bi\u00e7imde al\u0131koyma&#8221; su\u00e7lamalar\u0131n\u0131n y\u00f6neltilece\u011fini kaydetti. Browne, Strauss-Kahn&#8217;\u0131n bir avukat tuttu\u011funu ve polise a\u00e7\u0131klama yapmad\u0131\u011f\u0131n\u0131 da s\u00f6yledi. Bu arada, Strauss-Kahn&#8217;\u0131n avukat\u0131 Benjamin Brafman, Reuters&#8217;a yapt\u0131\u011f\u0131 a\u00e7\u0131klamada, IMF Ba\u015fkan\u0131n\u0131n kendisi hakk\u0131ndaki su\u00e7lamalar\u0131 reddedece\u011fini kaydetti.<\/p>\n<p style=\"text-align: justify;\">Fransa&#8217;da gelecek y\u0131l yap\u0131lacak Cumhurba\u015fkanl\u0131\u011f\u0131 se\u00e7imlerinde Sosyalist Parti&#8217;nin olas\u0131 adaylar\u0131 aras\u0131nda ad\u0131 ge\u00e7en Strauss-Kahn, Air France havayollar\u0131na ait u\u00e7akla New York&#8217;taki JFK Havaalan\u0131ndan Paris&#8217;e u\u00e7mas\u0131na 10 dakika kadar kala u\u00e7a\u011f\u0131ndan indirilmi\u015f ve Times Meydan\u0131 yak\u0131n\u0131ndaki l\u00fcks Sofitel Oteli&#8217;nin geceli\u011fi 3 bin dolar olan suitinde bir otel g\u00f6revlisine &#8220;cinsel sald\u0131r\u0131&#8221;da bulundu\u011fu \u015f\u00fcphesiyle polis taraf\u0131ndan sorguya al\u0131nm\u0131\u015ft\u0131.<\/p>\n<p style=\"text-align: justify;\"><strong>OTEL ODASINDA NELER YA\u015eANDI?<\/strong><\/p>\n<p style=\"text-align: justify;\">\u00d6te yandan, otelde ya\u015fanan olayla ilgili yeni ayr\u0131nt\u0131lar ortaya \u00e7\u0131k\u0131yor.<\/p>\n<p style=\"text-align: justify;\">Browne&#8217;nin verdi\u011fi bilgiye g\u00f6re, IMF Ba\u015fkan\u0131n\u0131n cinsel sald\u0131r\u0131s\u0131na u\u011frad\u0131\u011f\u0131n\u0131 s\u00f6yleyen 32 ya\u015f\u0131ndaki otel g\u00f6revlisi, polise verdi\u011fi ifadede, Strauss-Kahn&#8217;\u0131n suitine yerel saatle 13.00 civar\u0131nda girdi\u011finde, Strauss-Kahn&#8217;\u0131n kendisine sald\u0131rd\u0131\u011f\u0131n\u0131 belirtti.<\/p>\n<p style=\"text-align: justify;\">Polise verdi\u011fi ifadede, kendisinden suiti temizlemesinin istendi\u011fini ve odan\u0131n bo\u015f oldu\u011funun s\u00f6ylendi\u011fini ifade eden kad\u0131n g\u00f6revli, odaya girdi\u011finde Strauss-Kahn&#8217;\u0131n banyodan \u00e7\u0131kt\u0131\u011f\u0131n\u0131 ve kendisini koridorda kovalayarak, bir yatak odas\u0131na zorla s\u00fcr\u00fckledi\u011fini ve cinsel sald\u0131r\u0131da bulunmaya ba\u015flad\u0131\u011f\u0131n\u0131 anlatt\u0131.<\/p>\n<p style=\"text-align: justify;\">G\u00f6revlinin ifadesine g\u00f6re, IMF Ba\u015fkan\u0131, o s\u0131rada kendisinden kurtulmay\u0131 ba\u015faran kad\u0131n g\u00f6revliyi tekrar yakalayarak, bu sefer banyoya s\u00fcr\u00fckledi, o esnada kad\u0131n g\u00f6revli, Strauss-Kahn&#8217;\u0131n sald\u0131r\u0131s\u0131ndan tekrar kurtulmay\u0131 ba\u015fararak, odadan &#8220;ka\u00e7t\u0131&#8221; ve otel personeline olanlar\u0131 anlatt\u0131.<\/p>\n<p style=\"text-align: justify;\">Browne, personelin aramas\u0131n\u0131n ard\u0131ndan harekete ge\u00e7en New York polisi bir m\u00fcddet sonra otele geldi\u011finde Strauss-Kahn&#8217;\u0131n, oteli, odada cep telefonunu b\u0131rakarak terketmi\u015f oldu\u011funu belirterek, &#8220;\u00d6yle g\u00f6r\u00fcn\u00fcyor ki odadan aceleyle \u00e7\u0131km\u0131\u015f&#8221; dedi.<\/p>\n<p style=\"text-align: justify;\">Bunun ard\u0131ndan, Strauss-Kahn&#8217;\u0131n havaalan\u0131nda oldu\u011funu \u00f6\u011frenen New York polisinin temas kurdu\u011fu havaalan\u0131 idaresi yetkilileri, IMF Ba\u015fkan\u0131n\u0131 yerel saatle 16.40&#8217;da havalanmas\u0131 planlanan Air France u\u00e7a\u011f\u0131n\u0131n kalk\u0131\u015f\u0131na dakikalar kala Strauss-Kahn&#8217;\u0131 u\u00e7aktan indirerek, g\u00f6zalt\u0131na ald\u0131.<\/p>\n<p style=\"text-align: justify;\">Otel g\u00f6revlisinin ise, hafif yaral\u0131 oldu\u011fu ve hastaneye kald\u0131r\u0131ld\u0131\u011f\u0131 bilgisi verildi.<\/p>\n<p style=\"text-align: justify;\"><strong>STRAUSS-KAHN&#8217;IN BUG\u00dcN YEREL MAHKEME \u00d6N\u00dcNE \u00c7IKMASI BEKLEN\u0130YOR<\/strong><\/p>\n<p style=\"text-align: justify;\">Browne, Strauss-Kahn&#8217;\u0131n diplomatik dokunulmazl\u0131\u011f\u0131n\u0131n olmad\u0131\u011f\u0131n\u0131 ve bug\u00fcn yerel mahkeme \u00f6n\u00fcne \u00e7\u0131kar\u0131lmas\u0131n\u0131n beklendi\u011fini kaydetti.<\/p>\n<p style=\"text-align: justify;\">Strauss-Kahn&#8217;\u0131n, bug\u00fcn Almanya&#8217;da, bor\u00e7 y\u00fck\u00fc i\u00e7indeki Yunanistan&#8217;a yard\u0131mlar konusunda Almanya Ba\u015fbakan\u0131 Angela Merkel ile g\u00f6r\u00fc\u015fme yapmas\u0131, Pazartesi ve Sal\u0131 g\u00fcnleri de Br\u00fcksel&#8217;de AB maliye bakanlar\u0131 toplant\u0131s\u0131na kat\u0131lmas\u0131 \u00f6ng\u00f6r\u00fcl\u00fcyordu.<\/p>\n<p style=\"text-align: justify;\">Konuyla ilgili olarak IMF&#8217;dan hen\u00fcz bir a\u00e7\u0131klama yap\u0131lmad\u0131.<\/p>\n<p style=\"text-align: justify;\">IMF Ba\u015fkanl\u0131\u011f\u0131na 2007 y\u0131l\u0131n\u0131n Kas\u0131m ay\u0131nda getirilen Strauss-Kahn&#8217;\u0131n g\u00f6rev s\u00fcresi gelecek y\u0131l doluyordu.<\/p>\n<p style=\"text-align: justify;\">Strauss-Kahn hakk\u0131nda daha \u00f6nce de 2008 y\u0131l\u0131nda, IMF&#8217;de \u00e7al\u0131\u015fan Macar k\u00f6kenli evli kad\u0131n Piroska Nagy ile girdi\u011fi g\u00f6n\u00fcl ili\u015fkisi y\u00fcz\u00fcnden soru\u015fturma a\u00e7\u0131lm\u0131\u015f ve IMF Ba\u015fkan\u0131, bu olaydan \u00f6t\u00fcr\u00fc e\u015fi dahil herkesten \u00f6z\u00fcr dilemi\u015fti. Daha sonra IMF&#8217;nin karar makam\u0131 olan \u0130cra Direkt\u00f6rleri Kurulu, Strauss-Kahn&#8217;\u0131n, kamuoyuna yans\u0131yan evlilik d\u0131\u015f\u0131 ili\u015fkisine kar\u015f\u0131n, g\u00f6revinde kalmas\u0131n\u0131 kararla\u015ft\u0131rm\u0131\u015ft\u0131.<\/p>\n<p style=\"text-align: justify;\"><a href=\"http:\/\/www.gazeteport.com.tr\/EKONOMI\/NEWS\/GP_904877\" target=\"_blank\">Kaynak : GAZETEPORT<\/a><\/p>\n","protected":false},"excerpt":{"rendered":"<p style=\"text-align: justify;\">\n<p style=\"text-align: justify;\">IMF Ba\u015fkan\u0131&#8217;n\u0131n, cinsel tacizde bulunmak su\u00e7lamas\u0131yla g\u00f6zalt\u0131na al\u0131nd\u0131\u011f\u0131 bildirildi.<\/p>\n<p style=\"text-align: justify;\">Uluslararas\u0131 Para Fonu (IMF) Ba\u015fkan\u0131 Dominique Strauss-Kahn&#8217;\u0131n, New York&#8217;ta bir otel g\u00f6revlisine &#8220;cinsel sald\u0131r\u0131da&#8221; bulundu\u011fu gerek\u00e7esiyle g\u00f6z alt\u0131na al\u0131nd\u0131\u011f\u0131 bildirildi.<\/p>\n<p style=\"text-align: justify;\">New York Times gazetesinin haberine g\u00f6re Strauss-Kahn, New York&#8217;taki JFK Havaalan\u0131&#8217;ndan Paris&#8217;e u\u00e7mas\u0131na dakikalar kala u\u00e7a\u011f\u0131ndan indirilerek <\/p>\n","protected":false},"author":1,"featured_media":0,"comment_status":"open","ping_status":"closed","sticky":false,"template":"","format":"standard","meta":{"footnotes":""},"categories":[105],"tags":[],"class_list":["post-32790","post","type-post","status-publish","format-standard","hentry","category-gundem","odd"],"_links":{"self":[{"href":"http:\/\/www.korhanyilmaz.com\/index.php?rest_route=\/wp\/v2\/posts\/32790","targetHints":{"allow":["GET"]}}],"collection":[{"href":"http:\/\/www.korhanyilmaz.com\/index.php?rest_route=\/wp\/v2\/posts"}],"about":[{"href":"http:\/\/www.korhanyilmaz.com\/index.php?rest_route=\/wp\/v2\/types\/post"}],"author":[{"embeddable":true,"href":"http:\/\/www.korhanyilmaz.com\/index.php?rest_route=\/wp\/v2\/users\/1"}],"replies":[{"embeddable":true,"href":"http:\/\/www.korhanyilmaz.com\/index.php?rest_route=%2Fwp%2Fv2%2Fcomments&post=32790"}],"version-history":[{"count":0,"href":"http:\/\/www.korhanyilmaz.com\/index.php?rest_route=\/wp\/v2\/posts\/32790\/revisions"}],"wp:attachment":[{"href":"http:\/\/www.korhanyilmaz.com\/index.php?rest_route=%2Fwp%2Fv2%2Fmedia&parent=32790"}],"wp:term":[{"taxonomy":"category","embeddable":true,"href":"http:\/\/www.korhanyilmaz.com\/index.php?rest_route=%2Fwp%2Fv2%2Fcategories&post=32790"},{"taxonomy":"post_tag","embeddable":true,"href":"http:\/\/www.korhanyilmaz.com\/index.php?rest_route=%2Fwp%2Fv2%2Ftags&post=32790"}],"curies":[{"name":"wp","href":"https:\/\/api.w.org\/{rel}","templated":true}]}}