{"id":32786,"date":"2011-05-14T19:45:42","date_gmt":"2011-05-14T16:45:42","guid":{"rendered":"http:\/\/www.korhanyilmaz.com\/?p=32786"},"modified":"2011-05-14T19:45:42","modified_gmt":"2011-05-14T16:45:42","slug":"cihaner-bombalarin-kaynagini-acikladi","status":"publish","type":"post","link":"http:\/\/www.korhanyilmaz.com\/?p=32786","title":{"rendered":"Cihaner bombalar\u0131n kayna\u011f\u0131n\u0131 a\u00e7\u0131klad\u0131"},"content":{"rendered":"<p style=\"text-align: justify;\"><a href=\"http:\/\/www.korhanyilmaz.com\/wp-content\/uploads\/2011\/05\/176.jpg\"  class=\"lightview\"><img loading=\"lazy\" decoding=\"async\" class=\"aligncenter size-full wp-image-32787\" src=\"http:\/\/www.korhanyilmaz.com\/wp-content\/uploads\/2011\/05\/176.jpg\" alt=\"\" width=\"350\" height=\"263\" \/><\/a><\/p>\n<p style=\"text-align: justify;\">CHP Denizli milletvekili aday\u0131 \u0130lhan Cihaner, &#8221;Faili me\u00e7hullerse, darbelerse biz de Ergenekon&#8217;a kar\u015f\u0131y\u0131z&#8221; dedi.<\/p>\n<p style=\"text-align: justify;\">Cihaner, Denizli Esnaf Saray\u0131 Konferans Salonu&#8217;nda soru cevap toplant\u0131s\u0131na kat\u0131ld\u0131.<\/p>\n<p style=\"text-align: justify;\">Cihaner, toplant\u0131ya kat\u0131lan bir ki\u015finin, &#8221;T\u00fcrkiye Cumhuriyeti H\u00fck\u00fcmeti&#8217;ne kar\u015f\u0131 darbe haz\u0131rlamakla su\u00e7lan\u0131yorsunuz. Neden alelacele milletvekili aday\u0131 oldunuz, aklanmay\u0131 beklemediniz?&#8221; sorusuna kar\u015f\u0131l\u0131k \u015funlar\u0131 s\u00f6yledi: <!--more--><\/p>\n<p style=\"text-align: justify;\">&#8221;Bahsetti\u011finiz iddialar dokunulmazl\u0131k kapsam\u0131nda de\u011fil. 2 y\u0131l ge\u00e7ti Adalet Bakanl\u0131\u011f\u0131 halen benden savunma istemedi. \u00d6nce HSYK&#8217;n\u0131n yeni yap\u0131s\u0131n\u0131n olu\u015fmas\u0131 beklendi. Adalet Bakanl\u0131\u011f\u0131 bizim yarg\u0131lanmam\u0131z\u0131 istemiyor, bu \u015faibeyle devam etmemizi istiyor. O dosyan\u0131n kamuoyunun bilgisine sunulmas\u0131n\u0131 istemiyor. &#8216;Bundan aklan\u0131n \u00f6yle gelin&#8217; diyorsan\u0131z kat\u0131l\u0131r\u0131m size. Bu sorunun ba\u015fbakana, i\u00e7i\u015fleri bakan\u0131na, cumhurba\u015fkan\u0131na da sorulmas\u0131n\u0131 isterim.&#8221;<\/p>\n<p style=\"text-align: justify;\">Cihaner, &#8221;silahl\u0131 su\u00e7 \u00f6rg\u00fct\u00fcne \u00fcye oldu\u011fu&#8221; iddias\u0131yla ilgili olarak da \u015f\u00f6yle dedi:<\/p>\n<p style=\"text-align: justify;\">&#8221;Nerede silahlar? 6 tane el bombas\u0131 bulundu ba\u015fka bir \u015fey yok. \u015eimdi d\u00fc\u015f\u00fcn\u00fcn bu su\u00e7 \u00f6rg\u00fct\u00fcn\u00fcn lideri 3. Ordu Komutan\u0131. 3. Ordu Komutan\u0131n\u0131n emrinde u\u00e7aklar var, tanklar var, silahl\u0131 on binlerce asker var.<\/p>\n<p style=\"text-align: justify;\">Ben size kimsenin bilmedi\u011fi bir \u015feyi de s\u00f6yleyeyim. O el bombalar\u0131 bu tutuklama nedeniyle benim elimden al\u0131nan ba\u015fka bir hukuki soru\u015fturmaya ait el bombalar\u0131. Mara\u015f olaylar\u0131 ya da Sivas olaylar\u0131 s\u0131ras\u0131nda olas\u0131 bir i\u00e7 sava\u015fta k\u00f6ylere muhtemelen kontrgerilla taraf\u0131ndan da\u011f\u0131t\u0131lm\u0131\u015f bombalar. Yani T\u00fcrkiye&#8217;yi 12 Eyl\u00fcl&#8217;e getirenlerle, beni parmakl\u0131klar ard\u0131na g\u00f6nderenler muhtemelen ayn\u0131 zekada, ayn\u0131 bak\u0131\u015f a\u00e7\u0131s\u0131na sahip insanlar. Herkesin ba\u015f\u0131na gelebilir, bu bir s\u0131ra meselesi.&#8221;<\/p>\n<p style=\"text-align: justify;\">\u0130lhan Cihaner, \u00fclkede &#8221;herkesin kendine g\u00f6re Ergenekon&#8217;u olu\u015ftu\u011funu&#8221; savunarak, &#8221;T\u00fcrkiye&#8217;yi 12 Eyl\u00fcl&#8217;e, i\u00e7 sava\u015f e\u015fi\u011fine getirenler Ergenekoncular ise bizden de oy yok. Faili me\u00e7hullerse, darbelerse biz de Ergenokon&#8217;a kar\u015f\u0131y\u0131z&#8221; diye konu\u015ftu.<\/p>\n<p style=\"text-align: justify;\"><a href=\"http:\/\/www.gazeteport.com.tr\/SIYASET\/NEWS\/GP_904768\" target=\"_blank\">Kaynak : GAZETEPORT<\/a><\/p>\n","protected":false},"excerpt":{"rendered":"<p style=\"text-align: justify;\">\n<p style=\"text-align: justify;\">CHP Denizli milletvekili aday\u0131 \u0130lhan Cihaner, &#8221;Faili me\u00e7hullerse, darbelerse biz de Ergenekon&#8217;a kar\u015f\u0131y\u0131z&#8221; dedi.<\/p>\n<p style=\"text-align: justify;\">Cihaner, Denizli Esnaf Saray\u0131 Konferans Salonu&#8217;nda soru cevap toplant\u0131s\u0131na kat\u0131ld\u0131.<\/p>\n<p style=\"text-align: justify;\">Cihaner, toplant\u0131ya kat\u0131lan bir ki\u015finin, &#8221;T\u00fcrkiye Cumhuriyeti H\u00fck\u00fcmeti&#8217;ne kar\u015f\u0131 darbe haz\u0131rlamakla su\u00e7lan\u0131yorsunuz. Neden alelacele milletvekili aday\u0131 oldunuz, aklanmay\u0131 beklemediniz?&#8221; sorusuna kar\u015f\u0131l\u0131k \u015funlar\u0131 <\/p>\n","protected":false},"author":1,"featured_media":0,"comment_status":"open","ping_status":"closed","sticky":false,"template":"","format":"standard","meta":{"footnotes":""},"categories":[105],"tags":[],"class_list":["post-32786","post","type-post","status-publish","format-standard","hentry","category-gundem","odd"],"_links":{"self":[{"href":"http:\/\/www.korhanyilmaz.com\/index.php?rest_route=\/wp\/v2\/posts\/32786","targetHints":{"allow":["GET"]}}],"collection":[{"href":"http:\/\/www.korhanyilmaz.com\/index.php?rest_route=\/wp\/v2\/posts"}],"about":[{"href":"http:\/\/www.korhanyilmaz.com\/index.php?rest_route=\/wp\/v2\/types\/post"}],"author":[{"embeddable":true,"href":"http:\/\/www.korhanyilmaz.com\/index.php?rest_route=\/wp\/v2\/users\/1"}],"replies":[{"embeddable":true,"href":"http:\/\/www.korhanyilmaz.com\/index.php?rest_route=%2Fwp%2Fv2%2Fcomments&post=32786"}],"version-history":[{"count":0,"href":"http:\/\/www.korhanyilmaz.com\/index.php?rest_route=\/wp\/v2\/posts\/32786\/revisions"}],"wp:attachment":[{"href":"http:\/\/www.korhanyilmaz.com\/index.php?rest_route=%2Fwp%2Fv2%2Fmedia&parent=32786"}],"wp:term":[{"taxonomy":"category","embeddable":true,"href":"http:\/\/www.korhanyilmaz.com\/index.php?rest_route=%2Fwp%2Fv2%2Fcategories&post=32786"},{"taxonomy":"post_tag","embeddable":true,"href":"http:\/\/www.korhanyilmaz.com\/index.php?rest_route=%2Fwp%2Fv2%2Ftags&post=32786"}],"curies":[{"name":"wp","href":"https:\/\/api.w.org\/{rel}","templated":true}]}}