{"id":32774,"date":"2011-05-14T21:59:28","date_gmt":"2011-05-14T18:59:28","guid":{"rendered":"http:\/\/www.korhanyilmaz.com\/?p=32774"},"modified":"2011-05-14T21:59:28","modified_gmt":"2011-05-14T18:59:28","slug":"2-cocuk-annesini-ezene-rekor-ceza","status":"publish","type":"post","link":"http:\/\/www.korhanyilmaz.com\/?p=32774","title":{"rendered":"2 \u00e7ocuk annesini ezene rekor ceza"},"content":{"rendered":"<p style=\"text-align: justify;\"><a href=\"http:\/\/www.korhanyilmaz.com\/wp-content\/uploads\/2011\/05\/173.jpg\"  class=\"lightview\"><img loading=\"lazy\" decoding=\"async\" class=\"aligncenter size-full wp-image-32775\" src=\"http:\/\/www.korhanyilmaz.com\/wp-content\/uploads\/2011\/05\/173.jpg\" alt=\"\" width=\"420\" height=\"210\" \/><\/a><\/p>\n<p style=\"text-align: justify;\"><strong>Hakim, \u2018Bu kaza de\u011fil resmen cinayet\u2019 dedi, 17 y\u0131l hapis verdi!<\/strong><\/p>\n<p style=\"text-align: justify;\">\u00d6l\u00fcml\u00fc trafik kazas\u0131na rekor cezalardan biri geldi. \u0130stanbul Barbaros Bulvar\u0131\u2019nda iki y\u0131l \u00f6nce temizlik g\u00f6revlisi olarak \u00e7al\u0131\u015ft\u0131\u011f\u0131 otelden evine gitmek i\u00e7in \u00e7\u0131kan iki \u00e7ocuk annesi G\u00fclizar \u00c7okduru\u2019yu ezen Emir Rasim Parlak, \u2018olas\u0131 kastla adam \u00f6ld\u00fcrmek\u2019ten m\u00fcebbetle yarg\u0131land\u0131. San\u0131\u011f\u0131n pi\u015fmanl\u0131k duymas\u0131n\u0131 ve sab\u0131kas\u0131z ge\u00e7mi\u015fini dikkate alan hakim, indirime giderek 16 y\u0131l 8 ay hapis cezas\u0131 verdi&#8230; <!--more--><\/p>\n<p style=\"text-align: justify;\">Be\u015fikta\u015f Barbaros Bulvar\u0131\u2019nda 24 May\u0131s 2009 tarihinde ger\u00e7ekle\u015fen olayda temizlik g\u00f6revlisi olarak \u00e7al\u0131\u015ft\u0131\u011f\u0131 otelden evine giderken yayalar i\u00e7in yanan ye\u015fil \u0131\u015f\u0131kta kar\u015f\u0131ya ge\u00e7mek isteyen 45 ya\u015f\u0131ndaki G\u00fclizar \u00c7okduru kar\u015f\u0131dan a\u015f\u0131r\u0131 h\u0131zla gelmekte olan Emir Rasim Parlak \u2019\u0131n kulland\u0131\u011f\u0131 Mercedes marka otomobilin alt\u0131nda kalarak feci \u015fekilde can verdi. 1.80 promil alkoll\u00fc oldu\u011fu ortaya \u00e7\u0131kan s\u00fcr\u00fcc\u00fc, tutuklanarak cezaevine g\u00f6nderildi.<\/p>\n<p style=\"text-align: justify;\"><strong>\u00d6nce tahliye edildi<\/strong><\/p>\n<p style=\"text-align: justify;\"><a href=\"http:\/\/www.korhanyilmaz.com\/wp-content\/uploads\/2011\/05\/174.jpg\"  class=\"lightview\"><img loading=\"lazy\" decoding=\"async\" class=\"size-full wp-image-32779 alignleft\" style=\"margin-left: 15px; margin-right: 15px;\" src=\"http:\/\/www.korhanyilmaz.com\/wp-content\/uploads\/2011\/05\/174.jpg\" alt=\"\" width=\"300\" height=\"250\" \/><\/a>Kazayla ilgili y\u00fcr\u00fct\u00fclen soru\u015fturma sonunda tutuklu san\u0131k Parlak hakk\u0131nda \u0130stanbul Asliye Ceza Mahkemesi\u2019nde \u201ctaksirle adam \u00f6ld\u00fcrmek\u201d su\u00e7undan 3 y\u0131la kadar hapis istemiyle dava a\u00e7\u0131ld\u0131. Asliye Ceza Mahkemesi\u2019nde yakla\u015f\u0131k bir y\u0131l s\u00fcren davada tutuklu san\u0131k, bir s\u00fcre sonra tahliye edildi. Ancak 4 ay \u00f6nce dosyas\u0131, olay g\u00fcn\u00fc alkoll\u00fc ve a\u015f\u0131r\u0131 h\u0131zl\u0131 oldu\u011fu gerek\u00e7esiyle \u0130stanbul 4. A\u011f\u0131r Ceza Mahkemesi\u2019ne g\u00f6nderildi.<\/p>\n<p style=\"text-align: justify;\"><strong>\u0130kinci kez tutukland\u0131<\/strong><\/p>\n<p style=\"text-align: justify;\">D\u00fczenlenen ek iddianameyle Parlak\u2019\u0131n \u201colas\u0131 kastla adam \u00f6ld\u00fcrmek\u201d su\u00e7undan 20 y\u0131ldan 25 y\u0131la kadar hapisle cezaland\u0131r\u0131lmas\u0131 istenince yeniden tutukland\u0131. Davan\u0131n \u00f6nceki g\u00fcn g\u00f6r\u00fclen duru\u015fmas\u0131nda ise karar a\u00e7\u0131kland\u0131. \u0130stanbul 4. A\u011f\u0131r Ceza Mahkemesi\u2018nde g\u00f6r\u00fclen duru\u015fmaya tutuklu san\u0131k Emir Rasim Parlak ve taraf avukatlar\u0131 kat\u0131ld\u0131.<\/p>\n<p style=\"text-align: justify;\"><strong>Savc\u0131 m\u00fcebbet istedi<\/strong><\/p>\n<p style=\"text-align: justify;\">Savunmalar\u0131n ard\u0131ndan dava hakk\u0131ndaki esas g\u00f6r\u00fc\u015f\u00fc sorulan Mahkeme Savc\u0131s\u0131 Kadir Nazmi Yelkenci, esas hakk\u0131ndaki g\u00f6r\u00fc\u015f\u00fcnde Parlak\u2019\u0131n 1.80 promil alkoll\u00fc Barbaros Bulvar\u0131 \u00fczerinde Be\u015fikta\u015f y\u00f6n\u00fcne do\u011fru \u015fehir i\u00e7inde uygulanmas\u0131 gereken h\u0131z limitlerine uymaks\u0131z\u0131n, 2270 nolu trafik \u0131\u015f\u0131klar\u0131na geldi\u011finde, yaya ge\u00e7idinde yolun kar\u015f\u0131 y\u00f6n\u00fcne ge\u00e7mek isteyen G\u00fclizar \u00c7okduru\u2019ya \u00e7arpt\u0131\u011f\u0131n\u0131 ifade etti. San\u0131\u011f\u0131n, yaya ge\u00e7idinde yava\u015flamad\u0131\u011f\u0131n\u0131, k\u0131rm\u0131z\u0131 \u0131\u015f\u0131kta durmay\u0131p makt\u00fcleye \u00e7arpt\u0131\u011f\u0131n\u0131 ve bu \u015fekilde \u00f6l\u00fcm\u00fcne neden oldu\u011funu s\u00f6yleyen Savc\u0131 Yelkenci, Barbaros Bulvar\u0131 gibi ara\u00e7 ve yaya trafi\u011finin \u00e7ok yo\u011fun bir b\u00f6lgede belirtilen bi\u00e7imde ara\u00e7 kullanm\u0131\u015f olman\u0131n olas\u0131 kastla insan \u00f6ld\u00fcrme su\u00e7unu olu\u015fturdu\u011funu belirterek, san\u0131\u011f\u0131n, \u00f6m\u00fcr boyu hapis cezas\u0131na \u00e7arpt\u0131r\u0131lmas\u0131n\u0131 talep etti.<\/p>\n<p style=\"text-align: justify;\"><strong>\u0130ndirimlerle 16 y\u0131la d\u00fc\u015ft\u00fc<\/strong><\/p>\n<p style=\"text-align: justify;\">Mahkeme san\u0131\u011f\u0131n eyleminin olas\u0131 kastla insan \u00f6ld\u00fcrmek su\u00e7unu olu\u015fturdu\u011funu belirterek kasten insan \u00f6ld\u00fcrmek su\u00e7undan m\u00fcebbet hapis cezas\u0131yla cezaland\u0131r\u0131lmas\u0131na karar verdi. Su\u00e7un olas\u0131 kastla i\u015flenmesi nedeniyle TCK\u2019n\u0131n 21\/2 Maddesi gere\u011fince m\u00fcebbet hapis cezas\u0131n\u0131 20 y\u0131l hapis cezas\u0131na \u00e7evirdi. San\u0131\u011f\u0131n pi\u015fmanl\u0131k duymas\u0131n\u0131 ve sab\u0131kas\u0131z ge\u00e7mi\u015fini dikkate alan mahkeme heyeti, cezay\u0131 indirerek 16 y\u0131l 8 ay hapis cezas\u0131 verdi.<\/p>\n<p style=\"text-align: justify;\"><strong>KAMERA KAYITLARI DEL\u0130L OLDU<\/strong><\/p>\n<p style=\"text-align: justify;\">\u00c7okduru ailesinin avukat\u0131 Naci \u00d6zer, savunma yaparken kaza an\u0131n\u0131 saniye saniye g\u00f6r\u00fcnt\u00fcleyen MOBESE kay\u0131tlar\u0131n\u0131 da delil olarak g\u00f6sterdi ve \u201cEsasen bu olay, trafik kazas\u0131 g\u00f6r\u00fcn\u00fcml\u00fc olsa da bir trafik kazas\u0131, yani taksirle \u00f6l\u00fcm de\u011fildir. San\u0131k a\u015f\u0131r\u0131 alkoll\u00fcd\u00fcr. A\u015f\u0131r\u0131 h\u0131zla seyretmi\u015ftir. K\u0131rm\u0131z\u0131 \u0131\u015f\u0131k uyar\u0131s\u0131na uymam\u0131\u015ft\u0131r. Maktule \u00e7arparak \u00f6l\u00fcm\u00fcne neden olmu\u015ftur. Buna g\u00f6re, olas\u0131 kastla insan \u00f6ld\u00fcrmek su\u00e7undan san\u0131\u011f\u0131n cezaland\u0131r\u0131lmas\u0131n\u0131 talep ediyoruz\u201d dedi.<\/p>\n<p style=\"text-align: justify;\"><strong>Sonunda adalet yerini buldu<\/strong><\/p>\n<p style=\"text-align: justify;\">G\u00fclizar \u00c7okduru\u2019nun k\u0131z\u0131 G\u00fcliz Sirek, karardan memnun: \u201cAnnemiz zor ko\u015fullarda \u00e7al\u0131\u015f\u0131yordu. Birka\u00e7 ay sonra emekli olup rahata erecekti. Davan\u0131n ba\u015f\u0131ndan beri s\u00fcr\u00fcc\u00fcn\u00fcn en a\u011f\u0131r cezaya \u00e7arpt\u0131r\u0131lmas\u0131n\u0131 istiyorduk. O da oldu. Mahkemenin verdi\u011fi karara ba\u015fka diyecek bir \u015feyimiz yok.\u201d<\/p>\n<p style=\"text-align: justify;\"><strong>SANIK AVUKATI: Alkole al\u0131\u015f\u0131k de\u011filmi\u015f!<\/strong><\/p>\n<p style=\"text-align: justify;\">San\u0131k avukat\u0131 Fatma Perihan Vural, m\u00fcvekkili Emir Rasim Parlak \u2019\u0131n yaz tatili geldi\u011finde kaza yapt\u0131\u011f\u0131 arabas\u0131n\u0131 sat\u0131p Yeni Zelanda\u2019ya gitmeyi planlad\u0131\u011f\u0131n\u0131 anlatarak, \u015fu s\u00f6zlerle savunma yapt\u0131: \u201cHem tatil hem de yurt d\u0131\u015f\u0131na gidece\u011finden m\u00fcvekkilim arkada\u015flar\u0131yla bir araya gelmi\u015f ve bir miktar alkol alm\u0131\u015f, ancak al\u0131\u015f\u0131k olmad\u0131\u011f\u0131 i\u00e7in alkol\u00fcn etkisini fazlaca hissetmi\u015ftir. Olay kasten ya da olas\u0131 kastla meydana gelmemi\u015f aksine taksirle olu\u015fmu\u015ftur. Her \u015feye ra\u011fmen biz san\u0131\u011f\u0131 tekrar topluma kazand\u0131rmaya \u00e7al\u0131\u015f\u0131yoruz. Duru\u015fmada \u00f6lenin yak\u0131nlar\u0131 ile g\u00f6z g\u00f6ze geliyor. Her duru\u015fmada vicdan azab\u0131 \u00e7ekiyor.\u201d Ancak bu savunma mahkeme heyetini ikna edemedi.<\/p>\n<p style=\"text-align: justify;\"><strong>UZMAN G\u00d6R\u00dc\u015e\u00dc: Hem alkol hem k\u0131rm\u0131z\u0131 \u0131\u015f\u0131k var<\/strong><\/p>\n<p style=\"text-align: justify;\">Avukat Ali R\u0131za Dizdar: \u201cK\u0131rm\u0131z\u0131 \u0131\u015f\u0131\u011f\u0131n oldu\u011fu bir yerde alkol al\u0131p h\u0131zl\u0131 giden bir insan\u0131n, e\u011fer arac\u0131nda veya yolda herhangi bir kusur yoksa \u00f6n\u00fcne \u00e7\u0131kan yaya veya her hangi bir canl\u0131ya vurabilece\u011fini d\u00fc\u015f\u00fcnmesi laz\u0131m. \u00c7\u00fcnk\u00fc, k\u0131rm\u0131z\u0131 \u0131\u015f\u0131k onun ge\u00e7memesine bir ikazd\u0131r. O k\u0131rm\u0131z\u0131 \u0131\u015f\u0131\u011f\u0131 zaten ge\u00e7iyor. O zaman ye\u015fil \u0131\u015f\u0131kta birisinin ge\u00e7ebilece\u011fini d\u00fc\u015f\u00fcnmek zorunda. Bu nedenle burada olas\u0131 kast\u0131n uygulanmas\u0131 m\u00fcmk\u00fcn. Ancak bu kast\u0131n uygulanabilmesi i\u00e7in ger\u00e7ekten ara\u00e7ta teknik bir ar\u0131zan\u0131n olup olmad\u0131\u011f\u0131, yolda herhangi bir kusur olup olmad\u0131\u011f\u0131 ve s\u00fcr\u00fcc\u00fcn\u00fcn herhangi bir sebeple direksiyon hakimiyetini kaybedip etmedi\u011fini \u00e7ok iyi ara\u015ft\u0131r\u0131lmas\u0131 gerekiyor. E\u011fer bu konularda sorun yoksa o zaman olas\u0131 kasttan sorumludur.\u201d<\/p>\n<p style=\"text-align: justify;\"><strong>KANUN NE D\u0130YOR? <\/strong><\/p>\n<p style=\"text-align: justify;\"><strong>TCK MADDE 21\/2<\/strong><\/p>\n<p style=\"text-align: justify;\">T\u00fcrk Ceza Kanunu\u2019nda, olas\u0131 kastla adam \u00f6ld\u00fcrme su\u00e7u \u015f\u00f6yle d\u00fczenleniyor: \u201cKi\u015finin, su\u00e7un kanuni tan\u0131m\u0131ndaki unsurlar\u0131n ger\u00e7ekle\u015febilece\u011fini \u00f6ng\u00f6rmesine ra\u011fmen fiili i\u015flemesi halinde olas\u0131 kast vard\u0131r. Bu halde a\u011f\u0131rla\u015ft\u0131r\u0131lm\u0131\u015f m\u00fcebbet hapis cezas\u0131n\u0131 gerektiren su\u00e7larda m\u00fcebbet hapis cezas\u0131na, m\u00fcebbet hapis cezas\u0131n\u0131 gerektiren su\u00e7larda 20 y\u0131ldan 25 y\u0131la kadar hapis cezas\u0131na h\u00fckmolunur. Di\u011fer su\u00e7larda ise temel ceza ise \u00fc\u00e7te birden yar\u0131s\u0131na kadar indirilir.\u201d<\/p>\n<p style=\"text-align: justify;\"><a href=\"http:\/\/haber.gazetevatan.com\/2-cocuk-annesini-ezene-rekor-ceza\/377379\/7\/Yasam\" target=\"_blank\">Kaynak : VATAN Gazetesi<\/a><\/p>\n","protected":false},"excerpt":{"rendered":"<p style=\"text-align: justify;\">\n<p style=\"text-align: justify;\">Hakim, \u2018Bu kaza de\u011fil resmen cinayet\u2019 dedi, 17 y\u0131l hapis verdi!<\/p>\n<p style=\"text-align: justify;\">\u00d6l\u00fcml\u00fc trafik kazas\u0131na rekor cezalardan biri geldi. \u0130stanbul Barbaros Bulvar\u0131\u2019nda iki y\u0131l \u00f6nce temizlik g\u00f6revlisi olarak \u00e7al\u0131\u015ft\u0131\u011f\u0131 otelden evine gitmek i\u00e7in \u00e7\u0131kan iki \u00e7ocuk annesi G\u00fclizar \u00c7okduru\u2019yu ezen Emir Rasim Parlak, \u2018olas\u0131 kastla adam \u00f6ld\u00fcrmek\u2019ten m\u00fcebbetle yarg\u0131land\u0131. <\/p>\n","protected":false},"author":1,"featured_media":0,"comment_status":"open","ping_status":"closed","sticky":false,"template":"","format":"standard","meta":{"footnotes":""},"categories":[105],"tags":[],"class_list":["post-32774","post","type-post","status-publish","format-standard","hentry","category-gundem","odd"],"_links":{"self":[{"href":"http:\/\/www.korhanyilmaz.com\/index.php?rest_route=\/wp\/v2\/posts\/32774","targetHints":{"allow":["GET"]}}],"collection":[{"href":"http:\/\/www.korhanyilmaz.com\/index.php?rest_route=\/wp\/v2\/posts"}],"about":[{"href":"http:\/\/www.korhanyilmaz.com\/index.php?rest_route=\/wp\/v2\/types\/post"}],"author":[{"embeddable":true,"href":"http:\/\/www.korhanyilmaz.com\/index.php?rest_route=\/wp\/v2\/users\/1"}],"replies":[{"embeddable":true,"href":"http:\/\/www.korhanyilmaz.com\/index.php?rest_route=%2Fwp%2Fv2%2Fcomments&post=32774"}],"version-history":[{"count":0,"href":"http:\/\/www.korhanyilmaz.com\/index.php?rest_route=\/wp\/v2\/posts\/32774\/revisions"}],"wp:attachment":[{"href":"http:\/\/www.korhanyilmaz.com\/index.php?rest_route=%2Fwp%2Fv2%2Fmedia&parent=32774"}],"wp:term":[{"taxonomy":"category","embeddable":true,"href":"http:\/\/www.korhanyilmaz.com\/index.php?rest_route=%2Fwp%2Fv2%2Fcategories&post=32774"},{"taxonomy":"post_tag","embeddable":true,"href":"http:\/\/www.korhanyilmaz.com\/index.php?rest_route=%2Fwp%2Fv2%2Ftags&post=32774"}],"curies":[{"name":"wp","href":"https:\/\/api.w.org\/{rel}","templated":true}]}}