{"id":3273,"date":"2009-02-15T08:51:52","date_gmt":"2009-02-15T06:51:52","guid":{"rendered":"http:\/\/www.korhanyilmaz.com\/?p=3273"},"modified":"2009-02-15T08:51:52","modified_gmt":"2009-02-15T06:51:52","slug":"akp-iki-basbakanlik-bir-cumhurbaskanligi-doneminden-sonra-biter","status":"publish","type":"post","link":"http:\/\/www.korhanyilmaz.com\/?p=3273","title":{"rendered":"AKP iki ba\u015fbakanl\u0131k bir cumhurba\u015fkanl\u0131\u011f\u0131 d\u00f6neminden sonra biter"},"content":{"rendered":"<p><img loading=\"lazy\" decoding=\"async\" class=\"size-full wp-image-3274 alignleft\" title=\"Saadet Partisi\u2019nin yeni Genel Ba\u015fkan\u0131 Numan Kurtulmu\u015f\" src=\"http:\/\/www.korhanyilmaz.com\/wp-content\/uploads\/2009\/02\/130220091738247527224_3.jpg\" alt=\"Saadet Partisi\u2019nin yeni Genel Ba\u015fkan\u0131 Numan Kurtulmu\u015f\" width=\"175\" height=\"263\" \/><\/p>\n<p style=\"text-align: justify;\"><strong>Saadet Partisi&#8217;nin yeni Genel Ba\u015fkan\u0131 Numan Kurtulmu\u015f&#8217;tan \u00e7arp\u0131c\u0131 a\u00e7\u0131klamalar&#8230; <\/strong><\/p>\n<p style=\"text-align: justify;\">Numan Kurtulmu\u015f, &#8220;12 Eyl\u00fcl olmasayd\u0131 ANAP, 28 \u015eubat olmasayd\u0131 AKP olmazd\u0131. AKP ANAP gibi zamane partisidir. Zamane \u015fartlar\u0131 de\u011fi\u015fince kendisine hayat veren kurulu\u015f gerek\u00e7eleri de ortada kalmayacakt\u0131r&#8221; diyor.<\/p>\n<p style=\"text-align: justify;\">Saadet Partisi&#8217;nin yeni Genel Ba\u015fkan\u0131 Numan Kurtulmu\u015f&#8230; Milli G\u00f6r\u00fc\u015f&#8217;\u00fcn bayra\u011f\u0131n\u0131 Erbakan&#8217;dan alan isim. Ba\u015fbakan Erdo\u011fan&#8217;\u0131n defalarca AKP&#8217;ye \u00e7a\u011f\u0131rd\u0131\u011f\u0131, ancak olumlu yan\u0131t alamad\u0131\u011f\u0131 isim&#8230; \u0130ktisat profes\u00f6r\u00fc, 3 \u00e7ocuk babas\u0131, sakin, h\u0131rsl\u0131 g\u00f6r\u00fcnmeyen, Tayyip Erdo\u011fan&#8217;\u0131n tam tersi ki\u015filik \u00f6zelliklerine sahip g\u00f6r\u00fcnt\u00fcs\u00fc veren biri.<br \/>\nKurtulmu\u015f ailesi 80 y\u0131ld\u0131r Fatih&#8217;te ya\u015f\u0131yor. Biz de g\u00f6r\u00fc\u015fmeyi Fatih&#8217;te yap\u0131yoruz. Sade bir \u00e7al\u0131\u015fma ofisi var Numan Kurtulmu\u015f&#8217;un. Yerel se\u00e7imler nedeniyle yo\u011fun bir tempo i\u00e7inde yakalad\u0131\u011f\u0131m\u0131z Kurtulmu\u015f&#8217;la bulu\u015fmaya giderken g\u00f6rd\u00fc\u011f\u00fcm bir arkada\u015f\u0131m, &#8220;Bakal\u0131m elini s\u0131kacak m\u0131?&#8221; diye sormu\u015ftu. <!--more-->Evet, Gamze&#8217;nin de benim de elimizi s\u0131kt\u0131 Kurtulmu\u015f. Bunu neden mi yaz\u0131yorum? Refah Partisi d\u00f6neminde Ankara&#8217;da gazetecilik yap\u0131yordum, parti genel merkezindeki siyaset\u00e7ilerin \u00e7o\u011fu kad\u0131n muhabirlerin elini s\u0131kmazd\u0131. \u015eimdi bu isimlerin bir k\u0131sm\u0131 AKP&#8217;de politika yap\u0131yor, baz\u0131lar\u0131n\u0131n davran\u0131\u015flar\u0131n\u0131n de\u011fi\u015fti\u011fini de biliyorum. R\u00f6portaja gitmeden \u00f6nce soru haz\u0131rlarken Milli G\u00f6r\u00fc\u015f&#8217;le ilgili olarak akl\u0131ma ilk ne geldi\u011fini kendime sordum. Erbakan&#8217;\u0131n &#8220;Kaday\u0131f\u0131n alt\u0131 k\u0131zaracak&#8221; s\u00f6z\u00fc kulaklar\u0131mda \u00e7\u0131nlad\u0131, ard\u0131ndan &#8220;siyonistler&#8221; ve &#8220;adil d\u00fczen&#8221; akl\u0131ma d\u00fc\u015ft\u00fc.<br \/>\nNuman Kurtulmu\u015f ne eski siyaset\u00e7ilere benziyor, yani ne Erbakan ne Demirel gibi, ne de Tayyip Erdo\u011fan, Deniz Baykal gibi&#8230; Numan Kurtulmu\u015f&#8217;un \u00fcslubunun T\u00fcrkiye&#8217;ye iyi gelece\u011fini d\u00fc\u015f\u00fcnd\u00fcm.\n<\/p>\n<p style=\"text-align: justify;\">Erbakan&#8217;\u0131 ilk kez 9 ya\u015f\u0131nda g\u00f6rd\u00fcm<\/p>\n<p style=\"text-align: justify;\">28 \u015eubat&#8217;tan hemen sonra politikaya at\u0131lm\u0131\u015fs\u0131n\u0131z. Neydi sizi siyasete sokan temel itici g\u00fc\u00e7?<\/p>\n<p style=\"text-align: justify;\">\u00dcniversitede do\u00e7enttim, profes\u00f6rl\u00fc\u011f\u00fcme de az kalm\u0131\u015ft\u0131. Aktif olarak siyasetin i\u00e7inde olma plan\u0131m da yoktu. 28 \u015eubat sonras\u0131ndaki antidemokratik hava beni etkiledi. Partiden \u0130stanbul \u0130l Ba\u015fkanl\u0131\u011f\u0131&#8217;yla ilgili teklif geldi.<\/p>\n<p style=\"text-align: justify;\">\u0130stanbul \u0130l Ba\u015fkanl\u0131\u011f\u0131 bizim gelene\u011fimizde \u00e7ok \u00f6nemli bir g\u00f6revdir. O d\u00f6nem gelenek\u00e7ilik, yenilik\u00e7ilik tart\u0131\u015fmalar\u0131 ba\u015flam\u0131\u015ft\u0131. 28 \u015eubat&#8217;\u0131n t\u00fcm spotlar\u0131 \u00fczerimizdeydi. Belki de her zorlu\u011fun bir kolayl\u0131\u011f\u0131 vard\u0131r, benim i\u00e7in \u00f6\u011fretici bir d\u00f6nemdi.<br \/>\nO g\u00fcne kadar siyasetin i\u00e7inde de\u011fildim ama muhafazak\u00e2r camiada \u00e7ok iyi bilinen biriydim.\n<\/p>\n<p style=\"text-align: justify;\"><strong>Erbakan&#8217;la nas\u0131l tan\u0131\u015fm\u0131\u015ft\u0131n\u0131z? <\/strong><\/p>\n<p style=\"text-align: justify;\">San\u0131r\u0131m, Ba\u011f\u0131ms\u0131zlar Hareketi&#8217;yle ilgili bir toplant\u0131yd\u0131. 9 ya\u015flar\u0131ndayd\u0131m. \u00c7ok etkileyiciydi, Say\u0131n Erbakan herkesi aya\u011fa kald\u0131rd\u0131, \u00e7ok kalabal\u0131k de\u011fildi. &#8220;Zafer inanlar\u0131nd\u0131r ve zafer yak\u0131nd\u0131r&#8221; demi\u015fti. \u00c7ocuk ya\u015f\u0131mda hayret etmi\u015ftim ve etkilenmi\u015ftim. \u00c7ok ba\u015flang\u0131\u00e7ta bir a\u015famada, kalabal\u0131klar etraf\u0131nda yokken zafer d\u00fc\u015f\u00fcnde olmas\u0131 beni etkilemi\u015fti. Siyasetin en \u00f6nemli \u00f6zelli\u011fi iddia ve irade sahibi olmakt\u0131r. Buna sahip olmayan bir siyaset y\u00fcr\u00fcmez.<\/p>\n<p style=\"text-align: justify;\">AKP gerilim siyaseti yap\u0131yor<\/p>\n<p style=\"text-align: justify;\">Hepimizin \u00e7ocuklu\u011fu Ecevit, Erbakan ve Demirel&#8217;le ge\u00e7ti. \u00dcsluplar\u0131 \u00e7ok farkl\u0131yd\u0131, ama \u00fc\u00e7\u00fc kavga da etseler s\u0131n\u0131rlar belliydi. Vatanda\u015fa davran\u0131\u015flar\u0131 da farkl\u0131yd\u0131. &#8220;Anan\u0131 da al git&#8221; gibi bir s\u00f6z\u00fcn onlar\u0131n a\u011fz\u0131ndan \u00e7\u0131kt\u0131\u011f\u0131n\u0131 d\u00fc\u015f\u00fcnemem bile&#8230; \u00dcslup siyasette ne kadar \u00f6nemli sizce?<\/p>\n<p style=\"text-align: justify;\">Farkl\u0131 d\u00fcnya g\u00f6r\u00fc\u015flerimiz olabilir, farkl\u0131 paradigmalardan d\u00fcnyaya bak\u0131yor olabiliriz, sonu\u00e7 itibar\u0131yla m\u00fchim olan \u015fey \u015fu: Siyasetin 3 temel amac\u0131 var. \u0130nsanlar\u0131 \u00f6zg\u00fcrle\u015ftirmek, insanlara adaletli y\u00f6netim sa\u011flamak, refahtan herkesin pay almas\u0131n\u0131 sa\u011flamak. Kavga \u00fcslubuyla siyaset yapman\u0131n \u00fclkeye faydas\u0131 olmaz. Ne yaz\u0131k ki kendini merkezde hisseden partilerin y\u00f6neticileri zaman zaman bu \u00e7at\u0131\u015fma ve kavga \u00fcslubunu kendileri i\u00e7in kolay yol kabul ediyor. Siyaset\u00e7iler muktedir olmal\u0131. Bu se\u00e7imde de AKP genelde CHP ile Do\u011fu&#8217;da da DTP ile kampla\u015fma ve gerilim siyaseti \u00fczerine politika yap\u0131yor.<\/p>\n<p style=\"text-align: justify;\">T\u00fcrkiye&#8217;de merkez sorunu var<\/p>\n<p style=\"text-align: justify;\"><strong>AKP merkezde mi? <\/strong><\/p>\n<p style=\"text-align: justify;\">3 Kas\u0131m 2002&#8217;de millet 3 temel g\u00f6rev verdi AKP&#8217;ye: Ekonomik refah\u0131n millete yay\u0131lmas\u0131, ikincisi stat\u00fckonun millet lehine de\u011fi\u015ftirilmesi, \u00fc\u00e7\u00fcnc\u00fcs\u00fc de \u00f6zg\u00fcrl\u00fck alanlar\u0131n\u0131 geni\u015fletilmesiydi. Ama ne yaz\u0131k ki ge\u00e7mi\u015f parlamento d\u00f6neminde AKP, CHP ve anayasal kurumlarla \u00e7at\u0131\u015fmal\u0131 g\u00f6r\u00fcnt\u00fcs\u00fcyle bunu yapamad\u0131. Ge\u00e7en se\u00e7imlerde bu 3 g\u00f6reve ilaveten sivil ve demokratik bir anayasan\u0131n yap\u0131lmas\u0131 g\u00f6revini de verdi millet AKP&#8217;ye. Bu 4 \u00f6dev asl\u0131nda T\u00fcrkiye&#8217;nin merkezi nas\u0131l olacak sorusunun cevab\u0131d\u0131r. Ma\u011fdur, yoksul, i\u015fsiz, \u015fehirlere gelmi\u015f tutunmaya \u00e7al\u0131\u015fan geni\u015f kitle de\u011fi\u015fim dinamiklerini harekete ge\u00e7irerek AKP&#8217;yi iktidara getirdi, ama ne yaz\u0131k ki AKP bunlar\u0131 yapmak yerine &#8220;Ben de\u011fi\u015ftim!&#8221; demekten bir t\u00fcrl\u00fc stat\u00fckoyu de\u011fi\u015ftiremedi. Dolay\u0131s\u0131yla T\u00fcrkiye&#8217;de bir merkez sorunu vard\u0131r.<\/p>\n<p style=\"text-align: justify;\">Se\u00e7im anketleri AKP&#8217;yi y\u00fcksek g\u00f6steriyor. Oyu h\u00e2l\u00e2 \u00e7ok y\u00fcksek. Nedeni ne?<\/p>\n<p style=\"text-align: justify;\">\u00c7at\u0131\u015fma ve gerilimden istifade ediyorlar. &#8220;Alternatifimiz yok, aman oylar\u0131 da\u011f\u0131tmayal\u0131m&#8221; bask\u0131s\u0131 oylar\u0131n\u0131 y\u00fckseltiyor.<\/p>\n<p style=\"text-align: justify;\">Ba\u015fbakan sizi AKP&#8217;ye \u00e7a\u011f\u0131rd\u0131 gitmediniz. Saadet Partisi alternatif olabilir mi?<\/p>\n<p style=\"text-align: justify;\">Son 8 y\u0131ld\u0131r uygulanan yanl\u0131\u015f politikalar\u0131n alternatifiyiz. Siyasette m\u00fchim olan alternatiflerin konu\u015fulmas\u0131d\u0131r. 3 ayd\u0131r genel ba\u015fkan\u0131m. 3 ayl\u0131k s\u00fcre i\u00e7inde geni\u015f kitlelerde ilgi oldu\u011funu g\u00f6rd\u00fck.<\/p>\n<p style=\"text-align: justify;\">\n<p style=\"text-align: justify;\">De\u011fi\u015fim vaadiyle gelip stat\u00fckocu oldular<\/p>\n<p style=\"text-align: justify;\"><strong>AKP s\u00fcrekli &#8220;De\u011fi\u015ftim&#8221; diyor. Bunun nedeni ne? <\/strong><\/p>\n<p style=\"text-align: justify;\">Bu arkada\u015flar\u0131m\u0131z de\u011fi\u015fimi ideoloji olarak alg\u0131lad\u0131. De\u011fi\u015fim stratejik unsurdur. De\u011fi\u015ftim diyorlar ama toplumun de\u011fi\u015fim beklentilerini cevaplamad\u0131lar. Yaln\u0131zca eski s\u00f6ylediklerini s\u00f6ylemediklerini anlat\u0131rken &#8220;De\u011fi\u015ftik&#8221; deniliyor. Ayinesi i\u015ftir ki\u015finin, lafa bak\u0131lmaz! De\u011fi\u015fim vaadiyle gelip tam anlam\u0131yla stat\u00fckocu oldular. Ba\u015fbakan IMF&#8217;ye &#8220;\u00dcm\u00fc\u011f\u00fcm\u00fcz\u00fc s\u0131karsan\u0131z anla\u015fmayaca\u011f\u0131z&#8221; diyor, ama masada oturmaya devam ediyor. Muhtemelen de anla\u015facak. \u00c7ocukken oynad\u0131\u011f\u0131m\u0131z pilli arabalar gibiler, engel kar\u015f\u0131s\u0131nda geriye giden arabalar gibi engel g\u00f6r\u00fcnce geri ad\u0131m at\u0131yorlar.<\/p>\n<p style=\"text-align: justify;\">Peres&#8217;e f\u0131r\u00e7a atmakla bir \u015fey elde edilmez<\/p>\n<p style=\"text-align: justify;\">Ba\u015fbakan&#8217;\u0131n Davos&#8217;taki davran\u0131\u015f\u0131n\u0131 nas\u0131l buldunuz?<\/p>\n<p style=\"text-align: justify;\">Tebrik ettim kendisini. Ama siyasette sonu\u00e7 almak \u00f6nemli. \u015eimon Peres&#8217;e f\u0131r\u00e7a atmakla bir \u015fey elde edilmez. \u0130srail&#8217;in en b\u00fcy\u00fck g\u00fcc\u00fc kar\u015f\u0131s\u0131na diplomatik g\u00fc\u00e7 olu\u015fturmamas\u0131d\u0131r. Ba\u015fbakan&#8217;\u0131n s\u00f6ylemiyle &#8220;Diklenmeden dik durmakt\u0131r&#8221; T\u00fcrkiye&#8217;nin yapmas\u0131 gereken. T\u00fcrkiye&#8217;nin avantajlar\u0131 var. T\u00fcrkiye AB yolunda, her iki tarafla konu\u015fabilen bir \u00fclke, BM Daimi Konseyi ge\u00e7ici \u00fcyesi, \u0130slam Konferans\u0131&#8217;nda etkili bir \u00fclke&#8230; Bu karar\u0131 veren, bu zulm\u00fc yapanlar uluslararas\u0131 sava\u015f su\u00e7lular\u0131 mahkemesine \u00e7\u0131kar\u0131lmal\u0131d\u0131r. 1000&#8217;e yak\u0131n kurulu\u015f m\u00fcracat etti. \u0130\u00e7lerinde H\u0131ristiyanlar\u0131n ve Yahudilerin birlikleri de var.<\/p>\n<p style=\"text-align: justify;\">\u015eimdi \u00e7ok aktif bir tarafs\u0131zl\u0131\u011f\u0131m\u0131z var<\/p>\n<p style=\"text-align: justify;\"><strong>Bunu mu yapmal\u0131 T\u00fcrkiye? <\/strong><\/p>\n<p style=\"text-align: justify;\">Davos&#8217;tan sonra 3 bakan &#8220;Aman kimse endi\u015felenmesin, eskiye g\u00f6re \u0130srail&#8217;le ili\u015fkilerimiz daha iyi olacak&#8221; demi\u015f. Bu ne perhiz bu ne lahana tur\u015fusu! Biz herkesle iyi ili\u015fki olsun istiyoruz ama insanlar\u0131n g\u00f6z\u00fc \u00f6n\u00fcnde bir katliam yap\u0131ld\u0131. Aktif tarafs\u0131zl\u0131k gibi bir d\u0131\u015f politika tavr\u0131m\u0131z vard\u0131, \u015fimdi \u00e7ok aktif bir tarafs\u0131zl\u0131\u011f\u0131m\u0131z var. \u00c7ok geziyorlar, \u00e7ok aktifler ama sonu\u00e7 yok. Bu \u00e7\u0131k\u0131\u015f kahramanl\u0131k olarak alg\u0131lan\u0131r ama somut siyasi ad\u0131m olmazsa havada kalan bir ad\u0131m olur.<\/p>\n<p style=\"text-align: justify;\"><strong>Dervi\u015f gitmedi ki geri gelsin!<\/strong><\/p>\n<p style=\"text-align: justify;\">Yolsuzluk ve yoksullu\u011fu \u00f6nleyece\u011fiz diyen AKP, yoksullara k\u00f6m\u00fcr da\u011f\u0131t\u0131yor. Bu sorunlar\u0131 \u00e7\u00f6zememekten mi kaynaklan\u0131yor, insanlara i\u015f yaratam\u0131yor diye mi oluyor?<\/p>\n<p style=\"text-align: justify;\">Bu h\u00fck\u00fcmetin yanl\u0131\u015f\u0131 tercih etti\u011fi ekonomik modelde. Kemal Dervi\u015f gelmeden, biz T\u00fcrkiye&#8217;ye Kemal Dervi\u015f modelinde birinin g\u00f6nderilece\u011fini s\u00f6yl\u00fcyorduk. Maalesef 2000 y\u0131l\u0131n\u0131n ba\u015f\u0131ndan beri uygulamam IMF program\u0131yla birlikte T\u00fcrkiye tamamen d\u0131\u015fa ba\u011f\u0131ml\u0131 bir ekonomik modele s\u00fcr\u00fcklenmi\u015ftir. Kemal Dervi\u015f&#8217;in gelip siyasi parti kuraca\u011f\u0131 s\u00f6yleniyor, Dervi\u015f gitti mi geri gelsin. Dervi\u015f&#8217;in ruhu burada, bu program ad\u0131m ad\u0131m uyguland\u0131. Program\u0131n ad\u0131 asl\u0131nda Dubai modeli. 1980&#8217;lerde Singapur&#8217;da uygulanan model. \u00d6z\u00fc, T\u00fcrkiye \u00fcretmesin! Uluslararas\u0131 \u015firketler T\u00fcrkiye&#8217;nin \u00fczerinden ge\u00e7erken onlar\u0131n kovalar\u0131ndan d\u00f6k\u00fclen birka\u00e7 damlay\u0131 da T\u00fcrkiye kendi barda\u011f\u0131na toparlas\u0131n. Sonu\u00e7 ortada.<\/p>\n<p style=\"text-align: justify;\">Devletin sadaka vermesi se\u00e7im yat\u0131r\u0131m\u0131 olarak alg\u0131lan\u0131yor<\/p>\n<p style=\"text-align: justify;\">Kriz Mart&#8217;ta daha \u00e7ok hissedilecek deniliyor&#8230;<\/p>\n<p style=\"text-align: justify;\">Y\u00fczde 20 reel bir i\u015fsizlik olacak. 46.5 milyar dolar cari a\u00e7\u0131k var. \u0130ki a\u00e7\u0131ktan korkmayan h\u00fck\u00fcmetin tavr\u0131, bir doktorun hasta ne yerse yesin demesi gibi&#8230; Biri a\u00e7\u0131k i\u015fsizlik di\u011feri cari a\u00e7\u0131k.<\/p>\n<p style=\"text-align: justify;\">AKP yola \u00e7\u0131kt\u0131\u011f\u0131nda meydanlarda simit, \u00e7aya mahkum oldunuz, biz size peynir verece\u011fiz demiyor muydu?<\/p>\n<p style=\"text-align: justify;\">B\u0131rak\u0131n peyniri simit de gitti.<\/p>\n<p style=\"text-align: justify;\"><strong>Peki k\u00f6m\u00fcr da\u011f\u0131t\u0131m\u0131&#8230;<\/strong><\/p>\n<p style=\"text-align: justify;\">H\u00fck\u00fcmetin vazifesi vatanda\u015f\u0131n\u0131 i\u015f, a\u015f sahibi haline getirmektir. Sadaka ekonomisi laf\u0131ndan rahats\u0131zl\u0131k duyuyorlar. Dini terminolojiyi bilirim, rahats\u0131z olurum ancak sadaka vatanda\u015ftan vatanda\u015fa verilir. Maddi durumu iyi olan durumu iyi olmayana reklam\u0131n\u0131 yapmadan sadaka verir. Devlet sadaka vermez, bu bir sadakat k\u00fclt\u00fcr\u00fc olu\u015fturuyor. Bu se\u00e7im yat\u0131r\u0131m\u0131 olarak alg\u0131lan\u0131yor.<\/p>\n<p style=\"text-align: justify;\"><strong>\u015ea\u015faal\u0131 ve l\u00fcks ya\u015fam do\u011fru de\u011fil<\/strong><\/p>\n<p style=\"text-align: justify;\">AKP iktidar\u0131n\u0131n \u015fa\u015faal\u0131 ya\u015famdan zevk alan, l\u00fcks ya\u015famay\u0131 seven bir kesim yaratt\u0131\u011f\u0131 g\u00f6zlemleniyor. Her iktidar gibi AKP de kendi zenginlerini yaratt\u0131 diyebilir miyiz?<\/p>\n<p style=\"text-align: justify;\">Ne yaz\u0131k ki T\u00fcrkiye&#8217;deki iktidarlar\u0131n \u00e7o\u011fu etraflar\u0131nda zengin yanda\u015f s\u0131n\u0131f\u0131 olu\u015fturuyor. Bu iktidar d\u00f6neminde de oldu. Bunu sade vatanda\u015f olarak de\u011ferlendirebilirim. Dindarl\u0131k vas\u0131flar\u0131 \u00f6ne \u00e7\u0131kan vatanda\u015flar kamu kaynaklar\u0131ndan beslenmeseler dahi ya\u015fant\u0131lar\u0131na dikkat etmeliler. M\u00fcsl\u00fcmanl\u0131k iddias\u0131nda olanlar iki \u015feye \u00e7ok dikkat etmeli: Paray\u0131 nereden kazand\u0131lar, paray\u0131 nas\u0131l harcad\u0131lar. Bu kadar insan\u0131n fakirlik \u00e7ekti\u011fi ortamda \u015fa\u015faal\u0131, l\u00fcks i\u00e7inde ya\u015fanmas\u0131 do\u011fru de\u011fil.<\/p>\n<p style=\"text-align: justify;\"><strong>Ranta bula\u015fan siyaset biter<\/strong><\/p>\n<p style=\"text-align: justify;\">Bakanlar\u0131n o\u011fullar\u0131 ticari dehalar olarak ortaya \u00e7\u0131k\u0131yor&#8230;<\/p>\n<p style=\"text-align: justify;\">Kamu g\u00f6revine gelen birisinin yak\u0131n \u00e7evresindekiler ticaret yap\u0131yorsa, o g\u00f6rev devam ederken yak\u0131n \u00e7evresinin ticaretini ask\u0131ya almas\u0131 laz\u0131m. Bende bakanlar\u0131n yak\u0131nlar\u0131yla ilgili bir delil yok ama kendim i\u00e7in s\u00f6ylerim, &#8220;Harun gibi gelip Karun gibi gitmeyece\u011fime&#8221; s\u00f6z veriyorum. Ranta bula\u015fan siyaset biter. Bu siyaseti izleyenler kendi ayaklar\u0131n\u0131 ba\u011flar.<\/p>\n<p style=\"text-align: justify;\"><strong>Bu se\u00e7imde sar\u0131 kart g\u00f6recekler<\/strong><\/p>\n<p style=\"text-align: justify;\"><strong>AKP sizce g\u00fcc\u00fcn\u00fc daha ne kadar muhafaza eder? <\/strong><\/p>\n<p style=\"text-align: justify;\">12 Eyl\u00fcl 1980&#8217;den \u00f6nce T\u00fcrkiye&#8217;nin her yerinde farkl\u0131 partileri tutanlar vard\u0131. Sosyolojik partilerdi bunlar. Bu partiler 12 Eyl\u00fcl&#8217;de tasfiye edildi. Konjonkt\u00fcr partileri, zamane partileri ortaya \u00e7\u0131kt\u0131. Bunun bir \u00f6rne\u011fi ANAP&#8217;t\u0131r. Y\u00f6neticilik vas\u0131flar\u0131 kuvvetli olan, sempatik, liderlik vas\u0131flar\u0131 kuvvetli rahmetli \u00d6zal&#8217;\u0131n \u00f6nderli\u011finde olmas\u0131na, iki defa ba\u015fbakanl\u0131k, bir kere cumhurba\u015fkanl\u0131\u011f\u0131 almas\u0131na ra\u011fmen ANAP ortadan kalkt\u0131.<br \/>\n\u00d6zal, &#8220;4 e\u011filimi toparlayaca\u011f\u0131m&#8221; demi\u015fti. Bu iyi bir \u015fey gibi geliyordu. Asl\u0131nda bu, &#8220;Ey millet ben size bir \u015fey s\u00f6ylemiyorum, 4 farkl\u0131 siyaset bir odaya girsin, ayn\u0131 yerde otursun&#8221; demekti. D\u00f6nem ge\u00e7ti, ANAP bitti.\n<\/p>\n<p style=\"text-align: justify;\"><strong>AKP de ba\u015fta ayn\u0131 iddiada de\u011fil miydi? <\/strong><\/p>\n<p style=\"text-align: justify;\">AKP de 28 \u015eubat sonras\u0131 bir ihtiya\u00e7 sonucu kuruldu. 12 Eyl\u00fcl olmasayd\u0131 ANAP olmazd\u0131, 28 \u015eubat olmasayd\u0131 AKP olmazd\u0131. Bu millet askeri darbelerin kar\u015f\u0131s\u0131nda g\u00f6rd\u00fc\u011f\u00fc partilere oy veriyor. AKP 28 \u015eubat \u00fcr\u00fcn\u00fc olarak \u00e7\u0131kt\u0131 ama sanki yan\u0131tm\u0131\u015f gibi alg\u0131land\u0131 ve oy ald\u0131. Tayyip Bey&#8217;in \u00d6zal&#8217;a g\u00f6re avantaj\u0131 vard\u0131. 3 Kas\u0131m 2002&#8217;de siyaset temizlendi, millet \u00fc\u00e7l\u00fc koalisyondan \u00e7ok s\u0131k\u0131lm\u0131\u015ft\u0131. Ge\u00e7en zamanda g\u00f6r\u00fcld\u00fc, AKP ortak bir fikir etraf\u0131nda insanlar\u0131 toparlayam\u0131yor. Kuruldu\u011fundan beri ne olmad\u0131\u011f\u0131n\u0131 s\u00f6yl\u00fcyor. Sonunda ortaya att\u0131klar\u0131 \u015fey mufazak\u00e2r demokratl\u0131k.<\/p>\n<p style=\"text-align: justify;\"><strong>Bu ne demek? <\/strong><\/p>\n<p style=\"text-align: justify;\">Bunu kimse bilmiyor. ANAP gibi zamane partisidir AKP. Zamane \u015fartlar\u0131 de\u011fi\u015fince kendisine hayat veren kurulu\u015f gerek\u00e7eleri ortada kalmayacakt\u0131r, T\u00fcrk siyasi tarihindeki yerini alacakt\u0131r. T\u00fcrkiye&#8217;de iki d\u00f6nem ba\u015fbakanl\u0131k, bir d\u00f6nem cumhurba\u015fkanl\u0131\u011f\u0131yla konjonkt\u00fcr verilen kredinin AKP&#8217;ye de verildi\u011fini d\u00fc\u015f\u00fcn\u00fcyorum. Bu se\u00e7imlerde sar\u0131 kart g\u00f6recekler. G\u00fc\u00e7lerini kullanarak yerel se\u00e7imlerde bir sonu\u00e7 alabilirler, ama bak\u0131n y\u00fczde 47 oy alarak se\u00e7ilmi\u015f bir iktidar partisi olmas\u0131na ra\u011fmen anketlerde y\u00fczde 35 karars\u0131z oy var.<\/p>\n<p style=\"text-align: justify;\"><strong>Sevgi Kurtulmu\u015f ba\u015f\u00f6rt\u00fcs\u00fc nedeniyle a\u00e7\u0131\u011fa al\u0131nan ilk hoca<\/strong><\/p>\n<p style=\"text-align: justify;\">Numan Kurtulmu\u015f \u0130stanbul \u00dcniversitesi \u0130\u015fletme B\u00f6l\u00fcm\u00fc mezunu, e\u015fi Sevgi Han\u0131m da \u0130ktisat mezunu. Sevgi Kurtulmu\u015f, rekt\u00f6r Kemal Alemdaro\u011flu d\u00f6neminde a\u00e7\u0131\u011fa al\u0131nan ilk ba\u015f\u00f6rt\u00fcl\u00fc hoca. Kurtulmu\u015f, 1990&#8217;da Cornell \u00dcniversitesi&#8217;nde konuk \u00f6\u011fretim \u00fcyesi olmu\u015f. Numan Kurtulmu\u015f&#8217;un babas\u0131 dahiliye uzman\u0131 Dr. \u0130smail Niyazi Kurtulmu\u015f, \u0130stanbul \u0130lim Yayma Cemiyeti&#8217;nin kurucusu. Numan Kurtulmu\u015f&#8217;un k\u0131z\u0131 Ay\u015fe t\u0131pta okuyor, ortanca o\u011flu \u0130smail \u00fcniversite s\u0131navlar\u0131na, k\u00fc\u00e7\u00fck o\u011flu Emir de OKS&#8217;ye haz\u0131rlan\u0131yor. Bu aralar Numan Kurtulmu\u015f en \u00e7ok \u00e7ocuklar\u0131n\u0131 az g\u00f6rmekten \u015fikayet\u00e7i.<\/p>\n<p style=\"text-align: justify;\"><span style=\"color: #888888;\">Kaynak : Elif ERGU \/Vatan Gazetesi<\/span><\/p>\n","protected":false},"excerpt":{"rendered":"<\/p>\n<p style=\"text-align: justify;\">Saadet Partisi&#8217;nin yeni Genel Ba\u015fkan\u0131 Numan Kurtulmu\u015f&#8217;tan \u00e7arp\u0131c\u0131 a\u00e7\u0131klamalar&#8230; <\/p>\n<p style=\"text-align: justify;\">Numan Kurtulmu\u015f, &#8220;12 Eyl\u00fcl olmasayd\u0131 ANAP, 28 \u015eubat olmasayd\u0131 AKP olmazd\u0131. AKP ANAP gibi zamane partisidir. Zamane \u015fartlar\u0131 de\u011fi\u015fince kendisine hayat veren kurulu\u015f gerek\u00e7eleri de ortada kalmayacakt\u0131r&#8221; diyor.<\/p>\n<p style=\"text-align: justify;\">Saadet Partisi&#8217;nin yeni Genel Ba\u015fkan\u0131 Numan Kurtulmu\u015f&#8230; Milli G\u00f6r\u00fc\u015f&#8217;\u00fcn bayra\u011f\u0131n\u0131 <\/p>\n","protected":false},"author":1,"featured_media":0,"comment_status":"open","ping_status":"closed","sticky":false,"template":"","format":"standard","meta":{"footnotes":""},"categories":[105],"tags":[],"class_list":["post-3273","post","type-post","status-publish","format-standard","hentry","category-gundem","odd"],"_links":{"self":[{"href":"http:\/\/www.korhanyilmaz.com\/index.php?rest_route=\/wp\/v2\/posts\/3273","targetHints":{"allow":["GET"]}}],"collection":[{"href":"http:\/\/www.korhanyilmaz.com\/index.php?rest_route=\/wp\/v2\/posts"}],"about":[{"href":"http:\/\/www.korhanyilmaz.com\/index.php?rest_route=\/wp\/v2\/types\/post"}],"author":[{"embeddable":true,"href":"http:\/\/www.korhanyilmaz.com\/index.php?rest_route=\/wp\/v2\/users\/1"}],"replies":[{"embeddable":true,"href":"http:\/\/www.korhanyilmaz.com\/index.php?rest_route=%2Fwp%2Fv2%2Fcomments&post=3273"}],"version-history":[{"count":0,"href":"http:\/\/www.korhanyilmaz.com\/index.php?rest_route=\/wp\/v2\/posts\/3273\/revisions"}],"wp:attachment":[{"href":"http:\/\/www.korhanyilmaz.com\/index.php?rest_route=%2Fwp%2Fv2%2Fmedia&parent=3273"}],"wp:term":[{"taxonomy":"category","embeddable":true,"href":"http:\/\/www.korhanyilmaz.com\/index.php?rest_route=%2Fwp%2Fv2%2Fcategories&post=3273"},{"taxonomy":"post_tag","embeddable":true,"href":"http:\/\/www.korhanyilmaz.com\/index.php?rest_route=%2Fwp%2Fv2%2Ftags&post=3273"}],"curies":[{"name":"wp","href":"https:\/\/api.w.org\/{rel}","templated":true}]}}