{"id":327,"date":"2008-08-13T10:23:12","date_gmt":"2008-08-13T07:23:12","guid":{"rendered":"http:\/\/www.korhanyilmaz.com\/?p=327"},"modified":"2011-07-30T02:32:40","modified_gmt":"2011-07-29T23:32:40","slug":"dhkp-c-lideri-kanserden-oldu","status":"publish","type":"post","link":"http:\/\/www.korhanyilmaz.com\/?p=327","title":{"rendered":"DHKP-C lideri kanserden \u00f6ld\u00fc"},"content":{"rendered":"<p style=\"text-align: justify;\"><a href=\"http:\/\/www.korhanyilmaz.com\/wp-content\/uploads\/2008\/08\/fft3_mf86336.jpg\"  class=\"lightview\"><img loading=\"lazy\" decoding=\"async\" class=\"size-full wp-image-328 aligncenter\" src=\"http:\/\/www.korhanyilmaz.com\/wp-content\/uploads\/2008\/08\/fft3_mf86336.jpg\" alt=\"\" width=\"404\" height=\"106\" \/><\/a><\/p>\n<p style=\"text-align: justify;\">Dev-Sol ve DHKP-C&#8217;nin kurucusu ve lideri Dursun Karata\u015f&#8217;\u0131n \u00f6nceki g\u00fcn Hollanda&#8217;da \u00f6ld\u00fc\u011f\u00fc a\u00e7\u0131kland\u0131. Karata\u015f&#8217;\u0131n \u0130stanbul&#8217;da topra\u011fa verilece\u011fi belirtildi.<\/p>\n<p style=\"text-align: justify;\">Yasad\u0131\u015f\u0131 Devrimci Halk Kurtulu\u015f Partisi &#8211; Cephesi (DHKP-C) \u00f6rg\u00fct\u00fc lideri Dursun Karata\u015f(55), Hollanda&#8217;da \u00f6ld\u00fc. Uzun s\u00fcredir kanser tedavisi g\u00f6rd\u00fc\u011f\u00fc bilinen Karata\u015f, \u0130stanbul&#8217;da topra\u011fa verilecek.<br \/>\nBeyo\u011flu&#8217;ndaki Makine M\u00fchendisleri Odas\u0131&#8217;nda d\u00fcn bir bas\u0131n toplant\u0131s\u0131 d\u00fczenleyen Halk\u0131n Hukuk B\u00fcrosu avukatlar\u0131, Karata\u015f&#8217;\u0131n \u00f6l\u00fcm\u00fcyle ilgili bilgi verdi. Toplant\u0131ya Karata\u015f&#8217;\u0131n karde\u015fi Re\u015fat Karata\u015f da kat\u0131l\u0131rken, avukat Taylan Tanay, &#8220;M\u00fcvekkilimiz Dursun Karata\u015f, 11 A\u011fustos&#8217;ta saat 05.00&#8217;de hayat\u0131n\u0131 kaybetti. Karata\u015f 10 y\u0131ld\u0131r kanser tedavisi g\u00f6r\u00fcyordu. Hollanda&#8217;daki avukat arkada\u015f\u0131m\u0131z bu y\u00fczden \u00f6ld\u00fc\u011f\u00fcn\u00fc s\u00f6yledi. Ailesi \u015fu anda \u00e7ok \u00fczg\u00fcn durumda&#8221; dedi.\u00a0<!--more--><strong> <\/strong><\/p>\n<p style=\"text-align: justify;\"><strong>\u2018Yasal engel yok&#8217;<\/strong><\/p>\n<p style=\"text-align: justify;\">Karata\u015f&#8217;\u0131n bir yak\u0131n\u0131n\u0131n cenazeyi almak i\u00e7in Hollanda&#8217;ya gitti\u011fini belirten Tanay, &#8220;\u015eu anda idari i\u015flemler yap\u0131l\u0131yor. T\u00fcrkiye&#8217;ye getirilmesinde yasal bir engel yok. \u0130stanbul&#8217;a defnedilecek. Ancak ne zaman ve nereye defnedilece\u011fi konusunda net bir bilgi yok. Bu takvim birka\u00e7 g\u00fcn i\u00e7inde belirlenecek&#8221; diye konu\u015ftu.<br \/>\nDefin s\u0131ras\u0131nda gerginlik ya\u015fanmamas\u0131n\u0131 isteyen Tanay, &#8220;38 y\u0131ll\u0131k siyasi ya\u015fam\u0131 olan m\u00fcvekkilim kadar spek\u00fclasyon yap\u0131lan ba\u015fka kimse yoktur. \u0130stihbarat ve h\u00fck\u00fcmetler taraf\u0131ndan hep spek\u00fclasyon meselesi yap\u0131ld\u0131. Umar\u0131m defin bir gerginlik konusu yap\u0131lmaz&#8221; dedi.<br \/>\nKarata\u015f&#8217;\u0131n ter\u00f6rist oldu\u011funu kan\u0131tlayan bir durum olmad\u0131\u011f\u0131n\u0131 savunan Tanay, &#8220;Karata\u015f&#8217;a t\u0131rnak i\u00e7inde s\u00f6yl\u00fcyorum ter\u00f6rist damgas\u0131 vuruldu. Ancak bunu kan\u0131tlayacak bir durum yok. Hi\u00e7bir mahkeme ve davadan ter\u00f6rist oldu\u011fu y\u00f6n\u00fcnde bir karar \u00e7\u0131kmad\u0131&#8221; iddias\u0131nda bulundu. Re\u015fat Karata\u015f, ba\u015fsa\u011fl\u0131\u011f\u0131 dileklerini kabul etti ancak sorular\u0131 yan\u0131ts\u0131z b\u0131rakt\u0131.<\/p>\n<p style=\"text-align: center;\"><a href=\"http:\/\/www.korhanyilmaz.com\/wp-content\/uploads\/2008\/08\/fft16_mf86246.jpg\"  class=\"lightview\"><img loading=\"lazy\" decoding=\"async\" class=\"size-full wp-image-329 aligncenter\" src=\"http:\/\/www.korhanyilmaz.com\/wp-content\/uploads\/2008\/08\/fft16_mf86246.jpg\" alt=\"\" width=\"400\" height=\"276\" \/><\/a><\/p>\n<p style=\"text-align: center;\"><a href=\"http:\/\/www.korhanyilmaz.com\/wp-content\/uploads\/2008\/08\/fft16_mf86247.jpg\"  class=\"lightview\"><img loading=\"lazy\" decoding=\"async\" class=\"size-full wp-image-330 aligncenter\" src=\"http:\/\/www.korhanyilmaz.com\/wp-content\/uploads\/2008\/08\/fft16_mf86247.jpg\" alt=\"\" width=\"400\" height=\"292\" \/><\/a><\/p>\n<p style=\"text-align: center;\"><em><span style=\"color: #888888;\">Devrimci Sol \u00f6rg\u00fct\u00fcn\u00fcn, cezaevinden esrarengiz \u015fekilde ka\u00e7an y\u00f6neticilerinden Sinan Kukul ve Bedri Ya\u011fan, polis operasyonlar\u0131nda \u00f6ld\u00fcr\u00fclm\u00fc\u015ft\u00fc. Dursun Karata\u015f&#8217;\u0131n \u00e7e\u015fitli d\u00f6nemlerde \u00e7ekilmi\u015f foto\u011fraflar\u0131 Interpol b\u00fclteninde yer al\u0131yordu .<\/span><\/em><\/p>\n<p style=\"text-align: justify;\"><strong>Suikastlar\u0131n emrini verdi<\/strong><\/p>\n<p style=\"text-align: justify;\">Elaz\u0131\u011f&#8217;da 1953&#8217;te do\u011fan Dursun Karata\u015f, gen\u00e7lik y\u0131llar\u0131nda Devrimci Yol Hareketi ve Dev-Gen\u00e7 \u00f6rg\u00fct\u00fc saflar\u0131nda yer ald\u0131. Karata\u015f&#8217;\u0131n 1978&#8217;de Devrimci Yol&#8217;dan ayr\u0131larak kurdu\u011fu Devrimci Sol, eski Ba\u015fbakan Nihat Erim ve MHP Genel Ba\u015fkan Yard\u0131mc\u0131s\u0131 G\u00fcn Sazak&#8217;\u0131n \u00f6ld\u00fcr\u00fclmesi olaylar\u0131n\u0131 \u00fcstlendi.<br \/>\n12 Eyl\u00fcl darbesinin ard\u0131ndan 30 Eyl\u00fcl 1980&#8217;de yakalanan Karata\u015f 9 y\u0131l cezaevinde kald\u0131. Tutuklu kald\u0131\u011f\u0131 s\u00fcre boyunca \u00f6rg\u00fct\u00fc cezaevinden y\u00f6neten Karata\u015f, 25 Ekim 1989&#8217;da Bayrampa\u015fa Cezaevi&#8217;nden \u00f6rg\u00fct\u00fcn iki numaral\u0131 ismi Bedri Ya\u011fan&#8217;la birlikte firar etti. Karata\u015f, hala esrar\u0131n\u0131 koruyan firar olay\u0131n\u0131n ard\u0131ndan yurtd\u0131\u015f\u0131na ka\u00e7t\u0131.<\/p>\n<p style=\"text-align: justify;\"><strong>E\u015fi \u00c7iftehavuzlar&#8217;da \u00f6ld\u00fcr\u00fcld\u00fc<\/strong><\/p>\n<p style=\"text-align: justify;\">17 Nisan 1992&#8217;de \u0130stanbul \u00c7iftehavuzlar&#8217;daki bir eve d\u00fczenlenen operasyonda Karata\u015f&#8217;\u0131n e\u015fi Sabahat Karata\u015f&#8217;\u0131n da aralar\u0131nda bulundu\u011fu 11 Dev-Sol \u00fcyesi \u00f6ld\u00fcr\u00fcld\u00fc. Operasyonun ard\u0131ndan haklar\u0131nda &#8220;kasten adam \u00f6ld\u00fcrmek&#8221; su\u00e7undan dava a\u00e7\u0131lan 22 g\u00fcvenlik g\u00f6revlisi beraat etti.<br \/>\nKarata\u015f&#8217;\u0131n \u00f6rg\u00fct\u00fc 1994&#8217;de DHKP-C (Devrimci Halk Kurtulu\u015f Partisi-Cephesi) ad\u0131n\u0131 ald\u0131. 9 Eyl\u00fcl 1994&#8217;de Fransa&#8217;da yakalanan Karata\u015f&#8217;\u0131n 4 ay sonra tutuksuz yarg\u0131lanmak \u00fczere serbest b\u0131rak\u0131lmas\u0131 b\u00fcy\u00fck tart\u0131\u015fmalara yol a\u00e7t\u0131. T\u00fcrkiye&#8217;nin yo\u011fun \u00e7abas\u0131na ra\u011fmen Karata\u015f iade edilmedi.<br \/>\nBug\u00fcne dek \u00e7ok say\u0131da g\u00fcvenlik g\u00f6revlisi ve vatanda\u015f\u0131n \u00f6l\u00fcm\u00fcyle sonu\u00e7lanan onlarca eylemin talimat\u0131n\u0131 vermekle su\u00e7lanan Karata\u015f&#8217;\u0131n \u00f6rg\u00fct\u00fc DHKP-C, 1996&#8217;da d\u00fczenledi\u011fi suikastte Sabanc\u0131 Holding Y\u00f6netim \u00dcyesi \u00d6zdemir Sabanc\u0131&#8217;yla birlikte Haluk G\u00f6rg\u00fcn ve Nilg\u00fcn Hasefe&#8217;yi \u00f6ld\u00fcrd\u00fc.<br \/>\nSabanc\u0131 suikast\u0131n\u0131n yan\u0131 s\u0131ra eski Ba\u015fbakan Nihat Erim, eski G\u00fcmr\u00fck Bakan\u0131 G\u00fcn Sazak, eski Adalet Bakan\u0131 Mehmet Topa\u00e7, eski M\u0130T m\u00fcste\u015far\u0131 Hiram Abas, emekli generaller Adnan Ers\u00f6z ve Hulusi Ayd\u0131n, emekli Oramiral Kemal Kayacan, emekli Yarbay Ata Burcu ve eski DGM Ba\u015fsavc\u0131s\u0131 Ya\u015far G\u00fcnayd\u0131n&#8217;\u0131n \u00f6l\u00fcm emirlerini de Karata\u015f&#8217;\u0131n verdi\u011fi iddia edildi.<br \/>\nDursun Karata\u015f&#8217;\u0131n ad\u0131 son olarak Ergenekon iddianamesiyle g\u00fcndeme gelmi\u015fti. \u0130ddianamede savc\u0131ya ifade veren gizli tan\u0131klar, Karata\u015f&#8217;\u0131n emekli Tu\u011fgeneral Veli K\u00fc\u00e7\u00fck ve Susurluk olay\u0131n\u0131n ba\u015f akt\u00f6rlerinden Abdullah \u00c7atl\u0131 ile s\u0131k s\u0131k g\u00f6r\u00fc\u015ft\u00fc\u011f\u00fcn\u00fc \u00f6ne s\u00fcrm\u00fc\u015ft\u00fc.<\/p>\n<p style=\"text-align: center;\"><a href=\"http:\/\/www.korhanyilmaz.com\/wp-content\/uploads\/2008\/08\/fft16_mf86248.jpg\"  class=\"lightview\"><img loading=\"lazy\" decoding=\"async\" class=\"size-full wp-image-331 aligncenter\" title=\"fft16_mf86248\" src=\"http:\/\/www.korhanyilmaz.com\/wp-content\/uploads\/2008\/08\/fft16_mf86248.jpg\" alt=\"\" width=\"300\" height=\"219\" \/><\/a><\/p>\n<p style=\"text-align: center;\"><em><span style=\"color: #888888;\">Dursun Karata\u015f&#8217;\u0131n lideri oldu\u011fu DHKP-C Sabanc\u0131 suikastini \u00fcstlenmi\u015fti.<\/span><\/em><\/p>\n<p><span style=\"color: #888888;\">Kaynak : Milliyet Gazetesi<\/span><\/p>\n<p style=\"padding-left: 90px;\">\n","protected":false},"excerpt":{"rendered":"<p style=\"text-align: justify;\">\n<p style=\"text-align: justify;\">Dev-Sol ve DHKP-C&#8217;nin kurucusu ve lideri Dursun Karata\u015f&#8217;\u0131n \u00f6nceki g\u00fcn Hollanda&#8217;da \u00f6ld\u00fc\u011f\u00fc a\u00e7\u0131kland\u0131. Karata\u015f&#8217;\u0131n \u0130stanbul&#8217;da topra\u011fa verilece\u011fi belirtildi.<\/p>\n<p style=\"text-align: justify;\">Yasad\u0131\u015f\u0131 Devrimci Halk Kurtulu\u015f Partisi &#8211; Cephesi (DHKP-C) \u00f6rg\u00fct\u00fc lideri Dursun Karata\u015f(55), Hollanda&#8217;da \u00f6ld\u00fc. Uzun s\u00fcredir kanser tedavisi g\u00f6rd\u00fc\u011f\u00fc bilinen Karata\u015f, \u0130stanbul&#8217;da topra\u011fa verilecek. Beyo\u011flu&#8217;ndaki Makine M\u00fchendisleri Odas\u0131&#8217;nda d\u00fcn bir <\/p>\n","protected":false},"author":1,"featured_media":0,"comment_status":"open","ping_status":"open","sticky":false,"template":"","format":"standard","meta":{"footnotes":""},"categories":[3],"tags":[],"class_list":["post-327","post","type-post","status-publish","format-standard","hentry","category-dunya","odd"],"_links":{"self":[{"href":"http:\/\/www.korhanyilmaz.com\/index.php?rest_route=\/wp\/v2\/posts\/327","targetHints":{"allow":["GET"]}}],"collection":[{"href":"http:\/\/www.korhanyilmaz.com\/index.php?rest_route=\/wp\/v2\/posts"}],"about":[{"href":"http:\/\/www.korhanyilmaz.com\/index.php?rest_route=\/wp\/v2\/types\/post"}],"author":[{"embeddable":true,"href":"http:\/\/www.korhanyilmaz.com\/index.php?rest_route=\/wp\/v2\/users\/1"}],"replies":[{"embeddable":true,"href":"http:\/\/www.korhanyilmaz.com\/index.php?rest_route=%2Fwp%2Fv2%2Fcomments&post=327"}],"version-history":[{"count":0,"href":"http:\/\/www.korhanyilmaz.com\/index.php?rest_route=\/wp\/v2\/posts\/327\/revisions"}],"wp:attachment":[{"href":"http:\/\/www.korhanyilmaz.com\/index.php?rest_route=%2Fwp%2Fv2%2Fmedia&parent=327"}],"wp:term":[{"taxonomy":"category","embeddable":true,"href":"http:\/\/www.korhanyilmaz.com\/index.php?rest_route=%2Fwp%2Fv2%2Fcategories&post=327"},{"taxonomy":"post_tag","embeddable":true,"href":"http:\/\/www.korhanyilmaz.com\/index.php?rest_route=%2Fwp%2Fv2%2Ftags&post=327"}],"curies":[{"name":"wp","href":"https:\/\/api.w.org\/{rel}","templated":true}]}}