{"id":32669,"date":"2011-05-14T08:17:55","date_gmt":"2011-05-14T05:17:55","guid":{"rendered":"http:\/\/www.korhanyilmaz.com\/?p=32669"},"modified":"2011-05-14T08:17:55","modified_gmt":"2011-05-14T05:17:55","slug":"ocalan-hukumete-3-ay-omur-bicti","status":"publish","type":"post","link":"http:\/\/www.korhanyilmaz.com\/?p=32669","title":{"rendered":"\u00d6calan h\u00fck\u00fcmete 3 ay \u00f6m\u00fcr bi\u00e7ti"},"content":{"rendered":"<p style=\"text-align: justify;\"><a href=\"http:\/\/www.korhanyilmaz.com\/wp-content\/uploads\/2011\/05\/1721.jpg\"  class=\"lightview\"><img loading=\"lazy\" decoding=\"async\" class=\"aligncenter size-full wp-image-32671\" src=\"http:\/\/www.korhanyilmaz.com\/wp-content\/uploads\/2011\/05\/1721.jpg\" alt=\"\" width=\"384\" height=\"254\" \/><\/a><\/p>\n<p style=\"text-align: justify;\">PKK lideri Abdullah \u00d6calan, 15 Haziran&#8217;a kadar K\u00fcrt sorununun \u00e7\u00f6z\u00fcm\u00fc y\u00f6n\u00fcnde pratik ad\u0131mlar at\u0131lmazsa b\u00fcy\u00fck bir sava\u015f \u00e7\u0131kaca\u011f\u0131n\u0131 ve bu durumda h\u00fck\u00fcmetin 3 ay bile dayanamayaca\u011f\u0131n\u0131 ileri s\u00fcrd\u00fc.<!--more--><\/p>\n<div id=\"attachment_32675\" style=\"width: 197px\" class=\"wp-caption alignleft\"><img loading=\"lazy\" decoding=\"async\" aria-describedby=\"caption-attachment-32675\" class=\"size-full wp-image-32675\" src=\"http:\/\/www.korhanyilmaz.com\/wp-content\/uploads\/2011\/05\/1731.gif\" alt=\"\" width=\"187\" height=\"117\" \/><p id=\"caption-attachment-32675\" class=\"wp-caption-text\">Cevdet A\u015eKIN<\/p><\/div>\n<p style=\"text-align: justify;\"><strong><span style=\"color: #993300;\">KUZEY IRAK G\u00dcNCES\u0130<\/span><\/strong><\/p>\n<p style=\"text-align: justify;\"><em>Kim ne dedi? Ne yapt\u0131? Ne anlama geliyor? <\/em><\/p>\n<p style=\"text-align: justify;\"><em>13 MAYIS 2011 SAAT:18.00 <\/em><\/p>\n<p style=\"text-align: justify;\"><em>ANKARA<\/em><\/p>\n<p style=\"text-align: justify;\">AKP Genel Ba\u015fkan\u0131 ve Ba\u015fbakan Recep Tayyip Erdo\u011fan, yeni bir anayasa yapmak i\u00e7in 12 Haziran\u2019daki se\u00e7imde 367\u2019nin \u00fczerinde milletvekili \u00e7\u0131karmay\u0131 hedeflerini belirterek, bunun ger\u00e7ekle\u015fmesi durumunda TBMM\u2019deki partilere yeni anayasay\u0131, Anayasa Uzla\u015fma Komisyonu\u2019nda birlikte yapma \u00e7a\u011fr\u0131s\u0131nda bulunacaklar\u0131n\u0131 bildirdi. AA\u2019n\u0131n d\u00fcnk\u00fc haberine g\u00f6re Erdo\u011fan, TBMM\u2019deki partilerin bu \u00e7a\u011fr\u0131ya olumlu cevap vermemeleri durumunda da sivil toplum kurulu\u015flar\u0131n\u0131n \u00f6nerilerini dikkate alacaklar\u0131n\u0131 ve yeni anayasay\u0131 TBMM\u2019den \u00e7\u0131karacaklar\u0131n\u0131 s\u00f6yledi.<\/p>\n<p style=\"text-align: justify;\">\u015e\u0131rnak\u2019\u0131n Uludere ile Beyt\u00fc\u015f\u015febap il\u00e7eleri k\u0131rsal\u0131nda ve Irak s\u0131n\u0131r\u0131 yak\u0131nlar\u0131ndaki Kato Da\u011f\u0131 ile Fera\u015fin mevkiindeki PKK\u2019l\u0131lar\u0131 etkisiz hale getirmek i\u00e7in \u00f6nceki gece geni\u015f kapsaml\u0131 bir operasyon ba\u015flat\u0131ld\u0131. DHA\u2019n\u0131n haberine g\u00f6re saat 01.00 s\u0131ralar\u0131nda PKK\u2019l\u0131larla s\u0131cak temas sa\u011fland\u0131 ve \u00e7at\u0131\u015fmalar aral\u0131klarla devam etti.<\/p>\n<p style=\"text-align: justify;\">\u015e\u0131rnak\u2019\u0131n Silopi il\u00e7esinde polise sald\u0131r\u0131 d\u00fczenleyen PKK\u2019l\u0131lar\u0131 etkisizle\u015ftirmek i\u00e7in Cudi Da\u011f\u0131\u2019nda ba\u015flat\u0131lan operasyon s\u00fcr\u00fcyor. DHA\u2019n\u0131n d\u00fcnk\u00fc haberine g\u00f6re operasyonlar a\u011f\u0131rl\u0131kl\u0131 olarak 1992\u2019de bo\u015falt\u0131lan Koyu\u00f6ren, Karacak\u00f6y, Dereler, K\u00f6seli ve K\u00f6\u015fak k\u00f6ylerinde y\u00fcr\u00fct\u00fcl\u00fcyor.<\/p>\n<p style=\"text-align: justify;\">Ilgaz Da\u011f\u0131\u2019nda 4 May\u0131s\u2019ta bir polis arac\u0131na sald\u0131r\u0131 d\u00fczenleyen PKK grubuna y\u00f6nelik operasyon Kastamonu, Zonguldak ve \u00c7orum\u2019da devam ediyor. PKK\u2019n\u0131n askeri kanad\u0131 HPG\u2019nin d\u00fcnk\u00fc a\u00e7\u0131klamas\u0131na g\u00f6re operasyonlar sald\u0131r\u0131dan sonra gruptan firar eden ve \u00c7orum Mecit\u00f6z\u00fc\u2019nde g\u00fcvenlik g\u00fc\u00e7lerine teslim olan Harun Batman kod adl\u0131 Celal Bozkurt\u2019un verdi\u011fi bilgiler do\u011frultusunda y\u00fcr\u00fct\u00fcl\u00fcyor.<\/p>\n<p style=\"text-align: justify;\">BDP\u2019nin sivil itaatsizlik eylemine kat\u0131lan gruplar, G\u00fcneydo\u011fu\u2019da bir\u00e7ok yerde cuma namaz\u0131n\u0131 camiye gitmeyip toplu olarak a\u00e7\u0131k alanlarda k\u0131ld\u0131. Bu gruplara imaml\u0131k yapan ki\u015filer de K\u00fcrt\u00e7e hutbe okudu. DHA\u2019n\u0131n d\u00fcnk\u00fc haberine g\u00f6re Batman Belediye Ba\u015fkanvekili BDP\u2019li Serhat Temelli, Ba\u015fbakan Recep Tayyip Erdo\u011fan\u2019\u0131n sivil itaatsizlik eylemiyle ilgili konu\u015fmas\u0131n\u0131n ard\u0131ndan a\u00e7\u0131k alanlardaki cuma namazlar\u0131na kat\u0131l\u0131m\u0131n artt\u0131\u011f\u0131n\u0131 ileri s\u00fcrd\u00fc. Temelli, \u201cAmac\u0131m\u0131z sivil itaatsizlik eyleminin hedefine ula\u015fmas\u0131d\u0131r. Yurtta\u015flar\u0131m\u0131z camilerde K\u00fcrt\u00e7e vaaz verilmesini istiyor, bu talepler yerine getirildikten sonra kitlemiz camiine y\u00f6nelecektir\u201d dedi.<\/p>\n<p style=\"text-align: justify;\"><strong>PKK<\/strong><\/p>\n<p style=\"text-align: justify;\">\u00d6calan, 15 Haziran\u2019dan sonra sava\u015f \u00e7\u0131karsa h\u00fck\u00fcmetin 3 ay bile dayanamayaca\u011f\u0131n\u0131 ileri s\u00fcrd\u00fc. F\u0131rat Haber Ajans\u0131\u2019n\u0131n d\u00fcnk\u00fc haberine g\u00f6re \u00d6calan \u201c\u00d6nemli bir s\u00fcrece giriyoruz. 15 Haziran\u2019dan sonra kimse kendini kand\u0131rmas\u0131n, herkes haz\u0131rl\u0131\u011f\u0131n\u0131 buna g\u00f6re yaps\u0131n. 15 Haziran\u2019dan sonra s\u00fcre\u00e7 ya b\u00fcy\u00fck bir anla\u015fmaya ya da b\u00fcy\u00fck bir sava\u015fa evrilecektir. E\u011fer anla\u015fma olursa K\u00fcrtlerin tarihteki ilk b\u00fcy\u00fck anla\u015fmas\u0131 olacakt\u0131r. Anla\u015fma olmaz ise \u00f6yle pasif savunma, aktif savunma diye bir \u015fey olmaz. Hem k\u0131rda hem \u015fehirde topyek\u00fbn bir halk sava\u015f\u0131 geli\u015febilir. Hatta i\u00e7 sava\u015f olabilir. Bundan yaln\u0131zca K\u00fcrtler etkilenmez, herkes etkilenir. Son g\u00f6r\u00fc\u015fmede b\u00fct\u00fcn bunlar\u0131 heyete a\u00e7\u0131k\u00e7a ve b\u00fct\u00fcn detaylar\u0131yla anlatt\u0131m\u201d dedi. \u00d6calan \u015funlar\u0131 s\u00f6yledi: \u201cBuradaki g\u00f6r\u00fc\u015fmeler ciddidir. Heyette devletin ciddi kurumlar\u0131n\u0131n temsilcileri vard\u0131r. Devlete etki edebilecek g\u00fc\u00e7te bir heyettir. Ama hen\u00fcz devlete, siyasi partilere, topluma etki etmemi\u015ftir. H\u00fck\u00fcmet \u00e7\u00f6z\u00fcm s\u00fcrecine gelmezse, b\u00fcy\u00fck bir sava\u015f \u00e7\u0131karsa \u00fc\u00e7 ay bile dayanamaz.\u201d<\/p>\n<p style=\"text-align: justify;\"><strong>GEL\u0130\u015eMELER NEYE \u0130\u015eARET ED\u0130YOR<\/strong><\/p>\n<p style=\"text-align: justify;\">Erdo\u011fan\u2019\u0131n s\u00f6z\u00fcn\u00fc etti\u011fi yeni anayasa, \u00d6calan\u2019\u0131n heyetle g\u00f6r\u00fc\u015fmelerinin K\u00fcrt sorununa anayasal \u00e7\u00f6z\u00fcm \u00e7er\u00e7evesinde yap\u0131ld\u0131\u011f\u0131 g\u00f6z \u00f6n\u00fcne al\u0131nd\u0131\u011f\u0131nda T\u00fcrkiye\u2019nin \u00f6n\u00fcn\u00fc a\u00e7ma potansiyeli ta\u015f\u0131yor.<\/p>\n<p style=\"text-align: justify;\">\u00d6calan\u2019\u0131n s\u00f6zleri ise 15 Haziran\u2019a kadar pratik ad\u0131mlar\u0131n at\u0131lmas\u0131na aksi takdirde b\u00fcy\u00fck bir \u00e7at\u0131\u015fma d\u00f6neminin ba\u015flayaca\u011f\u0131na i\u015faret ediyor.<\/p>\n<p style=\"text-align: justify;\">\u00d6calan\u2019\u0131n daha \u00f6nceki a\u00e7\u0131klamalar\u0131yla ayn\u0131 eksende olan, ancak pratik ad\u0131mlar\u0131n at\u0131lmas\u0131 i\u00e7in Ankara \u00fczerindeki bas\u0131nc\u0131 artt\u0131rmak amac\u0131yla giderek sertle\u015ftirdi\u011fi s\u00f6ylemi, BDP\/DTK\/PKK \u00e7izgisinde duran K\u00fcrtleri keskin bir yol ayr\u0131m\u0131na haz\u0131rl\u0131yor.<\/p>\n<p style=\"text-align: justify;\"><span style=\"text-decoration: underline;\">Kritik tarih 15 Haziran\u2019a 1 ay kala:<\/span><\/p>\n<p style=\"text-align: justify;\"><strong>1<\/strong>&#8211; TSK\u2019n\u0131n PKK\u2019y\u0131 etkisizle\u015ftirme operasyonlar\u0131n\u0131n \u00f6rg\u00fct\u00fc rahats\u0131z eden ve kay\u0131plar\u0131n\u0131 artt\u0131ran yeni taktiklerle yayg\u0131nla\u015ft\u0131\u011f\u0131 ve temposunu artt\u0131rd\u0131\u011f\u0131,<\/p>\n<p style=\"text-align: justify;\"><strong>2-<\/strong> KCK tutuklular\u0131n\u0131n yarg\u0131lanma s\u00fcrecinin hem K\u00fcrt\u00e7e savunma ve avukatlar\u0131n duru\u015fmalardan \u00e7ekilmesi hem de mahkemenin san\u0131klara avukat tayin etme karar\u0131 nedeniyle tam bir \u00e7\u0131kmaza girdi\u011fi,<\/p>\n<p style=\"text-align: justify;\"><strong>3<\/strong>&#8211; BDP\/DTK\/PKK ekseninde duran kesimin aktif unsurlar\u0131na g\u00fcndelik olarak yo\u011fun g\u00f6zalt\u0131 ve tutuklamalar\u0131n yap\u0131ld\u0131\u011f\u0131 g\u00f6z \u00f6n\u00fcne al\u0131nd\u0131\u011f\u0131nda;<\/p>\n<p style=\"text-align: justify;\">Ankara\u2019dan \u00d6calan\u2019\u0131n bekledi\u011fi pratik ad\u0131mlar\u0131n gelmeyece\u011fi ve T\u00fcrkiye\u2019nin \u00e7ok \u015fiddetli bir \u00e7at\u0131\u015fma d\u00f6neminin e\u015fi\u011fine h\u0131zla kayd\u0131\u011f\u0131 fark ediliyor.<\/p>\n<p style=\"text-align: justify;\"><a href=\"http:\/\/www.radikal.com.tr\/Default.aspx?aType=RadikalYazar&amp;ArticleID=1049240&amp;Yazar=CEVDET&amp;Date=14.05.2011&amp;CategoryID=98\" target=\"_blank\">Kaynak : Cevdet A\u015fk\u0131n &#8211; Radikal<\/a><\/p>\n","protected":false},"excerpt":{"rendered":"<p style=\"text-align: justify;\">\n<p style=\"text-align: justify;\">PKK lideri Abdullah \u00d6calan, 15 Haziran&#8217;a kadar K\u00fcrt sorununun \u00e7\u00f6z\u00fcm\u00fc y\u00f6n\u00fcnde pratik ad\u0131mlar at\u0131lmazsa b\u00fcy\u00fck bir sava\u015f \u00e7\u0131kaca\u011f\u0131n\u0131 ve bu durumda h\u00fck\u00fcmetin 3 ay bile dayanamayaca\u011f\u0131n\u0131 ileri s\u00fcrd\u00fc.<\/p>\n","protected":false},"author":1,"featured_media":0,"comment_status":"open","ping_status":"closed","sticky":false,"template":"","format":"standard","meta":{"footnotes":""},"categories":[105],"tags":[],"class_list":["post-32669","post","type-post","status-publish","format-standard","hentry","category-gundem","odd"],"_links":{"self":[{"href":"http:\/\/www.korhanyilmaz.com\/index.php?rest_route=\/wp\/v2\/posts\/32669","targetHints":{"allow":["GET"]}}],"collection":[{"href":"http:\/\/www.korhanyilmaz.com\/index.php?rest_route=\/wp\/v2\/posts"}],"about":[{"href":"http:\/\/www.korhanyilmaz.com\/index.php?rest_route=\/wp\/v2\/types\/post"}],"author":[{"embeddable":true,"href":"http:\/\/www.korhanyilmaz.com\/index.php?rest_route=\/wp\/v2\/users\/1"}],"replies":[{"embeddable":true,"href":"http:\/\/www.korhanyilmaz.com\/index.php?rest_route=%2Fwp%2Fv2%2Fcomments&post=32669"}],"version-history":[{"count":0,"href":"http:\/\/www.korhanyilmaz.com\/index.php?rest_route=\/wp\/v2\/posts\/32669\/revisions"}],"wp:attachment":[{"href":"http:\/\/www.korhanyilmaz.com\/index.php?rest_route=%2Fwp%2Fv2%2Fmedia&parent=32669"}],"wp:term":[{"taxonomy":"category","embeddable":true,"href":"http:\/\/www.korhanyilmaz.com\/index.php?rest_route=%2Fwp%2Fv2%2Fcategories&post=32669"},{"taxonomy":"post_tag","embeddable":true,"href":"http:\/\/www.korhanyilmaz.com\/index.php?rest_route=%2Fwp%2Fv2%2Ftags&post=32669"}],"curies":[{"name":"wp","href":"https:\/\/api.w.org\/{rel}","templated":true}]}}