{"id":32665,"date":"2011-05-14T12:20:51","date_gmt":"2011-05-14T09:20:51","guid":{"rendered":"http:\/\/www.korhanyilmaz.com\/?p=32665"},"modified":"2011-05-14T12:20:51","modified_gmt":"2011-05-14T09:20:51","slug":"kilicdaroglu-karari-siyaset-aliyor-yargi-uyguluyor","status":"publish","type":"post","link":"http:\/\/www.korhanyilmaz.com\/?p=32665","title":{"rendered":"K\u0131l\u0131\u00e7daro\u011flu: Karar\u0131 siyaset al\u0131yor yarg\u0131 uyguluyor"},"content":{"rendered":"<p style=\"text-align: justify;\"><a href=\"http:\/\/www.korhanyilmaz.com\/wp-content\/uploads\/2011\/05\/171.jpg\"  class=\"lightview\"><img loading=\"lazy\" decoding=\"async\" class=\"aligncenter size-full wp-image-32666\" src=\"http:\/\/www.korhanyilmaz.com\/wp-content\/uploads\/2011\/05\/171.jpg\" alt=\"\" width=\"384\" height=\"254\" \/><\/a><\/p>\n<p style=\"text-align: justify;\">CHP Genel Ba\u015fkan\u0131 Kemal K\u0131l\u0131\u00e7daro\u011flu, YGS&#8217;deki \u015fifre iddialar\u0131na ili\u015fkin takipsizlik karar\u0131n\u0131 de\u011ferlendirirken, &#8216;\u00d6nce karar\u0131 siyasi mekanizmada al\u0131yorlar sonra yarg\u0131ya diyorlar ki, &#8216;Sen onu tasdik et&#8217; hepsini biliyorum&#8217; dedi.<\/p>\n<p style=\"text-align: justify;\">\u00c7ANKIRI &#8211; K\u0131l\u0131\u00e7daro\u011flu, parti genel merkezinden se\u00e7im otob\u00fcs\u00fcyle \u00c7ank\u0131r\u0131\u2019ya hareket etti. \u00c7ank\u0131r\u0131 yolu \u00fczerindeki Kerke\u015f \u0130l\u00e7esi\u2019nde halka hitap eden K\u0131l\u0131\u00e7daro\u011flu, konu\u015fmas\u0131n\u0131 ya\u011fmur alt\u0131nda yapt\u0131. K\u0131l\u0131\u00e7daro\u011flu, yeni bir CHP anlay\u0131\u015f\u0131 ile yola \u00e7\u0131kt\u0131klar\u0131n\u0131, halk\u0131n sorunlar\u0131na \u00e7\u00f6z\u00fcm \u00fcrettiklerini belirtti.<!--more--><\/p>\n<p style=\"text-align: justify;\">K\u0131l\u0131\u00e7daro\u011flu, 80 y\u0131ll\u0131k Cumhuriyet tarihinde ilk kez AKP h\u00fck\u00fcmeti d\u00f6neminde ithal kurbanl\u0131k getirildi\u011fini ifade ederek, bu kurbanl\u0131klar\u0131n &#8220;AKP yanda\u015flar\u0131 kazans\u0131n diye&#8221; getirildi\u011fini savundu. Toplumun t\u00fcm kesimlerinin sorunlar\u0131n\u0131 \u00e7\u00f6zmek i\u00e7in \u00e7al\u0131\u015ft\u0131klar\u0131n\u0131 ifade eden K\u0131l\u0131\u00e7daro\u011flu, &#8220;Benim \u00f6yle yok kanald\u0131, yok bo\u011fazd\u0131 bunlarla u\u011fra\u015facak zaman\u0131m yok. Ben \u00f6nce milletin bo\u011faz\u0131yla u\u011fra\u015f\u0131yorum. Oradan helal lokma ge\u00e7ecek. Benim derdim o&#8221; diye konu\u015ftu. K\u0131l\u0131\u00e7daro\u011flu, \u00c7ank\u0131r\u0131\u2019dan CHP\u2019nin y\u0131llard\u0131r milletvekili \u00e7\u0131karamad\u0131\u011f\u0131n\u0131n alt\u0131n\u0131 \u00e7izerek, bu se\u00e7imde bir milletvekili istedi\u011fini s\u00f6yledi.<\/p>\n<p style=\"text-align: justify;\"><strong>&#8220;HEPS\u0130N\u0130 B\u0130L\u0130YORUM&#8221;<\/strong><\/p>\n<p style=\"text-align: justify;\">K\u0131l\u0131\u00e7daro\u011flu, YGS\u2019de 1 milyon 700 bin \u00f6\u011frencinin ma\u011fdur edildi\u011fini s\u00f6yleyerek, s\u00f6zlerine \u015f\u00f6yle devam etti:<\/p>\n<p style=\"text-align: justify;\">&#8220;Olaylara nas\u0131l m\u00fcdahale edildi\u011fini biliyorum. Yarg\u0131 y\u00f6nlendiriliyor. Bunlar\u0131n hepsini biliyorum, adamlar\u0131n\u0131 getirdiler \u00f6nce kararlar\u0131 siyasi mekanizmada al\u0131yorlar sonra yarg\u0131ya diyorlar ki, \u2018sen onu tasdik et\u2019 hepsini biliyoruz.&#8221;<\/p>\n<p style=\"text-align: justify;\">K\u0131l\u0131\u00e7daro\u011flu, konu\u015fmas\u0131n\u0131n ard\u0131ndan MHP\u2019li Kerke\u015f Belediye Ba\u015fkan\u0131 \u015e\u00fckr\u00fc Tarhan\u2019\u0131 makam\u0131nda ziyaret etti. Tarhan, K\u0131l\u0131\u00e7daro\u011flu\u2019na Kerke\u015f bal\u0131 hediye etti. K\u0131l\u0131\u00e7daro\u011flu, Tarhan ile sohbetinde &#8220;\u00dclkenin \u00e7\u0131karlar\u0131 a\u00e7\u0131s\u0131ndan ortak sorumlulu\u011fumuz var&#8221; dedi. Bu arada CHP\u2019nin se\u00e7im otob\u00fcs\u00fcne z\u0131rhl\u0131 bir ara\u00e7la \u00f6zel harek\u00e2t timinin e\u015flik etmesi dikkat \u00e7ekti. (ANKA)<\/p>\n<p style=\"text-align: justify;\"><a href=\"http:\/\/www.radikal.com.tr\/Radikal.aspx?aType=RadikalDetayV3&amp;ArticleID=1049270&amp;Date=14.05.2011&amp;CategoryID=78\" target=\"_blank\">Kaynak : Radikal<\/a><\/p>\n","protected":false},"excerpt":{"rendered":"<p style=\"text-align: justify;\">\n<p style=\"text-align: justify;\">CHP Genel Ba\u015fkan\u0131 Kemal K\u0131l\u0131\u00e7daro\u011flu, YGS&#8217;deki \u015fifre iddialar\u0131na ili\u015fkin takipsizlik karar\u0131n\u0131 de\u011ferlendirirken, &#8216;\u00d6nce karar\u0131 siyasi mekanizmada al\u0131yorlar sonra yarg\u0131ya diyorlar ki, &#8216;Sen onu tasdik et&#8217; hepsini biliyorum&#8217; dedi.<\/p>\n<p style=\"text-align: justify;\">\u00c7ANKIRI &#8211; K\u0131l\u0131\u00e7daro\u011flu, parti genel merkezinden se\u00e7im otob\u00fcs\u00fcyle \u00c7ank\u0131r\u0131\u2019ya hareket etti. \u00c7ank\u0131r\u0131 yolu \u00fczerindeki Kerke\u015f \u0130l\u00e7esi\u2019nde halka hitap eden K\u0131l\u0131\u00e7daro\u011flu, <\/p>\n","protected":false},"author":1,"featured_media":0,"comment_status":"open","ping_status":"closed","sticky":false,"template":"","format":"standard","meta":{"footnotes":""},"categories":[105],"tags":[],"class_list":["post-32665","post","type-post","status-publish","format-standard","hentry","category-gundem","odd"],"_links":{"self":[{"href":"http:\/\/www.korhanyilmaz.com\/index.php?rest_route=\/wp\/v2\/posts\/32665","targetHints":{"allow":["GET"]}}],"collection":[{"href":"http:\/\/www.korhanyilmaz.com\/index.php?rest_route=\/wp\/v2\/posts"}],"about":[{"href":"http:\/\/www.korhanyilmaz.com\/index.php?rest_route=\/wp\/v2\/types\/post"}],"author":[{"embeddable":true,"href":"http:\/\/www.korhanyilmaz.com\/index.php?rest_route=\/wp\/v2\/users\/1"}],"replies":[{"embeddable":true,"href":"http:\/\/www.korhanyilmaz.com\/index.php?rest_route=%2Fwp%2Fv2%2Fcomments&post=32665"}],"version-history":[{"count":0,"href":"http:\/\/www.korhanyilmaz.com\/index.php?rest_route=\/wp\/v2\/posts\/32665\/revisions"}],"wp:attachment":[{"href":"http:\/\/www.korhanyilmaz.com\/index.php?rest_route=%2Fwp%2Fv2%2Fmedia&parent=32665"}],"wp:term":[{"taxonomy":"category","embeddable":true,"href":"http:\/\/www.korhanyilmaz.com\/index.php?rest_route=%2Fwp%2Fv2%2Fcategories&post=32665"},{"taxonomy":"post_tag","embeddable":true,"href":"http:\/\/www.korhanyilmaz.com\/index.php?rest_route=%2Fwp%2Fv2%2Ftags&post=32665"}],"curies":[{"name":"wp","href":"https:\/\/api.w.org\/{rel}","templated":true}]}}