{"id":32658,"date":"2011-05-14T08:23:19","date_gmt":"2011-05-14T05:23:19","guid":{"rendered":"http:\/\/www.korhanyilmaz.com\/?p=32658"},"modified":"2011-05-14T08:23:19","modified_gmt":"2011-05-14T05:23:19","slug":"belesbahce-kira-2-515-tl","status":"publish","type":"post","link":"http:\/\/www.korhanyilmaz.com\/?p=32658","title":{"rendered":"Bele\u015fbah\u00e7e: Kira 2.515 TL"},"content":{"rendered":"<p style=\"text-align: center;\"><a href=\"http:\/\/www.korhanyilmaz.com\/wp-content\/uploads\/2011\/05\/170.jpg\"  class=\"lightview\"><img loading=\"lazy\" decoding=\"async\" class=\"aligncenter size-full wp-image-32659\" src=\"http:\/\/www.korhanyilmaz.com\/wp-content\/uploads\/2011\/05\/170.jpg\" alt=\"\" width=\"384\" height=\"254\" \/><\/a><\/p>\n<p style=\"text-align: justify;\">Dolmabah\u00e7e Saray\u0131&#8217;n\u0131n yan\u0131ndaki \u00e7ay bah\u00e7esinin sadece ayl\u0131k \u00e7ay geliri 250 bin liray\u0131 bulurken Vak\u0131flar&#8217;a \u00f6dedi\u011fi kira 2 bin 515 lira.<\/p>\n<p style=\"text-align: justify;\">\u0130STANBUL &#8211; Dolmabah\u00e7e Saray\u0131\u2019n\u0131n hemen yan\u0131nda siyaset\u00e7iler dahil pek \u00e7ok \u00fcnl\u00fc ismin Bo\u011faz manzaras\u0131na kar\u015f\u0131 \u00e7ay yudumlad\u0131\u011f\u0131 Dolmabah\u00e7e \u00c7ay Bah\u00e7esi, sadece manzaras\u0131yla de\u011fil geliri ve kiras\u0131yla da dudak u\u00e7uklat\u0131yor! \u0130\u00e7inde 400 ara\u00e7l\u0131k bir otopark da bulunduran tesis, sadece ayl\u0131k yakla\u015f\u0131k 250 bin lira \u00e7ay geliriyle hemen yan\u0131ndaki Dolmabah\u00e7e Saray\u0131\u2019n\u0131 geride b\u0131rak\u0131yor. Toplam 4 bin metrekarelik bu tesis i\u00e7in arazinin sahibi olan Vak\u0131flar Genel M\u00fcd\u00fcrl\u00fc\u011f\u00fc\u2019n\u00fcn ald\u0131\u011f\u0131 kira ise ayl\u0131k 2 bin 515 lira. <!--more--><\/p>\n<p style=\"text-align: justify;\"><strong>\u00d6zal d\u00f6neminden beri<\/strong><\/p>\n<p style=\"text-align: justify;\">\u00d6mer Avni Mahallesi Meclisi Mebusan Soka\u011f\u0131 1 ada 9 parselde yer alan Dolmabah\u00e7e Camii ve arsa Bezm-i \u00c2lem Valide Sultan Vakf\u0131\u2019na kay\u0131tl\u0131. \u0130\u00e7inde otopark ve \u00e7ay bah\u00e7esi olan arazi, Turgut \u00d6zal\u2019\u0131n ba\u015fbakanl\u0131\u011f\u0131n\u0131n ilk y\u0131llar\u0131nda i\u015fletmeye a\u00e7\u0131ld\u0131. Tinerci ve sarho\u015flardan kurtarmak d\u00fc\u015f\u00fcncesiyle \u00e7ay bah\u00e7esi olarak d\u00fc\u015f\u00fcn\u00fclen arazi o tarihten bu yana da Kemal Ate\u015f taraf\u0131ndan i\u015fletiliyor. Gece \u00e7al\u0131\u015fan gazetecilerin de u\u011frak mek\u00e2n\u0131 olan \u00e7ay bah\u00e7esi ile ilgili Vak\u0131flar \u0130stanbul B\u00f6lge M\u00fcd\u00fcrl\u00fc\u011f\u00fc\u2019ne yap\u0131lan \u015fik\u00e2yetlerin ard\u0131 arkas\u0131 kesilmiyor. \u015eik\u00e2yetlerin nedeni bu de\u011ferli yer i\u00e7in \u00f6denen komik \u00f6tesi kira bedeli. Vak\u0131flar \u0130stanbul B\u00f6lge M\u00fcd\u00fcrl\u00fc\u011f\u00fc\u2019ne ba\u011fl\u0131 Beyo\u011flu Kiralama \u015eube M\u00fcd\u00fcr\u00fc Erdal \u00d6zt\u00fcrk, bir dilek\u00e7eye 11 Mart 2011\u2019de \u015fu cevab\u0131 vermi\u015f: \u201cDolmabah\u00e7e Camii duvar\u0131n\u0131n meydan k\u0131sm\u0131ndaki arsa \u00fczerinde bulunan ta\u015f\u0131nmaz 2011 y\u0131l\u0131 i\u00e7in ayl\u0131k 2.515,00 TL bedelle a\u00e7\u0131k otopark ve \u00e7ay bah\u00e7esi olarak Kemal Ate\u015f G\u0131da Turizm Petrol Gaz Ltd. \u015eti. kiras\u0131nda bulunmaktad\u0131r.\u201d<\/p>\n<p style=\"text-align: justify;\"><a href=\"http:\/\/www.korhanyilmaz.com\/wp-content\/uploads\/2011\/05\/169.jpg\"  class=\"lightview\"><img loading=\"lazy\" decoding=\"async\" class=\"aligncenter size-full wp-image-32660\" title=\"\" src=\"http:\/\/www.korhanyilmaz.com\/wp-content\/uploads\/2011\/05\/169.jpg\" alt=\"\" width=\"333\" height=\"329\" \/><\/a><\/p>\n<p style=\"text-align: justify;\">Kemal Ate\u015f, pek \u00e7ok gazetecinin tan\u0131d\u0131\u011f\u0131 bir isim. \u00d6zellikle gece \u00e7al\u0131\u015fan gazetecilerin topland\u0131\u011f\u0131 \u00e7ay bah\u00e7esinde ho\u015f sohbetiyle tan\u0131n\u0131yor. Sa\u011fl\u0131k sorunlar\u0131ndan dolay\u0131 \u00e7ay bah\u00e7esi halen karde\u015fi Turgut Ate\u015f taraf\u0131ndan i\u015fletiliyor.<\/p>\n<p style=\"text-align: justify;\">\u0130\u015fletme ge\u00e7en g\u00fcnlerde Pakistan\u2019da ya\u015fanan sel felaketinin ard\u0131ndan \u00fc\u00e7 ayl\u0131k \u00e7ay sat\u0131\u015f\u0131n\u0131n y\u00fczde 10\u2019unu sel ma\u011fdurlar\u0131na g\u00f6nderece\u011fini a\u00e7\u0131klad\u0131. Kendi a\u00e7\u0131klamalar\u0131na g\u00f6re \u00fc\u00e7 ayda \u00e7ay gelirlerinin y\u00fczde 10\u2019u 75 bin lira tuttu ve bu para \u00e7ay bah\u00e7esinde yap\u0131lan bir t\u00f6renle K\u0131z\u0131lay Genel Ba\u015fkan\u0131 Tekin K\u00fc\u00e7\u00fckali\u2019ye teslim edildi.<\/p>\n<p style=\"text-align: justify;\">Bu hesaba g\u00f6re tesisin \u00fc\u00e7 ayl\u0131k \u00e7ay geliri 750 bin lira, ayl\u0131k \u00e7ay geliri ise 250 bin liray\u0131 buluyor. Ayr\u0131ca 3 liral\u0131k \u00e7ay\u0131n yan\u0131 s\u0131ra tost, me\u015frubat gibi di\u011fer \u00fcr\u00fcnlerin de sat\u0131ld\u0131\u011f\u0131 ve 400 ara\u00e7l\u0131k otopark\u0131 d\u00fc\u015f\u00fcn\u00fcld\u00fc\u011f\u00fcnde ortaya inan\u0131lmaz bir gelir \u00e7\u0131k\u0131yor.<\/p>\n<p style=\"text-align: justify;\">\u00c7ay bah\u00e7esinin bu toplam geliri, yan\u0131ndaki Dolmabah\u00e7e Saray\u0131\u2019n\u0131 bile g\u00f6lgede b\u0131rak\u0131yor. Saray\u0131 ziyaret edenlerden bir ayda toplanan para 500 bin lira. Saray yetkilileri de \u2018para basan\u2019 bu i\u015fletmenin ayl\u0131k kiras\u0131 kar\u015f\u0131s\u0131nda \u015fa\u015fk\u0131n durumda.<\/p>\n<p style=\"text-align: justify;\"><strong>Vak\u0131flar\u2019dan yan\u0131t yok<\/strong><\/p>\n<p style=\"text-align: justify;\">Peki nas\u0131l oluyor da b\u00f6yle bir yeri Ba\u015fbakanl\u0131k Vak\u0131flar Genel M\u00fcd\u00fcrl\u00fc\u011f\u00fc 2 bin 500 liraya kiral\u0131yor, bunun yan\u0131t\u0131 yok. Vak\u0131flar Genel M\u00fcd\u00fcrl\u00fc\u011f\u00fc, y\u00f6neltti\u011fimiz \u201cKiralama yap\u0131l\u0131rken b\u00f6lgedeki rayi\u00e7 bedeller g\u00f6z \u00f6n\u00fcne al\u0131nd\u0131 m\u0131? Arazi ka\u00e7 y\u0131ll\u0131\u011f\u0131na kiraland\u0131 ve en son kira art\u0131\u015f\u0131 ne zaman yap\u0131ld\u0131?\u201d sorular\u0131m\u0131za yan\u0131t vermedi.<\/p>\n<p style=\"text-align: justify;\"><strong>\u2018Yaz\u0131kt\u0131r, en az 30 bin lira eder\u2019<\/strong><\/p>\n<p style=\"text-align: justify;\">Dolmabah\u00e7e Saray\u0131\u2019n\u0131n yan\u0131nda muhte\u015fem manzaral\u0131 bir yerin kiras\u0131 ne kadar olur? Be\u015fikta\u015f il\u00e7esinde emlak i\u015fi yapan Tamer Emlak\u2019\u0131n sahibi Murat Tamer\u2019e g\u00f6re e\u015fsiz konumdaki bu \u00e7ay bah\u00e7esi \u00e7ok de\u011ferli: \u201cBuras\u0131 \u0130stanbul\u2019un de\u011fil T\u00fcrkiye\u2019nin g\u00f6be\u011fi. Bo\u011faz\u2019a naz\u0131r b\u00f6yle ba\u015fka bir arazi yok. Y\u0131llard\u0131r d\u00fc\u015f\u00fcn\u00fcr\u00fcm, devlet buradan ne kadar kira al\u0131yor diye. 2 bin 500 lira hakikaten komik bir rakam. Bu, i\u015fgal demektir. Vak\u0131f arazisi oldu\u011fu i\u00e7in en d\u00fc\u015f\u00fck 12 &#8211; 15 bin lira olmas\u0131 gerekir. \u00d6zel m\u00fclk olsa ayl\u0131k 30 bin liradan a\u015fa\u011f\u0131ya kiraya verilmez. Yaz\u0131k diyorum.\u201d<\/p>\n<p style=\"text-align: justify;\"><strong>Valide Sultan: Hay\u0131r d\u0131\u015f\u0131nda kullan\u0131lmas\u0131n<\/strong><\/p>\n<p style=\"text-align: justify;\">1809 y\u0131l\u0131nda do\u011fdu\u011fu s\u00f6ylenen Bezmi \u00c2lem Valide Sultan, k\u00fc\u00e7\u00fck ya\u015fta cariye olarak Osmanl\u0131 Saray\u0131\u2019na girdi. 1822 y\u0131l\u0131nda Sultan II. Mahmud\u2019un e\u015fi oldu. O\u011flu I. Abd\u00fclmecid\u2019in 1839 y\u0131l\u0131nda padi\u015fah olmas\u0131yla Valide Sultan payesi ald\u0131. Abd\u00fclmecid\u2019in 16 ya\u015f\u0131nda padi\u015fah olmas\u0131 nedeniyle o\u011fluna devlet i\u015flerinde yard\u0131mc\u0131 oldu. 30 Haziran 1853\u2019te \u00f6ld\u00fc.<\/p>\n<p style=\"text-align: justify;\">Valide Sultan ad\u0131na kurulan vakfa ait bug\u00fcn 66 adet menkul ve gayrimenkul bulunuyor Bunlar\u0131n i\u00e7inde Vak\u0131f Gureba Hastanesi ile Bezmi \u00c2lem Valide Sultan Camii en \u00f6nemliler aras\u0131nda yer al\u0131yor.<\/p>\n<p style=\"text-align: justify;\">Bezmi \u00c2lem Valide Sultan Vakfiye\u2019sinde \u015fu s\u00f6zler ibret verici:<\/p>\n<p style=\"text-align: justify;\">\u2018\u2019Hay\u0131r maksad\u0131yla sa\u011flad\u0131\u011f\u0131m evkaf\u0131m ahiret g\u00fcn\u00fcne kadar \u015fartlar\u0131yla icra edilsin. Bu \u015fartlar Sultan Abd\u00fclmecid devrinden sonra da devam etsin. Kim hay\u0131r d\u0131\u015f\u0131nda kullan\u0131r ve \u015fartlar\u0131 de\u011fi\u015ftirirse vebali de\u011fi\u015ftirenin \u00fczerinedir. D\u00fcnya ve ahirette cezaya m\u00fcstahak olsun.\u2019\u2019<\/p>\n<p style=\"text-align: justify;\"><a href=\"http:\/\/www.radikal.com.tr\/Radikal.aspx?aType=RadikalDetayV3&amp;ArticleID=1049250&amp;Date=14.05.2011&amp;CategoryID=77\" target=\"_blank\">Kaynak : \u00d6mer Erbil &#8211; Radikal<\/a><\/p>\n","protected":false},"excerpt":{"rendered":"<p style=\"text-align: center;\">\n<p style=\"text-align: justify;\">Dolmabah\u00e7e Saray\u0131&#8217;n\u0131n yan\u0131ndaki \u00e7ay bah\u00e7esinin sadece ayl\u0131k \u00e7ay geliri 250 bin liray\u0131 bulurken Vak\u0131flar&#8217;a \u00f6dedi\u011fi kira 2 bin 515 lira.<\/p>\n<p style=\"text-align: justify;\">\u0130STANBUL &#8211; Dolmabah\u00e7e Saray\u0131\u2019n\u0131n hemen yan\u0131nda siyaset\u00e7iler dahil pek \u00e7ok \u00fcnl\u00fc ismin Bo\u011faz manzaras\u0131na kar\u015f\u0131 \u00e7ay yudumlad\u0131\u011f\u0131 Dolmabah\u00e7e \u00c7ay Bah\u00e7esi, sadece manzaras\u0131yla de\u011fil geliri ve kiras\u0131yla da dudak <\/p>\n","protected":false},"author":1,"featured_media":0,"comment_status":"open","ping_status":"closed","sticky":false,"template":"","format":"standard","meta":{"footnotes":""},"categories":[105],"tags":[],"class_list":["post-32658","post","type-post","status-publish","format-standard","hentry","category-gundem","odd"],"_links":{"self":[{"href":"http:\/\/www.korhanyilmaz.com\/index.php?rest_route=\/wp\/v2\/posts\/32658","targetHints":{"allow":["GET"]}}],"collection":[{"href":"http:\/\/www.korhanyilmaz.com\/index.php?rest_route=\/wp\/v2\/posts"}],"about":[{"href":"http:\/\/www.korhanyilmaz.com\/index.php?rest_route=\/wp\/v2\/types\/post"}],"author":[{"embeddable":true,"href":"http:\/\/www.korhanyilmaz.com\/index.php?rest_route=\/wp\/v2\/users\/1"}],"replies":[{"embeddable":true,"href":"http:\/\/www.korhanyilmaz.com\/index.php?rest_route=%2Fwp%2Fv2%2Fcomments&post=32658"}],"version-history":[{"count":0,"href":"http:\/\/www.korhanyilmaz.com\/index.php?rest_route=\/wp\/v2\/posts\/32658\/revisions"}],"wp:attachment":[{"href":"http:\/\/www.korhanyilmaz.com\/index.php?rest_route=%2Fwp%2Fv2%2Fmedia&parent=32658"}],"wp:term":[{"taxonomy":"category","embeddable":true,"href":"http:\/\/www.korhanyilmaz.com\/index.php?rest_route=%2Fwp%2Fv2%2Fcategories&post=32658"},{"taxonomy":"post_tag","embeddable":true,"href":"http:\/\/www.korhanyilmaz.com\/index.php?rest_route=%2Fwp%2Fv2%2Ftags&post=32658"}],"curies":[{"name":"wp","href":"https:\/\/api.w.org\/{rel}","templated":true}]}}