{"id":32654,"date":"2011-05-14T10:41:23","date_gmt":"2011-05-14T07:41:23","guid":{"rendered":"http:\/\/www.korhanyilmaz.com\/?p=32654"},"modified":"2011-05-14T10:41:23","modified_gmt":"2011-05-14T07:41:23","slug":"yazicidan-kilicdarogluna-mail-davasi","status":"publish","type":"post","link":"http:\/\/www.korhanyilmaz.com\/?p=32654","title":{"rendered":"Yaz\u0131c\u0131&#8217;dan K\u0131l\u0131\u00e7daro\u011flu&#8217;na mail davas\u0131"},"content":{"rendered":"<p style=\"text-align: justify;\"><a href=\"http:\/\/www.korhanyilmaz.com\/wp-content\/uploads\/2011\/05\/168.jpg\"  class=\"lightview\"><img loading=\"lazy\" decoding=\"async\" class=\"aligncenter size-full wp-image-32655\" title=\"\" src=\"http:\/\/www.korhanyilmaz.com\/wp-content\/uploads\/2011\/05\/168.jpg\" alt=\"\" width=\"325\" height=\"226\" \/><\/a><\/p>\n<p style=\"text-align: justify;\">Bakan Hayati Yaz\u0131c\u0131, \u00d6SYM Ba\u015fkan\u0131&#8217;na ye\u011feni i\u00e7in &#8220;torpil&#8221; maili att\u0131\u011f\u0131 y\u00f6n\u00fcndeki iddialar\u0131yla ilgili olarak CHP lideri K\u0131l\u0131\u00e7daro\u011flu&#8217;na 30 bin liral\u0131k tazminat davas\u0131 a\u00e7\u0131yor.<\/p>\n<p style=\"text-align: justify;\">R\u0130ZE- Devlet Bakan\u0131 Hayati Yaz\u0131c\u0131, \u00fcniversiteye yerle\u015ftirmeyle ilgili \u00d6SYM&#8217;ye g\u00f6nderdi\u011fi iddia edilen &#8221;mail&#8221; konusunda, &#8221;Yapt\u0131\u011f\u0131m isti\u015fare sonucu, say\u0131n K\u0131l\u0131\u00e7daro\u011flu hakk\u0131nda bu mesnetsiz, dayanaks\u0131z itham\u0131ndan \u00f6t\u00fcr\u00fc 30 bin liral\u0131k manevi tazminat davas\u0131 a\u00e7mam uygun g\u00f6r\u00fcld\u00fc&#8221; dedi. <!--more--><\/p>\n<p style=\"text-align: justify;\">Yaz\u0131c\u0131, Kanal 24&#8217;te kat\u0131ld\u0131\u011f\u0131 canl\u0131 yay\u0131nda sorular\u0131 yan\u0131tlad\u0131. \u0130ddiaya konu mailin &#8221;kurgu&#8221; oldu\u011funu ifade eden Yaz\u0131c\u0131, &#8221;Tamamen sa\u00e7ma. \u00c7ok basit bir mant\u0131kla, s\u0131radan bir vatanda\u015f\u0131n bakt\u0131\u011f\u0131nda, k\u00fc\u00e7\u00fck bir muhakemeyle irdelendi\u011finde kesinlikle bunun bir bakana, sorumluluk makam\u0131nda bir ki\u015fiye ait olamayaca\u011f\u0131n\u0131 bilebilecek kadar sa\u00e7mal\u0131k dolu. Avukatlar\u0131ma talimat verdim. Kimdir, kim yap\u0131yorsa bulunsun ve gerekli cezaland\u0131rma yap\u0131ls\u0131n&#8221; diye konu\u015ftu.<\/p>\n<p style=\"text-align: justify;\">CHP Genel Ba\u015fkan\u0131 Kemal K\u0131l\u0131\u00e7daro\u011flu&#8217;nun s\u00fcreci devam ettirmesinin ard\u0131ndan a\u00e7\u0131klama yapt\u0131\u011f\u0131n\u0131 belirten Yaz\u0131c\u0131, \u015funlar\u0131 s\u00f6yledi:<\/p>\n<p style=\"text-align: justify;\">&#8221;Bekledim ki, Say\u0131n K\u0131l\u0131\u00e7daro\u011flu &#8216;Ben bir yanl\u0131\u015f yapt\u0131m. AK Parti&#8217;den ve ismi ge\u00e7en benden \u00f6z\u00fcr diliyorum&#8217; veya \u00f6z\u00fcr kelimesini \u00e7\u0131kars\u0131n, &#8216;Kusura bakmas\u0131nlar yanl\u0131\u015fl\u0131k yapt\u0131m.&#8217; Bunu beklerdim. Bakt\u0131m ki yok. Tam bir pi\u015fkinlik i\u00e7erisinde, aymazl\u0131k i\u00e7erisinde, adeta ald\u0131rmaz bir tav\u0131rla iddias\u0131n\u0131 s\u00fcrd\u00fcr\u00fcr \u015fekilde beyanda bulundu. Say\u0131n Ba\u015fbakan &#8216;O bakan\u0131 a\u00e7\u0131kla&#8217; dedi\u011finde, &#8216;O zaten kendisi a\u00e7\u0131klad\u0131, benim a\u00e7\u0131klamama gerek yok&#8217; derken, b\u00fct\u00fcn konu\u015fmalar\u0131n i\u00e7erisinde bakan olarak nitelendirdi\u011fi ki\u015finin benim oldu\u011fumu ifade etmi\u015f oldu. Avukatlar\u0131ma talimat verdim. Yapt\u0131\u011f\u0131m isti\u015fare sonucu, say\u0131n K\u0131l\u0131\u00e7daro\u011flu hakk\u0131nda bu mesnetsiz, dayanaks\u0131z itham\u0131ndan \u00f6t\u00fcr\u00fc 30 bin liral\u0131k manevi tazminat davas\u0131 a\u00e7mam uygun g\u00f6r\u00fcld\u00fc.&#8221;<\/p>\n<p style=\"text-align: justify;\">Yaz\u0131c\u0131, &#8221;mail&#8221;de ye\u011fenden bahsedildi\u011fini, ancak herhangi bir ismin ge\u00e7medi\u011fini, kendisinin 7-8 ya\u015f\u0131nda ilkokula giden ikiz ye\u011feninden ba\u015fka ye\u011feni olmad\u0131\u011f\u0131n\u0131 s\u00f6zlerine ekledi.<\/p>\n<p style=\"text-align: justify;\"><a href=\"http:\/\/www.gazeteport.com.tr\/SIYASET\/NEWS\/GP_904524\" target=\"_blank\">Kaynak : GAZETEPORT<\/a><\/p>\n","protected":false},"excerpt":{"rendered":"<p style=\"text-align: justify;\">\n<p style=\"text-align: justify;\">Bakan Hayati Yaz\u0131c\u0131, \u00d6SYM Ba\u015fkan\u0131&#8217;na ye\u011feni i\u00e7in &#8220;torpil&#8221; maili att\u0131\u011f\u0131 y\u00f6n\u00fcndeki iddialar\u0131yla ilgili olarak CHP lideri K\u0131l\u0131\u00e7daro\u011flu&#8217;na 30 bin liral\u0131k tazminat davas\u0131 a\u00e7\u0131yor.<\/p>\n<p style=\"text-align: justify;\">R\u0130ZE- Devlet Bakan\u0131 Hayati Yaz\u0131c\u0131, \u00fcniversiteye yerle\u015ftirmeyle ilgili \u00d6SYM&#8217;ye g\u00f6nderdi\u011fi iddia edilen &#8221;mail&#8221; konusunda, &#8221;Yapt\u0131\u011f\u0131m isti\u015fare sonucu, say\u0131n K\u0131l\u0131\u00e7daro\u011flu hakk\u0131nda bu mesnetsiz, dayanaks\u0131z itham\u0131ndan \u00f6t\u00fcr\u00fc <\/p>\n","protected":false},"author":1,"featured_media":0,"comment_status":"open","ping_status":"closed","sticky":false,"template":"","format":"standard","meta":{"footnotes":""},"categories":[105],"tags":[],"class_list":["post-32654","post","type-post","status-publish","format-standard","hentry","category-gundem","odd"],"_links":{"self":[{"href":"http:\/\/www.korhanyilmaz.com\/index.php?rest_route=\/wp\/v2\/posts\/32654","targetHints":{"allow":["GET"]}}],"collection":[{"href":"http:\/\/www.korhanyilmaz.com\/index.php?rest_route=\/wp\/v2\/posts"}],"about":[{"href":"http:\/\/www.korhanyilmaz.com\/index.php?rest_route=\/wp\/v2\/types\/post"}],"author":[{"embeddable":true,"href":"http:\/\/www.korhanyilmaz.com\/index.php?rest_route=\/wp\/v2\/users\/1"}],"replies":[{"embeddable":true,"href":"http:\/\/www.korhanyilmaz.com\/index.php?rest_route=%2Fwp%2Fv2%2Fcomments&post=32654"}],"version-history":[{"count":0,"href":"http:\/\/www.korhanyilmaz.com\/index.php?rest_route=\/wp\/v2\/posts\/32654\/revisions"}],"wp:attachment":[{"href":"http:\/\/www.korhanyilmaz.com\/index.php?rest_route=%2Fwp%2Fv2%2Fmedia&parent=32654"}],"wp:term":[{"taxonomy":"category","embeddable":true,"href":"http:\/\/www.korhanyilmaz.com\/index.php?rest_route=%2Fwp%2Fv2%2Fcategories&post=32654"},{"taxonomy":"post_tag","embeddable":true,"href":"http:\/\/www.korhanyilmaz.com\/index.php?rest_route=%2Fwp%2Fv2%2Ftags&post=32654"}],"curies":[{"name":"wp","href":"https:\/\/api.w.org\/{rel}","templated":true}]}}