{"id":32650,"date":"2011-05-13T17:57:31","date_gmt":"2011-05-13T14:57:31","guid":{"rendered":"http:\/\/www.korhanyilmaz.com\/?p=32650"},"modified":"2011-05-13T17:57:31","modified_gmt":"2011-05-13T14:57:31","slug":"ak-parti-brosurunu-almayinca-dovuldu","status":"publish","type":"post","link":"http:\/\/www.korhanyilmaz.com\/?p=32650","title":{"rendered":"AK Parti bro\u015f\u00fcr\u00fcn\u00fc almay\u0131nca d\u00f6v\u00fcld\u00fc"},"content":{"rendered":"<p style=\"text-align: justify;\"><a href=\"http:\/\/www.korhanyilmaz.com\/wp-content\/uploads\/2011\/05\/167.jpg\"  class=\"lightview\"><img loading=\"lazy\" decoding=\"async\" class=\"size-full wp-image-32651 aligncenter\" title=\"\" src=\"http:\/\/www.korhanyilmaz.com\/wp-content\/uploads\/2011\/05\/167.jpg\" alt=\"\" width=\"292\" height=\"194\" \/><\/a><\/p>\n<p style=\"text-align: justify;\">Trabzon Ak\u00e7aabat&#8217;ta ayakkab\u0131 boyac\u0131l\u0131\u011f\u0131 yapan bir gen\u00e7, AK Partililerin da\u011f\u0131tt\u0131\u011f\u0131 se\u00e7im bro\u015f\u00fcr\u00fcn\u00fc almad\u0131\u011f\u0131 i\u00e7in sald\u0131r\u0131ya u\u011frad\u0131\u011f\u0131 iddias\u0131yla \u015fikayet\u00e7i oldu.<\/p>\n<p style=\"text-align: justify;\">Trabzon Ak\u00e7aabat&#8217;ta ayakkab\u0131 boyac\u0131l\u0131\u011f\u0131 yapan bir gen\u00e7, AK Partililerin da\u011f\u0131tt\u0131\u011f\u0131 se\u00e7im bro\u015f\u00fcr\u00fcn\u00fc almad\u0131\u011f\u0131 i\u00e7in sald\u0131r\u0131ya u\u011frad\u0131\u011f\u0131 iddias\u0131yla \u015fikayet\u00e7i oldu. <!--more--><\/p>\n<p style=\"text-align: justify;\">\u0130l\u00e7e merkezinde ayakkab\u0131 boyac\u0131l\u0131\u011f\u0131 yapan Celal Ba\u015ftan, iddialara g\u00f6re AK Parti&#8217;ye ait se\u00e7im arac\u0131n\u0131n cam\u0131ndan uzat\u0131lan bro\u015f\u00fcr\u00fc almad\u0131.<\/p>\n<p style=\"text-align: justify;\">Bunun \u00fczerine arac\u0131 durdurarak inen partili 38 ya\u015f\u0131ndaki Cengiz Alt\u0131ntepe, iddiaya g\u00f6re boyac\u0131 Ba\u015ftan&#8217;a hakaret etti ve elindeki tahtayla vurdu.<\/p>\n<p style=\"text-align: justify;\">Ba\u015ftan da Alt\u0131ntepe&#8217;ye i\u015finde kulland\u0131\u011f\u0131 tabure ile kar\u015f\u0131l\u0131k verdi. Araya giren \u00e7evredekiler kavgay\u0131 ay\u0131r\u0131rken olaya polis m\u00fcdahale etti. Celal Ba\u015ftan, getirildi\u011fi karakolda, Cengiz Alt\u0131ntepe&#8217;den \u015fikayet\u00e7i oldu.<\/p>\n<p style=\"text-align: justify;\">Ba\u015ftan, ge\u00e7imini ayakkab\u0131 boyac\u0131l\u0131\u011f\u0131 ile sa\u011flamaya \u00e7al\u0131\u015ft\u0131\u011f\u0131n\u0131 belirterek, &#8220;Se\u00e7im arac\u0131n\u0131n cam\u0131ndan bro\u015f\u00fcr vermek istediler. Ben de &#8216;Gidin ba\u015f\u0131mdan&#8217; dedim. Bunun \u00fczerine k\u00fcf\u00fcr ve hakaret ettiler. Bir anda neye u\u011frad\u0131\u011f\u0131m\u0131 \u015fa\u015f\u0131rd\u0131m. Bana sald\u0131rd\u0131lar. O ki\u015fiden \u015fikayet\u00e7iyim&#8221; dedi.<\/p>\n<p style=\"text-align: justify;\">Se\u00e7im g\u00f6revlisi Cengiz Alt\u0131ntepe ise Emniyet&#8217;te al\u0131nan ifadesinde su\u00e7lamalar\u0131 kabul etmedi. Taraflar al\u0131nan ifadelerinin ard\u0131ndan serbest b\u0131rak\u0131l\u0131rken, olayla ilgili soru\u015fturman\u0131n s\u00fcr\u00fcd\u00fc\u011f\u00fc \u00f6\u011frenildi. (DHA)<\/p>\n<p style=\"text-align: justify;\"><a href=\"http:\/\/www.gazeteport.com.tr\/SIYASET\/NEWS\/GP_904326\" target=\"_blank\">Kaynak : GAZETEPORT<\/a><\/p>\n","protected":false},"excerpt":{"rendered":"<p style=\"text-align: justify;\">\n<p style=\"text-align: justify;\">Trabzon Ak\u00e7aabat&#8217;ta ayakkab\u0131 boyac\u0131l\u0131\u011f\u0131 yapan bir gen\u00e7, AK Partililerin da\u011f\u0131tt\u0131\u011f\u0131 se\u00e7im bro\u015f\u00fcr\u00fcn\u00fc almad\u0131\u011f\u0131 i\u00e7in sald\u0131r\u0131ya u\u011frad\u0131\u011f\u0131 iddias\u0131yla \u015fikayet\u00e7i oldu.<\/p>\n<p style=\"text-align: justify;\">Trabzon Ak\u00e7aabat&#8217;ta ayakkab\u0131 boyac\u0131l\u0131\u011f\u0131 yapan bir gen\u00e7, AK Partililerin da\u011f\u0131tt\u0131\u011f\u0131 se\u00e7im bro\u015f\u00fcr\u00fcn\u00fc almad\u0131\u011f\u0131 i\u00e7in sald\u0131r\u0131ya u\u011frad\u0131\u011f\u0131 iddias\u0131yla \u015fikayet\u00e7i oldu. <\/p>\n","protected":false},"author":1,"featured_media":0,"comment_status":"open","ping_status":"closed","sticky":false,"template":"","format":"standard","meta":{"footnotes":""},"categories":[105],"tags":[],"class_list":["post-32650","post","type-post","status-publish","format-standard","hentry","category-gundem","odd"],"_links":{"self":[{"href":"http:\/\/www.korhanyilmaz.com\/index.php?rest_route=\/wp\/v2\/posts\/32650","targetHints":{"allow":["GET"]}}],"collection":[{"href":"http:\/\/www.korhanyilmaz.com\/index.php?rest_route=\/wp\/v2\/posts"}],"about":[{"href":"http:\/\/www.korhanyilmaz.com\/index.php?rest_route=\/wp\/v2\/types\/post"}],"author":[{"embeddable":true,"href":"http:\/\/www.korhanyilmaz.com\/index.php?rest_route=\/wp\/v2\/users\/1"}],"replies":[{"embeddable":true,"href":"http:\/\/www.korhanyilmaz.com\/index.php?rest_route=%2Fwp%2Fv2%2Fcomments&post=32650"}],"version-history":[{"count":0,"href":"http:\/\/www.korhanyilmaz.com\/index.php?rest_route=\/wp\/v2\/posts\/32650\/revisions"}],"wp:attachment":[{"href":"http:\/\/www.korhanyilmaz.com\/index.php?rest_route=%2Fwp%2Fv2%2Fmedia&parent=32650"}],"wp:term":[{"taxonomy":"category","embeddable":true,"href":"http:\/\/www.korhanyilmaz.com\/index.php?rest_route=%2Fwp%2Fv2%2Fcategories&post=32650"},{"taxonomy":"post_tag","embeddable":true,"href":"http:\/\/www.korhanyilmaz.com\/index.php?rest_route=%2Fwp%2Fv2%2Ftags&post=32650"}],"curies":[{"name":"wp","href":"https:\/\/api.w.org\/{rel}","templated":true}]}}