{"id":32635,"date":"2011-05-14T09:10:42","date_gmt":"2011-05-14T06:10:42","guid":{"rendered":"http:\/\/www.korhanyilmaz.com\/?p=32635"},"modified":"2011-05-14T09:10:42","modified_gmt":"2011-05-14T06:10:42","slug":"erdogan-mhpnin-hocaefendiye-saldirisi-ihanet","status":"publish","type":"post","link":"http:\/\/www.korhanyilmaz.com\/?p=32635","title":{"rendered":"Erdo\u011fan: MHP&#8217;nin Hocaefendi&#8217;ye sald\u0131r\u0131s\u0131 ihanet"},"content":{"rendered":"<p style=\"text-align: center;\"><a href=\"http:\/\/www.korhanyilmaz.com\/wp-content\/uploads\/2011\/05\/164.jpg\"  class=\"lightview\"><img loading=\"lazy\" decoding=\"async\" class=\"aligncenter size-full wp-image-32636\" src=\"http:\/\/www.korhanyilmaz.com\/wp-content\/uploads\/2011\/05\/164.jpg\" alt=\"\" width=\"360\" height=\"240\" \/><\/a><\/p>\n<p style=\"text-align: justify;\">Ba\u015fbakan Erdo\u011fan, kaset skandalar\u0131ndan dolay\u0131 &#8216;okyanus \u00f6tesini&#8217; g\u00f6steren MHP lideri Bah\u00e7eli&#8217;ye tepki g\u00f6sterdi: \u00c7ok \u00e7irkin bir \u015fey. Hocaefendi i\u015fi g\u00fcc\u00fc b\u0131rakm\u0131\u015f da Bah\u00e7eli ile mi u\u011fra\u015facak?<\/p>\n<p style=\"text-align: justify;\">\u0130STANBUL &#8211; Ba\u015fbakan Recep Tayyip Erdo\u011fan, H\u00fcrriyet gazetesi Ankara temsilcisi Metehan Demir\u2019e a\u00e7\u0131klamalarda bulundu. Erdo\u011fan, MHP Genel Ba\u015fkan\u0131 Devlet Bah\u00e7eli\u2019nin ABD&#8217;de ya\u015fayan Fethullah G\u00fclen hakk\u0131ndaki s\u00f6zlerini \u201c\u00e7irkin\u201d olarak nitelendirdi. <!--more--><\/p>\n<p style=\"text-align: justify;\">Ba\u015fbakan Erdo\u011fan, \u015funlar\u0131 s\u00f6yledi: \u201cMHP\u2019nin bir defa Hocaefendi\u2019ye sald\u0131r\u0131s\u0131 ger\u00e7ekten bana g\u00f6re ihanet derecesindedir. \u00c7ok \u00e7irkin bir \u015fey. Hocaefendi i\u015fi g\u00fcc\u00fc b\u0131rakm\u0131\u015f da Bah\u00e7eli ile mi u\u011fra\u015facak? Bir defa onun bulundu\u011fu makam, me\u015fgalesi b\u00f6yle bir \u015feye m\u00fcsaade etmez. \u00c7ok \u00e7irkin, \u00e7ok ay\u0131p. Ben bunu ihanet derecesinde k\u0131n\u0131yorum. Burada Bah\u00e7eli\u2019nin kendisini \u00e7ek etmesi, kendiyle u\u011fra\u015fmas\u0131 laz\u0131m. Ben inan\u0131yorum ki akl\u0131selim sahibi \u00fclk\u00fcc\u00fc karde\u015flerim de bunun bu yapt\u0131klar\u0131ndan ciddi manada rahats\u0131zlar. B\u00f6yle bir yakla\u015f\u0131m olmaz. \u0130hanet derecesinde.\u201d<\/p>\n<p style=\"text-align: justify;\">Devlet Bakan\u0131 Hayati Yaz\u0131c\u0131\u2019n\u0131n ye\u011feni i\u00e7in \u00d6SYM Ba\u015fkan\u0131 Prof. Ali Demir\u2019e torpil e-maili g\u00f6nderildi\u011fi iddialar\u0131yla ilgili olarak da konu\u015fan Ba\u015fbakan Erdo\u011fan, herkese b\u00f6yle bir oyun yap\u0131labilece\u011fini s\u00f6yledi.<\/p>\n<p style=\"text-align: justify;\">Erdo\u011fan, \u201c\u0130stihbarat birimleri \u015fu anda ara\u015ft\u0131r\u0131yor. Ger\u00e7ek ortaya \u00e7\u0131k\u0131nca a\u00e7\u0131klayaca\u011f\u0131z\u201d diye konu\u015ftu.<\/p>\n<p style=\"text-align: justify;\">Erdo\u011fan, s\u00f6zlerini \u015f\u00f6yle s\u00fcrd\u00fcrd\u00fc: \u201c\u0130nternet d\u00fcnyas\u0131 namuslu insanlar\u0131 montajlarla peri\u015fan edebilir. Allah korusun, \u2018Facebook\u2019ta ad\u0131n\u0131za hesap a\u00e7arlar, yan\u0131na iki de kad\u0131n resmi koyarlar. Rezil ederler. Bu konular \u00e7ok pis i\u015fleri de beraberinde getiriyor. Eski CHP Genel Ba\u015fkan\u0131 Deniz Baykal\u2019\u0131n g\u00f6r\u00fcnt\u00fcleri internete d\u00fc\u015ft\u00fc\u011f\u00fcnde de Ula\u015ft\u0131rma Bakan\u0131\u2019na talimat verdim. Ayn\u0131 hassasiyetle, T\u0130B de MHP\u2019lilerle ilgili g\u00f6r\u00fcnt\u00fclere an\u0131nda m\u00fcdahale etti\u201d<\/p>\n<p style=\"text-align: justify;\">Erdo\u011fan, \u201cmiting meydanlar\u0131nda siyasetin gerginle\u015fti\u011fi\u201d yorumuna kar\u015f\u0131l\u0131k ise &#8220;Ben pek \u00f6yle d\u00fc\u015f\u00fcnm\u00fcyorum, i\u015fin do\u011fas\u0131 bu&#8221; dedi.<\/p>\n<p style=\"text-align: justify;\"><a href=\"http:\/\/www.radikal.com.tr\/Radikal.aspx?aType=RadikalDetayV3&amp;ArticleID=1049255&amp;Date=14.05.2011&amp;CategoryID=78\" target=\"_blank\">Kaynak : Radikal.com.tr<\/a><\/p>\n","protected":false},"excerpt":{"rendered":"<p style=\"text-align: center;\">\n<p style=\"text-align: justify;\">Ba\u015fbakan Erdo\u011fan, kaset skandalar\u0131ndan dolay\u0131 &#8216;okyanus \u00f6tesini&#8217; g\u00f6steren MHP lideri Bah\u00e7eli&#8217;ye tepki g\u00f6sterdi: \u00c7ok \u00e7irkin bir \u015fey. Hocaefendi i\u015fi g\u00fcc\u00fc b\u0131rakm\u0131\u015f da Bah\u00e7eli ile mi u\u011fra\u015facak?<\/p>\n<p style=\"text-align: justify;\">\u0130STANBUL &#8211; Ba\u015fbakan Recep Tayyip Erdo\u011fan, H\u00fcrriyet gazetesi Ankara temsilcisi Metehan Demir\u2019e a\u00e7\u0131klamalarda bulundu. Erdo\u011fan, MHP Genel Ba\u015fkan\u0131 Devlet Bah\u00e7eli\u2019nin ABD&#8217;de ya\u015fayan <\/p>\n","protected":false},"author":1,"featured_media":0,"comment_status":"open","ping_status":"closed","sticky":false,"template":"","format":"standard","meta":{"footnotes":""},"categories":[105],"tags":[],"class_list":["post-32635","post","type-post","status-publish","format-standard","hentry","category-gundem","odd"],"_links":{"self":[{"href":"http:\/\/www.korhanyilmaz.com\/index.php?rest_route=\/wp\/v2\/posts\/32635","targetHints":{"allow":["GET"]}}],"collection":[{"href":"http:\/\/www.korhanyilmaz.com\/index.php?rest_route=\/wp\/v2\/posts"}],"about":[{"href":"http:\/\/www.korhanyilmaz.com\/index.php?rest_route=\/wp\/v2\/types\/post"}],"author":[{"embeddable":true,"href":"http:\/\/www.korhanyilmaz.com\/index.php?rest_route=\/wp\/v2\/users\/1"}],"replies":[{"embeddable":true,"href":"http:\/\/www.korhanyilmaz.com\/index.php?rest_route=%2Fwp%2Fv2%2Fcomments&post=32635"}],"version-history":[{"count":0,"href":"http:\/\/www.korhanyilmaz.com\/index.php?rest_route=\/wp\/v2\/posts\/32635\/revisions"}],"wp:attachment":[{"href":"http:\/\/www.korhanyilmaz.com\/index.php?rest_route=%2Fwp%2Fv2%2Fmedia&parent=32635"}],"wp:term":[{"taxonomy":"category","embeddable":true,"href":"http:\/\/www.korhanyilmaz.com\/index.php?rest_route=%2Fwp%2Fv2%2Fcategories&post=32635"},{"taxonomy":"post_tag","embeddable":true,"href":"http:\/\/www.korhanyilmaz.com\/index.php?rest_route=%2Fwp%2Fv2%2Ftags&post=32635"}],"curies":[{"name":"wp","href":"https:\/\/api.w.org\/{rel}","templated":true}]}}