{"id":32630,"date":"2011-05-14T09:55:21","date_gmt":"2011-05-14T06:55:21","guid":{"rendered":"http:\/\/www.korhanyilmaz.com\/?p=32630"},"modified":"2011-05-14T09:55:21","modified_gmt":"2011-05-14T06:55:21","slug":"kadin-da-koyarlar","status":"publish","type":"post","link":"http:\/\/www.korhanyilmaz.com\/?p=32630","title":{"rendered":"Kad\u0131n da koyarlar"},"content":{"rendered":"<p style=\"text-align: justify;\"><a href=\"http:\/\/www.korhanyilmaz.com\/wp-content\/uploads\/2011\/05\/163.jpg\"  class=\"lightview\"><img loading=\"lazy\" decoding=\"async\" class=\"aligncenter size-full wp-image-32631\" src=\"http:\/\/www.korhanyilmaz.com\/wp-content\/uploads\/2011\/05\/163.jpg\" alt=\"\" width=\"414\" height=\"220\" \/><\/a><\/p>\n<p style=\"text-align: justify;\">Devlet Bakan\u0131 Hayati Yaz\u0131c\u0131\u2019yla ilgili mail i\u00e7in konu\u015fan Ba\u015fbakan Erdo\u011fan, \u201cHerkesle ilgili b\u00f6yle bir oyun yap\u0131labilir, mail at\u0131labilir. \u0130stihbarat birimleri \u015fu anda ara\u015ft\u0131r\u0131yor.<\/p>\n<p style=\"text-align: justify;\">Ger\u00e7ek ortaya \u00e7\u0131k\u0131nca a\u00e7\u0131klayaca\u011f\u0131z. \u0130nternet d\u00fcnyas\u0131 namuslu insanlar\u0131 montajlarla peri\u015fan edebilir. Allah korusun, \u2018facebook\u2019ta ad\u0131n\u0131za hesap a\u00e7arlar, yan\u0131na iki de kad\u0131n resmi koyarlar. Rezil ederler\u201d dedi.<!--more--><\/p>\n<p style=\"text-align: justify;\">Ba\u015fbakan Tayyip Erdo\u011fan, MHP Genel Ba\u015fkan\u0131 Devlet Bah\u00e7eli\u2019nin, Fethullah G\u00fclen hakk\u0131ndaki s\u00f6zlerine, \u201cBah\u00e7eli\u2019nin, G\u00fclen Hocaefendi ile ilgili s\u00f6zlerini ihanet derecesinde, k\u0131n\u0131yorum\u201d dedi. Erdo\u011fan, CHP Genel Ba\u015fkan\u0131 Kemal K\u0131l\u0131\u00e7daro\u011flu i\u00e7in de \u201cY\u00fcz\u00fc k\u0131zarmadan \u00e7ok kolay yalan s\u00f6yleyebiliyor. Deniz Baykal m\u0131, o mu k\u0131yas\u0131na girmem. Ama CHP\u2019de kendisi bir umut olarak partinin ba\u015f\u0131na ge\u00e7mi\u015fti. G\u00fcn ge\u00e7tik\u00e7e umut olmaktan \u00e7\u0131kt\u0131\u011f\u0131 g\u00f6r\u00fcl\u00fcyor\u201d yorumunu yapt\u0131. Bal\u0131kesir ve Yalova mitinginde, \u00fc\u00e7 gazeteciyi misafir eden Ba\u015fbakan, \u0130stanbul\u2019a d\u00f6nerken OBA helikopterinde sorular\u0131 \u015f\u00f6yle yan\u0131tlad\u0131:<\/p>\n<p style=\"text-align: justify;\"><strong>&#8211; Rakip olarak Baykal m\u0131 ve K\u0131l\u0131\u00e7daro\u011flu mu zorluyor?<\/strong><\/p>\n<p style=\"text-align: justify;\">CHP\u2019de Kemal K\u0131l\u0131\u00e7daro\u011flu bir umut olarak partinin ba\u015f\u0131na ge\u00e7mi\u015fti. G\u00fcn ge\u00e7tik\u00e7e umut olmaktan \u00e7\u0131kt\u0131\u011f\u0131 g\u00f6r\u00fcl\u00fcyor. Yalanlar\u0131 fazla. Y\u00fcz\u00fc hi\u00e7 k\u0131zarm\u0131yor. \u0130ftira at\u0131yor. S\u00fcrekli bizimle ilgili yolsuzluklardan s\u00f6z ediyor. Bir tanesinin belgesi yok. Ortada bir tane belge yok. Sadece at\u0131yor. Ya tutarsa diye.<\/p>\n<p style=\"text-align: justify;\"><strong>\u0130hanet derecesinde<\/strong><\/p>\n<p style=\"text-align: justify;\"><strong>&#8211; Bah\u00e7eli, Fethullah G\u00fclen\u2019le ilgili \u00e7ok a\u011f\u0131r \u00e7\u0131k\u0131\u015flarda bulunuyor, ne diyorsunuz?<\/strong><\/p>\n<p style=\"text-align: justify;\">MHP\u2019nin bir defa Hocaefendi\u2019ye sald\u0131r\u0131s\u0131 ger\u00e7ekten bana g\u00f6re ihanet derecesindedir. \u00c7ok \u00e7irkin bir \u015fey. Hocaefendi i\u015fi g\u00fcc\u00fc b\u0131rakm\u0131\u015f da Bah\u00e7eli ile mi u\u011fra\u015facak? Bir defa onun bulundu\u011fu makam, me\u015fgalesi b\u00f6yle bir \u015feye m\u00fcsaade etmez. \u00c7ok \u00e7irkin, \u00e7ok ay\u0131p. Ben bunu ihanet derecesinde k\u0131n\u0131yorum. Burada Bah\u00e7eli\u2019nin kendisini \u00e7ek etmesi, kendiyle u\u011fra\u015fmas\u0131 laz\u0131m. Ben inan\u0131yorum ki akl\u0131selim sahibi \u00fclk\u00fcc\u00fc karde\u015flerim de bunun bu yapt\u0131klar\u0131ndan ciddi manada rahats\u0131zlar. B\u00f6yle bir yakla\u015f\u0131m olmaz. \u0130hanet derecesinde.<\/p>\n<p style=\"text-align: justify;\"><strong>&#8211; MHP baraj\u0131 a\u015fabilir mi?<\/strong><\/p>\n<p style=\"text-align: justify;\">O sorunum de\u011fil. 12 Haziran ak\u015fam\u0131 g\u00f6rece\u011fiz. Anketlerde baraj\u0131n hemen \u00fcst\u00fcnde de g\u00f6r\u00fcn\u00fcyor, baraj alt\u0131nda da. Biz kendimize bak\u0131yoruz.<\/p>\n<p style=\"text-align: justify;\"><strong>Demirel, \u00d6zal\u2019a neler dedi <\/strong><\/p>\n<p style=\"text-align: justify;\"><strong>&#8211; Meydanlarda siyaset gerginle\u015fiyor ne diyorsunuz?<\/strong><\/p>\n<p style=\"text-align: justify;\">Ben pek \u00f6yle d\u00fc\u015f\u00fcnm\u00fcyorum. \u0130\u015fin do\u011fas\u0131 bu. Siyasetin genlerinde de bu var. Ben hi\u00e7bir zaman yumu\u015fak yap\u0131ld\u0131\u011f\u0131n\u0131 g\u00f6rmedim. S\u00fcleyman Demirel yak\u0131n arkada\u015f\u0131 Turgut \u00d6zal\u2019a neler yapt\u0131, neler s\u00f6yledi. \u00c7ankaya\u2019dan indirece\u011fim dedi.<\/p>\n<p style=\"text-align: justify;\"><strong>&#8211; Devlet Bakan\u0131 Yaz\u0131c\u0131\u2019n\u0131n ye\u011feni i\u00e7in \u00d6SYM Ba\u015fkan\u0131na mail g\u00f6nderdi\u011fi iddialar\u0131 da vard\u0131?<\/strong><\/p>\n<p style=\"text-align: justify;\">Herkesle ilgili b\u00f6yle bir oyun yap\u0131labilir, mail at\u0131labilir. \u0130stihbarat birimleri \u015fu anda ara\u015ft\u0131r\u0131yor. Ger\u00e7ek ortaya \u00e7\u0131k\u0131nca a\u00e7\u0131klayaca\u011f\u0131z. \u0130nternet d\u00fcnyas\u0131 namuslu insanlar\u0131 montajlarla peri\u015fan edebilir. Allah korusun, \u2018facebook\u2019ta ad\u0131n\u0131za hesap a\u00e7arlar, yan\u0131na iki de kad\u0131n resmi koyarlar. Rezil ederler. Bu konular \u00e7ok pis i\u015fleri de beraberinde getiriyor. Eski CHP Genel Ba\u015fkan\u0131 Deniz Baykal\u2019\u0131n g\u00f6r\u00fcnt\u00fcleri internete d\u00fc\u015ft\u00fc\u011f\u00fcnde de Ula\u015ft\u0131rma Bakan\u0131\u2019na talimat verdim. Ayn\u0131 hassasiyetle, T\u0130B de MHP\u2019lilerle ilgili g\u00f6r\u00fcnt\u00fclere an\u0131nda m\u00fcdahale etti.<\/p>\n<p style=\"text-align: justify;\"><strong>Kara tahtalar kalkacak<\/strong><\/p>\n<p style=\"text-align: justify;\">Mitinglerde dile getirdi\u011fi \u201ce-kitap projesi\u201d hakk\u0131nda bilgi veren ve \u00f6rnek cihaz\u0131 g\u00f6steren Erdo\u011fan, \u201cE\u011fitimde devrim yapaca\u011f\u0131z, kara tahtalar kalkacak, elektronik kitap uygulamas\u0131na ge\u00e7ece\u011fiz. Bu proje \u015fu an sadece ABD ve Japonya\u2019da uygulan\u0131yor\u201d dedi. Ba\u015fbakan, genel olarak bug\u00fcne dek mitinglerdeki havadan da \u00e7ok memnun oldu\u011funu ve bunun t\u00fcm yorgunlu\u011funu ald\u0131\u011f\u0131n\u0131 s\u00f6yledi. ( Haber Metehan DEM\u0130R \/ H\u00fcrriyet )<\/p>\n<p style=\"text-align: justify;\"><a href=\"http:\/\/www.gazeteport.com.tr\/SIYASET\/NEWS\/GP_904485\" target=\"_blank\">Kaynak : GAZETEPORT<\/a><\/p>\n","protected":false},"excerpt":{"rendered":"<p style=\"text-align: justify;\">\n<p style=\"text-align: justify;\">Devlet Bakan\u0131 Hayati Yaz\u0131c\u0131\u2019yla ilgili mail i\u00e7in konu\u015fan Ba\u015fbakan Erdo\u011fan, \u201cHerkesle ilgili b\u00f6yle bir oyun yap\u0131labilir, mail at\u0131labilir. \u0130stihbarat birimleri \u015fu anda ara\u015ft\u0131r\u0131yor.<\/p>\n<p style=\"text-align: justify;\">Ger\u00e7ek ortaya \u00e7\u0131k\u0131nca a\u00e7\u0131klayaca\u011f\u0131z. \u0130nternet d\u00fcnyas\u0131 namuslu insanlar\u0131 montajlarla peri\u015fan edebilir. Allah korusun, \u2018facebook\u2019ta ad\u0131n\u0131za hesap a\u00e7arlar, yan\u0131na iki de kad\u0131n resmi koyarlar. Rezil ederler\u201d <\/p>\n","protected":false},"author":1,"featured_media":0,"comment_status":"open","ping_status":"closed","sticky":false,"template":"","format":"standard","meta":{"footnotes":""},"categories":[105],"tags":[],"class_list":["post-32630","post","type-post","status-publish","format-standard","hentry","category-gundem","odd"],"_links":{"self":[{"href":"http:\/\/www.korhanyilmaz.com\/index.php?rest_route=\/wp\/v2\/posts\/32630","targetHints":{"allow":["GET"]}}],"collection":[{"href":"http:\/\/www.korhanyilmaz.com\/index.php?rest_route=\/wp\/v2\/posts"}],"about":[{"href":"http:\/\/www.korhanyilmaz.com\/index.php?rest_route=\/wp\/v2\/types\/post"}],"author":[{"embeddable":true,"href":"http:\/\/www.korhanyilmaz.com\/index.php?rest_route=\/wp\/v2\/users\/1"}],"replies":[{"embeddable":true,"href":"http:\/\/www.korhanyilmaz.com\/index.php?rest_route=%2Fwp%2Fv2%2Fcomments&post=32630"}],"version-history":[{"count":0,"href":"http:\/\/www.korhanyilmaz.com\/index.php?rest_route=\/wp\/v2\/posts\/32630\/revisions"}],"wp:attachment":[{"href":"http:\/\/www.korhanyilmaz.com\/index.php?rest_route=%2Fwp%2Fv2%2Fmedia&parent=32630"}],"wp:term":[{"taxonomy":"category","embeddable":true,"href":"http:\/\/www.korhanyilmaz.com\/index.php?rest_route=%2Fwp%2Fv2%2Fcategories&post=32630"},{"taxonomy":"post_tag","embeddable":true,"href":"http:\/\/www.korhanyilmaz.com\/index.php?rest_route=%2Fwp%2Fv2%2Ftags&post=32630"}],"curies":[{"name":"wp","href":"https:\/\/api.w.org\/{rel}","templated":true}]}}