{"id":32626,"date":"2011-05-13T13:16:43","date_gmt":"2011-05-13T10:16:43","guid":{"rendered":"http:\/\/www.korhanyilmaz.com\/?p=32626"},"modified":"2011-05-13T13:16:43","modified_gmt":"2011-05-13T10:16:43","slug":"%e2%80%98askerler-artik-kose-kapmaca-oynamiyor-topuk-selami-veriyor%e2%80%99","status":"publish","type":"post","link":"http:\/\/www.korhanyilmaz.com\/?p=32626","title":{"rendered":"\u2018Askerler art\u0131k k\u00f6\u015fe kapmaca oynam\u0131yor, topuk selam\u0131 veriyor\u2019"},"content":{"rendered":"<p style=\"text-align: center;\"><a href=\"http:\/\/www.korhanyilmaz.com\/wp-content\/uploads\/2011\/05\/162.jpg\"  class=\"lightview\"><img loading=\"lazy\" decoding=\"async\" class=\"aligncenter size-full wp-image-32627\" src=\"http:\/\/www.korhanyilmaz.com\/wp-content\/uploads\/2011\/05\/162.jpg\" alt=\"\" width=\"420\" height=\"210\" \/><\/a><\/p>\n<p style=\"text-align: justify;\">Ba\u015fbakan Yard\u0131mc\u0131s\u0131 Ar\u0131n\u00e7, Cumhurba\u015fkan\u0131 G\u00fcl\u2019e selam vermeyen, e\u015finin elini s\u0131kmayan askerlerin art\u0131k topuk selam\u0131 verdi\u011fini s\u00f6yledi. E-muht\u0131ray\u0131 \u00f6rnek veren Ar\u0131n\u00e7, \u201c28 Nisan sabah\u0131 derslerini ald\u0131lar\u201d dedi.<!--more--><\/p>\n<p style=\"text-align: justify;\">Ba\u015fbakan Yard\u0131mc\u0131s\u0131 B\u00fclent Ar\u0131n\u00e7, Bursa Giri\u015fimci \u0130\u015fadamlar\u0131 Derne\u011fi \u0130neg\u00f6l \u015eubesi taraf\u0131ndan d\u00fczenlenen \u20192023 Y\u0131l\u0131nda Nas\u0131l Bir T\u00fcrkiye\u201d konulu yemekli toplant\u0131da asker-siyaset ili\u015fkisi konusunda ilgin\u00e7 a\u00e7\u0131klamalarda bulundu. T\u00fcrkiye\u2019nin yak\u0131n tarihinden \u00f6rnekler veren Ar\u0131n\u00e7 \u015funlar\u0131 s\u00f6yledi:<\/p>\n<p style=\"text-align: justify;\"><strong>SEN K\u0130MS\u0130N BE<\/strong><\/p>\n<p style=\"text-align: justify;\">Cumhurba\u015fkan\u0131 se\u00e7imlerinde Abdullah G\u00fcl\u2019\u00fc aday g\u00f6sterdik. 300\u2019den fazla milletvekilimiz var. Ortal\u0131\u011f\u0131 birbirine katt\u0131lar. \u2019Efendim Milli G\u00f6r\u00fc\u015f gelene\u011finden geliyor, Cumhurba\u015fkan\u0131 olmaz\u2019, \u2019Nerede yaz\u0131yor bu\u2019, \u2019Yazm\u0131yor ama ben \u00f6yle s\u00f6yl\u00fcyorum\u2019, \u2019E\u015finin ba\u015f\u0131 \u00f6rt\u00fcl\u00fc cumhurba\u015fkan\u0131 olamaz\u2019, \u2019Nerede yaz\u0131yor bu?\u2019, \u2019Yazm\u0131yor ama ben \u00f6yle s\u00f6yl\u00fcyorum&#8230;\u2019 Sen kimsin be sen kimsin?<\/p>\n<p style=\"text-align: justify;\"><strong>DARBEC\u0130L\u0130K SEVDASI<\/strong><\/p>\n<p style=\"text-align: justify;\">Sonunda i\u015fin 27 Nisan ak\u015fam\u0131 bir bildiriye kadar vard\u0131. \u2018S\u00f6zde de\u011fil \u00f6zde laik olanlar se\u00e7ilmeli, biz b\u00f6ylesine kar\u015f\u0131y\u0131z, biz bunu istemiyoruz. Cumhuriyete, rejime sahip \u00e7\u0131kmas\u0131n\u0131 biliriz&#8230;\u2019 Ooo bildik laflar depre\u015fti yine darbecilik sevdas\u0131. Cumhurba\u015fkanl\u0131\u011f\u0131 se\u00e7iminde 27 Nisan ak\u015fam\u0131 bize aba alt\u0131ndan sopa g\u00f6steriyorlar, \u2019Siz bunu se\u00e7emezsiniz.\u2019 San\u0131yorlar biz korkup ka\u00e7aca\u011f\u0131z.<\/p>\n<p style=\"text-align: justify;\"><strong>DERSLER\u0130N\u0130 ALDILAR<\/strong><\/p>\n<p style=\"text-align: justify;\">Ge\u00e7mi\u015fte bunun \u00f6rnekleri var. \u015eapkas\u0131n\u0131 zor kurtard\u0131 birileri. Ka\u00e7arken ilk kurtar\u0131lacak \u015fapka, onu ald\u0131 ka\u00e7t\u0131. Eskiden devlet dairelerinde dolaplar\u0131n \u00fczerine ka\u011f\u0131t yap\u0131\u015ft\u0131r\u0131rlar kasalar\u0131n \u00fczerine, \u2019yang\u0131nda ilk kurtar\u0131lacak\u2019 diye. Baban\u0131n da en k\u0131ymetli \u015feyi \u015fapkas\u0131, ald\u0131 gitti. Sordular \u2019neden gittin?\u2019, \u2019Ne yapacakt\u0131m yani, elbette \u015fapkam\u0131 al\u0131p gidecektim\u2019 dedi. Bizi de \u00f6yle sand\u0131lar. 28 Nisan sabah\u0131 derslerini ald\u0131lar.<\/p>\n<p style=\"text-align: justify;\"><strong>MEMURUMSUN<\/strong><\/p>\n<p style=\"text-align: justify;\">Sen benim emrimde memursun, anayasa babayasaya kar\u0131\u015fma. Cumhurba\u015fkan\u0131n\u0131 parlamento se\u00e7ecek, bu g\u00f6revini yapacak sen de oturdu\u011fun yerde oturacaks\u0131n. \u0130\u015f bitti cumhurba\u015fkan\u0131n\u0131 se\u00e7tik. 2007\u2019nin A\u011fustosu geldi. Ne garip \u015feyler. T\u00fcrkiye nelerle me\u015fgul? AK Parti\u2019nin, H\u00fck\u00fcmetin yapt\u0131klar\u0131n\u0131 \u00e7ocuklara ders olarak okutacaklar. T\u00fcrkiye\u2019nin demokratikle\u015fmesi, \u00f6zg\u00fcrle\u015fmesi konusunda neler yap\u0131ld\u0131, diye doktora tezleri haz\u0131rlayacaklar, mast\u0131rlar, y\u00fcksek lisans \u00e7al\u0131\u015fmalar\u0131 yapacaklar.<\/p>\n<p style=\"text-align: justify;\"><strong>ZAMB\u0130YA\u2019NIN BA\u015eKANI MI?<\/strong><\/p>\n<p style=\"text-align: justify;\">Se\u00e7imin ard\u0131ndan 30 A\u011fustos t\u00f6renleri s\u0131ras\u0131nda Cumhurba\u015fkan\u0131 G\u00fcl, G\u00fclhane Askeri T\u0131p Akademisi\u2019ne gitti. Cumhurba\u015fkan\u0131 bulundu\u011fu yerde selamlan\u0131r. \u2019Say\u0131n Cumhurba\u015fkan\u0131m\u2019 diye selamlan\u0131r. K\u00fcrs\u00fcye ge\u00e7ti, \u2018Say\u0131n cumhurba\u015fkan\u0131\u2019 dedi. Zambiya\u2019n\u0131n cumhurba\u015fkan\u0131ndan bahseder gibi, \u00fc\u00e7\u00fcnc\u00fc ki\u015fi.<\/p>\n<p style=\"text-align: justify;\"><strong>K\u00d6\u015eE KAPMACA<\/strong><\/p>\n<p style=\"text-align: justify;\">Yurt d\u0131\u015f\u0131na gitti arkas\u0131nda han\u0131mefendi var. U\u00e7aktan iniyorlar. S\u0131rayla herkesin elini s\u0131kacaklar. Bu tarafta de\u011ferli bir komutan var. Eski oyuncaklar\u0131 akl\u0131na geldi k\u00f6\u015fe kapmaca oynamaya ba\u015flad\u0131. Oradan buraya z\u0131plad\u0131, atlad\u0131, hoplad\u0131. Han\u0131mefendinin elini s\u0131kmaktan ka\u00e7\u0131yor. Aradan 3 y\u0131l ge\u00e7ti her \u015fey normalle\u015fti. Art\u0131k topuk selam\u0131 veren, \u2019Say\u0131n Cumhurba\u015fkan\u0131m\u2019 diye s\u00f6ze ba\u015fl\u0131yor. K\u00f6\u015fe kapmaca oynamaktan da vazge\u00e7tiler. \u015eimdi hepsi s\u0131rada. \u2019Han\u0131mefendi sayg\u0131lar sunuyorum, ho\u015fgeldiniz\u2019 diyorlar.<\/p>\n<p style=\"text-align: justify;\"><strong>TAYY\u0130P BEY\u2019\u0130N SABRI:<\/strong><\/p>\n<p style=\"text-align: justify;\">Bize d\u00fc\u015fen sab\u0131r. T\u00fcrkiye\u2019nin menfaati, hayr\u0131 i\u00e7in bize d\u00fc\u015fen sab\u0131rd\u0131r. Gelecek nesillerin daha \u00f6zg\u00fcr ya\u015famas\u0131 i\u00e7in bize d\u00fc\u015fen sab\u0131rd\u0131r. Ben daha sab\u0131rs\u0131z\u0131m ama Allah Tayyip Bey\u2019den raz\u0131 olsun. O sab\u0131r \u00f6rne\u011fi bir insan, Hazreti Ey\u00fcp gibi ma\u015fallah. Nelere sabrediyor bir bilseniz. Bir insan d\u00fc\u015f\u00fcn\u00fcn 22 saat ayakta. Millet i\u00e7in g\u00f6z\u00fcn\u00fc k\u0131rpmadan \u00e7al\u0131\u015f\u0131yor.<\/p>\n<p style=\"text-align: justify;\"><strong>E\u015fimi de\u011fi\u015ftirecek halim yok<\/strong><\/p>\n<p style=\"text-align: justify;\">Ar\u0131n\u00e7 konu\u015fmas\u0131nda TBMM Ba\u015fkan\u0131\u2019yken ya\u015fad\u0131\u011f\u0131 olaylardan da \u00f6rnekler verdi: Cumhurba\u015fkan\u0131 Sezer, han\u0131m\u0131yla yurt d\u0131\u015f\u0131na gidecek. \u00d6zel kalem m\u00fcd\u00fcr\u00fcne sordum; \u2019Cumhurba\u015fkan\u0131 giderken biz ne yap\u0131yoruz?\u2019, \u2019E\u015fiyle giderken e\u015fiyle u\u011furluyorsunuz, yaln\u0131z gidiyorsa yaln\u0131z u\u011furluyorsunuz.\u2019 Kimle gidiyor?\u2019, \u2019e\u015fiyle gidiyor\u2019, \u2019peki ne yapmam gerekli?\u2019 Bilmeyiz biz bu i\u015fleri, biz masum Anadolu \u00e7ocu\u011fuyuz, nereden bilelim protokol i\u015flerini. Dediler ki, \u2019Efendim e\u015finiz kuca\u011f\u0131na bir \u00e7i\u00e7ek alacak, giderken han\u0131mefendiye verecek, u\u011furlayacak.\u2019 Biz de seviniyoruz, Cumhurba\u015fkan\u0131 e\u015fini u\u011furlayaca\u011f\u0131z. Efendim han\u0131m\u0131 o g\u00fcn de\u011fi\u015ftirecek halim yok, \u00e7ift han\u0131m\u0131m yok, farkl\u0131 han\u0131m\u0131m yok, bir tane var. Bir \u00c7erkez k\u0131z\u0131, ba\u015f\u0131n\u0131 \u00f6rtm\u00fc\u015f. Cumhurba\u015fkan\u0131 e\u015fini u\u011furlayaca\u011f\u0131m diye ba\u015f\u0131n\u0131 a\u00e7acak hali yok. Bunu ne ben s\u00f6yleyebilirim ne kendisi kabul eder. Bu insanl\u0131k d\u0131\u015f\u0131 bir olay. Biz havaalan\u0131na gittik. Neredeyse ihtilal oldu. \u2019Nas\u0131l olur da kamusal alana Meclis Ba\u015fkan\u0131\u2019n\u0131n e\u015fi, ba\u015f\u0131nda \u00f6rt\u00fcyle gelir?\u2019 Ben de \u015fa\u015f\u0131rd\u0131m, bu d\u00fc\u015fmanl\u0131k neyin nesi. Kendimizi savunduk. Neresi kamusal alan? Havaalan\u0131na gelmi\u015f her insan\u0131n ba\u015f\u0131ndaki \u00f6rt\u00fcy\u00fc m\u00fc \u00e7\u0131kartt\u0131racaks\u0131n? Kamusal alan kamuya ait aland\u0131r, herkesin istifade edebilece\u011fi aland\u0131r. Anayasa\u2019n\u0131n ba\u015fka bir yerinde bir tarif mi var? E\u015fimin ba\u015f\u0131ndaki \u00f6rt\u00fcs\u00fcyle iftihar ediyorum ona uzanacak dilleri de lanetliyorum.\u201d<\/p>\n<p style=\"text-align: justify;\"><a href=\"http:\/\/haber.gazetevatan.com\/askerler-artik-kose-kapmaca-oynamiyor-topuk-selami-veriyor\/377150\/9\/Siyaset\" target=\"_blank\">Kaynak : VATAN Gazetesi<\/a><\/p>\n","protected":false},"excerpt":{"rendered":"<p style=\"text-align: center;\">\n<p style=\"text-align: justify;\">Ba\u015fbakan Yard\u0131mc\u0131s\u0131 Ar\u0131n\u00e7, Cumhurba\u015fkan\u0131 G\u00fcl\u2019e selam vermeyen, e\u015finin elini s\u0131kmayan askerlerin art\u0131k topuk selam\u0131 verdi\u011fini s\u00f6yledi. E-muht\u0131ray\u0131 \u00f6rnek veren Ar\u0131n\u00e7, \u201c28 Nisan sabah\u0131 derslerini ald\u0131lar\u201d dedi.<\/p>\n","protected":false},"author":1,"featured_media":0,"comment_status":"open","ping_status":"closed","sticky":false,"template":"","format":"standard","meta":{"footnotes":""},"categories":[105],"tags":[],"class_list":["post-32626","post","type-post","status-publish","format-standard","hentry","category-gundem","odd"],"_links":{"self":[{"href":"http:\/\/www.korhanyilmaz.com\/index.php?rest_route=\/wp\/v2\/posts\/32626","targetHints":{"allow":["GET"]}}],"collection":[{"href":"http:\/\/www.korhanyilmaz.com\/index.php?rest_route=\/wp\/v2\/posts"}],"about":[{"href":"http:\/\/www.korhanyilmaz.com\/index.php?rest_route=\/wp\/v2\/types\/post"}],"author":[{"embeddable":true,"href":"http:\/\/www.korhanyilmaz.com\/index.php?rest_route=\/wp\/v2\/users\/1"}],"replies":[{"embeddable":true,"href":"http:\/\/www.korhanyilmaz.com\/index.php?rest_route=%2Fwp%2Fv2%2Fcomments&post=32626"}],"version-history":[{"count":0,"href":"http:\/\/www.korhanyilmaz.com\/index.php?rest_route=\/wp\/v2\/posts\/32626\/revisions"}],"wp:attachment":[{"href":"http:\/\/www.korhanyilmaz.com\/index.php?rest_route=%2Fwp%2Fv2%2Fmedia&parent=32626"}],"wp:term":[{"taxonomy":"category","embeddable":true,"href":"http:\/\/www.korhanyilmaz.com\/index.php?rest_route=%2Fwp%2Fv2%2Fcategories&post=32626"},{"taxonomy":"post_tag","embeddable":true,"href":"http:\/\/www.korhanyilmaz.com\/index.php?rest_route=%2Fwp%2Fv2%2Ftags&post=32626"}],"curies":[{"name":"wp","href":"https:\/\/api.w.org\/{rel}","templated":true}]}}