{"id":32616,"date":"2011-05-13T15:13:27","date_gmt":"2011-05-13T12:13:27","guid":{"rendered":"http:\/\/www.korhanyilmaz.com\/?p=32616"},"modified":"2011-05-13T15:13:27","modified_gmt":"2011-05-13T12:13:27","slug":"ahlakli-bir-adamsa-o-olayin-tamamini-aciklar","status":"publish","type":"post","link":"http:\/\/www.korhanyilmaz.com\/?p=32616","title":{"rendered":"&#8220;Ahlakl\u0131 bir adamsa o olay\u0131n tamam\u0131n\u0131 a\u00e7\u0131klar&#8221;"},"content":{"rendered":"<p style=\"text-align: justify;\"><a href=\"http:\/\/www.korhanyilmaz.com\/wp-content\/uploads\/2011\/05\/160.jpg\"  class=\"lightview\"><img loading=\"lazy\" decoding=\"async\" class=\"aligncenter size-full wp-image-32617\" src=\"http:\/\/www.korhanyilmaz.com\/wp-content\/uploads\/2011\/05\/160.jpg\" alt=\"\" width=\"384\" height=\"198\" \/><\/a><\/p>\n<p style=\"text-align: justify;\">CHP lideri K\u0131l\u0131\u00e7daro\u011flu, Ba\u015fbakan Erdo\u011fan&#8217;\u0131n SSK M\u00fcd\u00fcr\u00fc oldu\u011fu d\u00f6nemle ilgili belgeler g\u00f6stererek kendisini su\u00e7lamas\u0131na &#8220;D\u00fcr\u00fcst ve ahlakl\u0131 bir adamsa o olay\u0131n tamam\u0131n\u0131 a\u00e7\u0131klar. Bu olay 2 sayfa, birinci sayfas\u0131n\u0131 niye a\u00e7\u0131klam\u0131yor, niye gizliyor? \u00c7\u00fcnk\u00fc birinci sayfay\u0131 da a\u00e7\u0131klad\u0131\u011f\u0131 zaman yalan\u0131 ortaya \u00e7\u0131kacak&#8221; dedi.<!--more--><\/p>\n<p style=\"text-align: justify;\">CHP lideri, K\u00fctahya mitinginde de yolsuzluk yapt\u0131klar\u0131n\u0131 iddia etti\u011fi ve Ba\u015fbakan&#8217;\u0131n aday listesine almad\u0131\u011f\u0131 isimleri tek tek sayd\u0131.<\/p>\n<p style=\"text-align: justify;\">KAYSER\u0130- CHP Genel Ba\u015fkan\u0131 Kemal K\u0131l\u0131\u00e7daro\u011flu, Ba\u015fbakan Recep Tayyip Erdo\u011fan&#8217;\u0131n, kendisinin SSK Genel M\u00fcd\u00fcrl\u00fc\u011f\u00fc d\u00f6nemiyle ilgili a\u00e7\u0131klad\u0131\u011f\u0131 belgeye ili\u015fkin olarak, &#8221;D\u00fcr\u00fcst ve ahlakl\u0131 adamsa o olay\u0131n tamam\u0131n\u0131 a\u00e7\u0131klar. Bu olay iki sayfa, birinci sayfas\u0131n\u0131 niye a\u00e7\u0131klam\u0131yor, niye gizliyor? Birinci sayfay\u0131 a\u00e7\u0131klad\u0131\u011f\u0131 zaman yalan\u0131 ortaya \u00e7\u0131kacak&#8221; dedi.<\/p>\n<p style=\"text-align: justify;\">K\u0131l\u0131\u00e7daro\u011flu, se\u00e7im \u00e7al\u0131\u015fmalar\u0131 kapsam\u0131nda Kayseri&#8217;nin baz\u0131 il\u00e7elerine giderken parti otob\u00fcs\u00fcnde gazetecilerin g\u00fcndeme ili\u015fkin sorular\u0131n\u0131 yan\u0131tlad\u0131.<\/p>\n<p style=\"text-align: justify;\">Ba\u015fbakan Erdo\u011fan&#8217;\u0131n, kendisinin SSK Genel M\u00fcd\u00fcrl\u00fc\u011f\u00fc d\u00f6nemiyle ilgili olarak a\u00e7\u0131klad\u0131\u011f\u0131 belgeyle ilgili soru \u00fczerine K\u0131l\u0131\u00e7daro\u011flu, \u015f\u00f6yle konu\u015ftu:<\/p>\n<p style=\"text-align: justify;\">&#8221;D\u00fcr\u00fcst ve ahlakl\u0131 adamsa o olay\u0131n tamam\u0131n\u0131 a\u00e7\u0131klar. Bu olay iki sayfa, birinci sayfas\u0131n\u0131 niye a\u00e7\u0131klam\u0131yor, niye gizliyor? Birinci sayfay\u0131 a\u00e7\u0131klad\u0131\u011f\u0131 zaman yalan\u0131 ortaya \u00e7\u0131kacak. Kendisini davet ediyorum. O kadar a\u011f\u0131r konu\u015fuyorum diyordu ya. Birinci sayfas\u0131n\u0131 a\u00e7\u0131klars\u0131n, benden de yan\u0131t\u0131n\u0131 al\u0131rs\u0131n. Ondan bir yan\u0131t bekliyorum.<\/p>\n<p style=\"text-align: justify;\">O belgenin birinci sayfas\u0131n\u0131 a\u00e7\u0131klarsa, \u00d6SYM&#8217;de yap\u0131lan g\u00f6r\u00fc\u015fmeler orada var. (Bizim s\u0131nav yapacak takvimimiz uygun de\u011fil) diye yaz\u0131\u015fmalar var. Onlar\u0131n b\u00fct\u00fcn ayr\u0131nt\u0131lar\u0131 vard\u0131r, ama ba\u015fbakan bunu a\u00e7\u0131klayam\u0131yor, a\u00e7\u0131klayamaz da. A\u00e7\u0131klas\u0131n onunla hesapla\u015faca\u011f\u0131z.&#8221;<\/p>\n<p style=\"text-align: justify;\">Kendisinin de Ba\u015fbakan Erdo\u011fan&#8217;dan bir a\u00e7\u0131klama bekledi\u011fini ifade eden K\u0131l\u0131\u00e7daro\u011flu, &#8221;Ad\u0131 yolsuzlu\u011fa kar\u0131\u015fm\u0131\u015f, milletvekili listelerinde yer almayan, senin bildi\u011fin ama bir \u015fey yap\u0131p yapmad\u0131\u011f\u0131n\u0131 bizim bilmedi\u011fimiz bakan ve milletvekillerinin ismini a\u00e7\u0131kla&#8221; dedi.<\/p>\n<p style=\"text-align: justify;\"><strong>HAYAT\u0130 YAZICI&#8217;YA SERT G\u00d6NDERME<\/strong><\/p>\n<p style=\"text-align: justify;\">Devlet Bakan\u0131 Hayati Yaz\u0131c\u0131 ad\u0131yla \u00d6SYM&#8217;ye g\u00f6nderildi\u011fi iddia edilen &#8220;torpil&#8221; maili konusundaki sorular \u00fczerine K\u0131l\u0131\u00e7daro\u011flu, Ba\u015fbakan Erdo\u011fan&#8217;\u0131n isim a\u00e7\u0131klamalar\u0131n\u0131 istedi\u011fini belirterek, kendilerinin a\u00e7\u0131klamas\u0131na gerek kalmadan Bakan Yaz\u0131c\u0131&#8217;n\u0131n a\u00e7\u0131klama yapt\u0131\u011f\u0131n\u0131 s\u00f6yledi.<\/p>\n<p style=\"text-align: justify;\">Bu konuyla ilgili de yan\u0131t bekledikleri sorular oldu\u011funu ifade eden K\u0131l\u0131\u00e7daro\u011flu, \u015funlar\u0131 s\u00f6yledi:<\/p>\n<p style=\"text-align: justify;\">&#8221;Orada benim merak etti\u011fim nokta \u015fu; bu mail gittikten sonra \u00d6SYM Ba\u015fkan\u0131 ne yapt\u0131, bakan\u0131 arad\u0131 m\u0131? (Say\u0131n bakan mailiniz geldi bu do\u011fru mudur, yanl\u0131\u015f m\u0131d\u0131r) dedi mi? O mail ba\u015fka yerlere gitti mi? Hayati Yaz\u0131c\u0131, benim bu olay\u0131 g\u00fcndeme getirmemden sonra ni\u00e7in su\u00e7 duyurusunda bulundu? Bunun bir CHP komplosu oldu\u011fu \u015feklinde a\u00e7\u0131klama yapt\u0131. Sen h\u00fck\u00fcmetsin, ortaya \u00e7\u0131karmak i\u00e7in 15 dakika ay\u0131rman yeter. Bunu ortaya \u00e7\u0131karm\u0131yorsan bu komplonun par\u00e7as\u0131s\u0131n. Mailin hangi bilgisayardan geldi\u011fi belli, kime gitti\u011fi belli. B\u00fcy\u00fck olas\u0131l\u0131kla, bu arada yap\u0131lan telefon konu\u015fmalar\u0131 da var. Onlar\u0131 da a\u00e7\u0131klamalar\u0131 laz\u0131m. Ayr\u0131ca, Ankara Cumhuriyet Ba\u015fsavc\u0131l\u0131\u011f\u0131na \u00e7a\u011fr\u0131m var, bu olay\u0131 daha ciddi \u015fekilde ara\u015ft\u0131rs\u0131nlar. Ben bakan olaca\u011f\u0131m, benim ad\u0131m\u0131 birisi kullanacak ve g\u00f6z yumaca\u011f\u0131m&#8230; Ne zaman ki, bu olay\u0131 biri g\u00fcndeme getirdi. Ondan sonra kalk\u0131p, aslan gibi k\u00fckreyece\u011fim (ben bunu yapmad\u0131m) diye&#8230; Daha \u00f6nce senin haberin olmas\u0131 laz\u0131m.&#8221;<\/p>\n<p style=\"text-align: justify;\"><strong>ERDO\u011eAN&#8217;IN SSK \u0130DD\u0130ALARINA TUTANAKLI CEVAP<\/strong><\/p>\n<p style=\"text-align: justify;\">Gazetecilerin Ba\u015fbakan Erdo\u011fan&#8217;\u0131n, SSK Genel M\u00fcd\u00fcrl\u00fc\u011f\u00fc d\u00f6neminde yak\u0131nlar\u0131n\u0131 SSK&#8217;da i\u015fe yerle\u015ftirdi\u011fi y\u00f6n\u00fcndeki iddialar\u0131 bulundu\u011funu da hat\u0131rlatmalar\u0131 \u00fczerine K\u0131l\u0131\u00e7daro\u011flu, bunlar\u0131n eski iddialar oldu\u011funu, genel m\u00fcd\u00fcr oldu\u011fu d\u00f6nemde de bunlar\u0131n g\u00fcndeme getirildi\u011fini ve iddialara ili\u015fkin a\u00e7\u0131klamas\u0131n\u0131n K\u0130T Komisyonu tutanaklar\u0131nda yer ald\u0131\u011f\u0131n\u0131 kaydetti.<\/p>\n<p style=\"text-align: justify;\">K\u0131l\u0131\u00e7daro\u011flu, s\u00f6zlerini \u015f\u00f6yle tamamlad\u0131:<\/p>\n<p style=\"text-align: justify;\">&#8221;65 bin ki\u015filik SSK&#8217;da bir \u015fube m\u00fcd\u00fcr\u00fc, \u015fef, daire ba\u015fkan\u0131, genel m\u00fcd\u00fcr yard\u0131mc\u0131s\u0131 akrabam olarak atad\u0131\u011f\u0131m, belli bir yere getirdi\u011fim ki\u015fi varsa ad\u0131n\u0131 a\u00e7\u0131klas\u0131nlar. 65 bin ki\u015filik kurumda, ben genel m\u00fcd\u00fcr olmadan \u00f6nce de akrabalar\u0131m, yak\u0131nlar\u0131m vard\u0131. Genel m\u00fcd\u00fcr olduktan sonra da vard\u0131. Buna itiraz etmiyorum. Maliye Bakanl\u0131\u011f\u0131nda da, Adalet Bakanl\u0131\u011f\u0131nda da benim akrabalar\u0131m var. Akrabalar\u0131m\u0131n bir yere s\u0131navla girmeleri su\u00e7 mu? S\u0131navda bir yolsuzluk varsa hay hay ba\u015f\u0131m\u0131n \u00fcst\u00fcne. Hi\u00e7bir sorun yok. Ba\u015fbakan&#8217;a \u00e7a\u011fr\u0131 yapt\u0131m. Gel beraber sosyal g\u00fcvenli\u011fi konu\u015fal\u0131m. B\u00fct\u00fcn bunlar\u0131 da konu\u015fal\u0131m. Haz\u0131r\u0131m ben.&#8221;<\/p>\n<p style=\"text-align: justify;\"><strong>YOLSUZLUK \u0130DD\u0130ASI<\/strong><\/p>\n<p style=\"text-align: justify;\">CHP lideri, K\u00fctahya mitinginde de yolsuzluk yapt\u0131klar\u0131n\u0131 iddia etti\u011fi ve Ba\u015fbakan&#8217;\u0131n aday listesine almad\u0131\u011f\u0131 isimleri tek tek sayd\u0131.<\/p>\n<p style=\"text-align: justify;\">&#8221;\u0130\u015fsizlik alm\u0131\u015f ba\u015f\u0131n\u0131 gidiyor. Halka do\u011frular s\u00f6ylenmiyor. Halk aldat\u0131lamaya \u00e7al\u0131\u015f\u0131l\u0131yor&#8221; diyen K\u0131l\u0131\u00e7daro\u011flu, s\u00f6zlerini \u015f\u00f6yle s\u00fcrd\u00fcrd\u00fc:<\/p>\n<p style=\"text-align: justify;\">&#8221;\u00d6n\u00fcnde, sa\u011f\u0131mda ve de solumda camlar yok. Camlara bak\u0131p konu\u015fmuyorum. Camdan de\u011fil insan gibi candan konu\u015fuyorum. Beyefendinin \u00f6n\u00fcne iki tane cam koyuyorlar. Metinler camdan ge\u00e7iyor. Bir oraya bak\u0131yor, bir buraya bak\u0131yor, konu\u015fuyor. Demirel, buna &#8216;fikir fukaras\u0131&#8217; demi\u015fti. Demirel bir tarih&#8230; Fikir fukaras\u0131 olan adama ben ne s\u00f6yleyeyim Allah a\u015fk\u0131na? Gitti Zonguldak&#8217;a milletin g\u00f6z\u00fcn\u00fcn i\u00e7ine baka baka &#8216;Karaelmas \u00dcniversitesini biz kurduk&#8217; dedi. Yahu insanda biraz vicdan olur. 1992 kurulan bir \u00fcniversiteyi Allah a\u015fk\u0131na &#8216;ben kurdum&#8217; der misiniz? Bu \u00fclkenin temiz y\u00f6netime ihtiyac\u0131 var. Son alarak bu Recep Bey&#8217;in, bir yalan\u0131n\u0131 daha s\u00f6yleyeyim. Danimarka&#8217;n\u0131n Ba\u015fbakan\u0131 Rasmussen&#8230; Danimarka&#8217;da Peygamber Efendimiz&#8217;in karikat\u00fcrleri \u00e7izilmi\u015fti. Recep Bey, &#8216;Rasmussen&#8217;e NATO Genel Sekreteri olmas\u0131 i\u00e7in oy vermeyece\u011fiz&#8217; dedi. Ne yapt\u0131? Gitti t\u0131p\u0131\u015f t\u0131p\u0131\u015f oy verdi. \u015eimdi, kim yalan s\u00f6yl\u00fcyor, kim s\u00f6ylemiyor? Bu millete do\u011frular\u0131 s\u00f6ylemek benim boynumun borcudur.&#8221;<\/p>\n<p style=\"text-align: justify;\">K\u0131l\u0131\u00e7daro\u011flu, &#8221;\u00e7ift\u00e7inin mazotunu 1,5 lira yapaca\u011f\u0131z&#8221; dediklerini kaydederek, \u015f\u00f6yle devam etti:<\/p>\n<p style=\"text-align: justify;\">&#8221;Hemen dediler ki; &#8216;T\u00fcrkiye&#8217;de petrol yok. D\u0131\u015far\u0131dan al\u0131yoruz. Fiyat artt\u0131k\u00e7a bizim fiyat art\u0131yor. Sen bunu nas\u0131l yapars\u0131n&#8217;. Ben hesap uzman\u0131y\u0131m. Her \u015feyin hesab\u0131n\u0131, kitab\u0131n\u0131 yapar\u0131m. Yurt d\u0131\u015f\u0131ndan al\u0131nan petrol, benzin istasyonun sahibinin kar\u0131 dahil olmak \u00fczere 1,5 lirad\u0131r. Diyeceksin ki &#8216;o iki lira nereden geliyor&#8217;. 2 liran\u0131n birisi \u00d6TV, di\u011feri KDV. \u0130kisini de k\u00f6yl\u00fcden almayaca\u011f\u0131z. K\u00fctahyal\u0131 karde\u015flerime \u015fu g\u00f6rev d\u00fc\u015f\u00fcyor; 12 Haziran&#8217;da sand\u0131\u011fa gidece\u011fiz ve gere\u011fini yapaca\u011f\u0131z. Ge\u00e7en g\u00fcn Tayyip Erdo\u011fan \u00e7ok \u00f6nemli bir \u015fey s\u00f6yledi. &#8216;Yolsuzluklarla m\u00fccadele ediyorum. Bizim partimiz, AK Parti, temiz siyaset s\u00f6z vererek geldi&#8217; dedi. Do\u011fru, bu s\u00f6z\u00fc vererek geldiler ama gere\u011fini yapmad\u0131lar. Bug\u00fcne kadar baz\u0131 bakanlarla ilgili at\u0131lm\u0131\u015f ad\u0131mlar varsa bunun gerek\u00e7eleri vard\u0131r.<\/p>\n<p style=\"text-align: justify;\">Bug\u00fcn bir\u00e7o\u011fu milletvekili aday\u0131 olamad\u0131ysa nedenleri vard\u0131. Yani &#8216;yolsuzluk yapt\u0131klar\u0131 i\u00e7in onlar\u0131 listeye almad\u0131m&#8217; dedi. G\u00fczel&#8230; Buradan Say\u0131n Erdo\u011fan&#8217;a sesleniyorum. Bu \u00e7ok \u00f6nemli bir itiraf. Demek ki senin baz\u0131 bakanlar\u0131n yolsuzluk yapt\u0131. Sen de o bakanlar\u0131 listeye almad\u0131n. Kim o bakanlar? Biri ge\u00e7en d\u00f6nem Ticaret Bakan\u0131 Say\u0131n Ali Co\u015fkun&#8230; Hay\u0131r, ben say\u0131n Ali Co\u015fkun&#8217;a kefilim. Ali Co\u015fkun, d\u00fcr\u00fcst, namuslu adamd\u0131r. Hangi sebepten listeye giremedi\u011fini bilmiyorum. Ben Ali Co\u015fkun&#8217;u taa Odalar Birli\u011fi ba\u015fkanl\u0131\u011f\u0131ndan tan\u0131r\u0131m. D\u00fczg\u00fcn adam&#8230; \u015eimdi as\u0131l sormak istedi\u011fim bakanlar \u015funlar; K\u00fcr\u015fat T\u00fczmen, Sami G\u00fc\u00e7l\u00fc, Hilmi G\u00fcler, Kemal Unak\u0131tan. Sizde zerre kadar onur varsa bu kadar a\u011f\u0131r konu\u015fuyorum, o bakanlar \u00e7\u0131kar hangi gerek\u00e7eyle listeye girmediklerini, hanginin, nerede, ne zaman yolsuzluk yapt\u0131\u011f\u0131n\u0131 a\u00e7\u0131klarlar. Vatanda\u015f\u0131n bilmeye hakk\u0131 yok mu? Kul hakk\u0131 yiyenden hesap sormak, Kemal K\u0131l\u0131\u00e7daro\u011flu&#8217;nun boynunun borcudur.&#8221;<\/p>\n<p style=\"text-align: justify;\"><a href=\"http:\/\/www.gazeteport.com.tr\/SIYASET\/NEWS\/GP_904240\" target=\"_blank\">Kaynak : GAZETEPORT<\/a><\/p>\n","protected":false},"excerpt":{"rendered":"<p style=\"text-align: justify;\">\n<p style=\"text-align: justify;\">CHP lideri K\u0131l\u0131\u00e7daro\u011flu, Ba\u015fbakan Erdo\u011fan&#8217;\u0131n SSK M\u00fcd\u00fcr\u00fc oldu\u011fu d\u00f6nemle ilgili belgeler g\u00f6stererek kendisini su\u00e7lamas\u0131na &#8220;D\u00fcr\u00fcst ve ahlakl\u0131 bir adamsa o olay\u0131n tamam\u0131n\u0131 a\u00e7\u0131klar. Bu olay 2 sayfa, birinci sayfas\u0131n\u0131 niye a\u00e7\u0131klam\u0131yor, niye gizliyor? \u00c7\u00fcnk\u00fc birinci sayfay\u0131 da a\u00e7\u0131klad\u0131\u011f\u0131 zaman yalan\u0131 ortaya \u00e7\u0131kacak&#8221; dedi.<\/p>\n","protected":false},"author":1,"featured_media":0,"comment_status":"open","ping_status":"closed","sticky":false,"template":"","format":"standard","meta":{"footnotes":""},"categories":[105],"tags":[],"class_list":["post-32616","post","type-post","status-publish","format-standard","hentry","category-gundem","odd"],"_links":{"self":[{"href":"http:\/\/www.korhanyilmaz.com\/index.php?rest_route=\/wp\/v2\/posts\/32616","targetHints":{"allow":["GET"]}}],"collection":[{"href":"http:\/\/www.korhanyilmaz.com\/index.php?rest_route=\/wp\/v2\/posts"}],"about":[{"href":"http:\/\/www.korhanyilmaz.com\/index.php?rest_route=\/wp\/v2\/types\/post"}],"author":[{"embeddable":true,"href":"http:\/\/www.korhanyilmaz.com\/index.php?rest_route=\/wp\/v2\/users\/1"}],"replies":[{"embeddable":true,"href":"http:\/\/www.korhanyilmaz.com\/index.php?rest_route=%2Fwp%2Fv2%2Fcomments&post=32616"}],"version-history":[{"count":0,"href":"http:\/\/www.korhanyilmaz.com\/index.php?rest_route=\/wp\/v2\/posts\/32616\/revisions"}],"wp:attachment":[{"href":"http:\/\/www.korhanyilmaz.com\/index.php?rest_route=%2Fwp%2Fv2%2Fmedia&parent=32616"}],"wp:term":[{"taxonomy":"category","embeddable":true,"href":"http:\/\/www.korhanyilmaz.com\/index.php?rest_route=%2Fwp%2Fv2%2Fcategories&post=32616"},{"taxonomy":"post_tag","embeddable":true,"href":"http:\/\/www.korhanyilmaz.com\/index.php?rest_route=%2Fwp%2Fv2%2Ftags&post=32616"}],"curies":[{"name":"wp","href":"https:\/\/api.w.org\/{rel}","templated":true}]}}