{"id":32612,"date":"2011-05-13T18:48:21","date_gmt":"2011-05-13T15:48:21","guid":{"rendered":"http:\/\/www.korhanyilmaz.com\/?p=32612"},"modified":"2011-05-13T18:48:21","modified_gmt":"2011-05-13T15:48:21","slug":"basbakan-sizofren-olmus","status":"publish","type":"post","link":"http:\/\/www.korhanyilmaz.com\/?p=32612","title":{"rendered":"&#8216;Ba\u015fbakan \u015fizofren olmu\u015f&#8217;"},"content":{"rendered":"<p style=\"text-align: justify;\"><a href=\"http:\/\/www.korhanyilmaz.com\/wp-content\/uploads\/2011\/05\/159.jpg\"  class=\"lightview\"><img loading=\"lazy\" decoding=\"async\" class=\"aligncenter size-full wp-image-32613\" title=\"\" src=\"http:\/\/www.korhanyilmaz.com\/wp-content\/uploads\/2011\/05\/159.jpg\" alt=\"\" width=\"320\" height=\"100\" \/><\/a><\/p>\n<p style=\"text-align: justify;\">BDP&#8217;li G\u00fcltan K\u0131\u015fanak, Ba\u015fbakan Erdo\u011fan\u2019a y\u00f6nelik a\u011f\u0131r ele\u015ftirilerde bulundu.<\/p>\n<p style=\"text-align: justify;\">BDP\u2019nin Siirt\u2019te destekledi\u011fi ba\u011f\u0131ms\u0131z milletvekili aday\u0131 ve partinin eski Genel Ba\u015fkan Yard\u0131mc\u0131s\u0131 G\u00fcltan K\u0131\u015fanak, Ba\u015fbakan Recep Tayyip Erdo\u011fan\u2019a y\u00f6nelik a\u011f\u0131r ele\u015ftirilerde bulundu. K\u0131\u015fanak, &#8220;Ruh sa\u011fl\u0131\u011f\u0131 ile ilgili bir hastal\u0131k var. \u015eizofrenik diyorlar, yani ki\u015filik b\u00f6l\u00fcnmesi bir g\u00fcn kendini ba\u015fka bir ki\u015fi san\u0131yor, di\u011fer g\u00fcn ba\u015fka ki\u015fi&#8221; dedi. <!--more--><\/p>\n<p style=\"text-align: justify;\">G\u00fcltan K\u0131\u015fanak, Batman\u2019da BDP\u2019nin destekledi\u011fi ba\u011f\u0131ms\u0131z adaylar\u0131n se\u00e7im b\u00fcrosunun a\u00e7\u0131l\u0131\u015f\u0131na kat\u0131ld\u0131. Bengi Y\u0131ld\u0131z\u2019\u0131n da bulundu\u011fu a\u00e7\u0131l\u0131\u015fta konu\u015fan K\u0131\u015fanak, Ba\u015fbakan Recep Tayip Erdo\u011fan\u2019a sert ele\u015ftirilerde bulundu. K\u0131\u015fanak, \u015f\u00f6yle dedi:<\/p>\n<p style=\"text-align: justify;\">&#8220;AKP\u2019nin siyasetten ve demokrasiden anlad\u0131\u011f\u0131 bir tek \u015fey var, oda \u015fiddet, Ba\u015fbakan\u2019\u0131n \u015fiddet d\u0131\u015f\u0131nda K\u00fcrt sorunu \u00e7\u00f6z\u00fcm\u00fcne dair bir tek s\u00f6z\u00fc yok. Bir ayd\u0131r halk\u0131m\u0131z \u00e7ad\u0131rlarda \u00e7\u00f6z\u00fcm\u00fc, bar\u0131\u015f\u0131 konu\u015fuyor. Ama Tayip Erdo\u011fan \u015fiddetle \u00fczerimize geldi. Buradan bir kez daha halk\u0131m\u0131zla birlikte hayk\u0131r\u0131yoruz. 30 y\u0131ld\u0131r bu \u015fiddet politikas\u0131n\u0131 s\u00fcrd\u00fcr\u00fcyorsunuz, bo\u011fun e\u011fmedik, e\u011fmeyece\u011fiz. S\u00f6yleyece\u011fim tek kelimedir zulm\u00fcn s\u0131n\u0131r\u0131 yoksa direni\u015fin de s\u0131n\u0131r\u0131 yoktur.&#8221;<\/p>\n<p style=\"text-align: justify;\">G\u00fcltan K\u0131\u015fanak, Ba\u015fbakan Erdo\u011fan\u2019\u0131n \u2019Hamas ter\u00f6r \u00f6rg\u00fct\u00fc de\u011fildir, Hamas se\u00e7imlere giren halk\u0131n deste\u011fini alan bir \u00f6rg\u00fctt\u00fcr\u2019 s\u00f6zylerini hat\u0131rlat\u0131rken, &#8220;Peki Ba\u015fbakan, say\u0131n Ayla Akat Ata bu halk\u0131n deste\u011fini almad\u0131 m\u0131? Batman halk\u0131 sevgili Ayla\u2019y\u0131 se\u00e7medi mi? Bizler K\u00fcrt halk\u0131 olarak oylarla se\u00e7ilmiyor muyuz, bu nas\u0131l bir iki y\u00fczl\u00fcl\u00fckt\u00fcr&#8221; dedi. Bu durumu ikiyizl\u00fcl\u00fck kelimesinin bile kar\u015f\u0131lamad\u0131\u011f\u0131n\u0131 kaydeden K\u0131\u015fanak, s\u00f6zlerini \u015f\u00f6yle s\u00fcrd\u00fcrd\u00fc:<\/p>\n<p style=\"text-align: justify;\">&#8220;Ruh sa\u011fl\u0131\u011f\u0131 ile ilgili bir hastal\u0131k var. \u015eizofrenik diyorlar, yani ki\u015filik b\u00f6l\u00fcnmesi. Bir g\u00fcn kendini ba\u015fka bir ki\u015fi san\u0131yor, di\u011fer g\u00fcn ba\u015fka ki\u015fi. \u0130\u015fte Ba\u015fbakan Tayip Erdo\u011fan\u2019\u0131n ruh hali budur, \u015fizofren olmu\u015f. Ba\u015fbakan\u2019\u0131n ger\u00e7ek kimli\u011fini Batman\u2019da Diyarbak\u0131r\u2019da uygulad\u0131\u011f\u0131 zul\u00fcm ortaya \u00e7\u0131k\u0131yor. Ba\u015fbakan\u2019\u0131n ger\u00e7ek ki\u015fili\u011fi \u015fiddettir, zul\u00fcmd\u00fcr, zalimliktir, bizlere de zalimlere kar\u015f\u0131 sonuna kadar direnmek var. Halk\u0131m\u0131zla direnece\u011fiz, \u00e7ift ki\u015filikli, ikiy\u00fczl\u00fc ba\u015fbakan\u0131 sand\u0131\u011fa g\u00f6mece\u011fiz&#8221;<\/p>\n<p style=\"text-align: justify;\">G\u00fcltan K\u0131\u015fanak, meydandaki toplulu\u011fa &#8220;G\u00fcn direni\u015f, \u00f6rg\u00fctlenme g\u00fcn\u00fc, g\u00fcn serhildana (ba\u015fkald\u0131r\u0131) kalkma g\u00fcn\u00fc. Biz se\u00e7im yapm\u0131yoruz, biz demokratik direni\u015fle halk\u0131m\u0131zla \u00f6zg\u00fcrl\u00fc\u011f\u00fcm\u00fcze y\u00fcr\u00fcyoruz, kutlu olsun&#8221; dedi.<\/p>\n<p style=\"text-align: justify;\"><strong>YILDIZ\u2019DAN APO SLOGANI<\/strong><\/p>\n<p style=\"text-align: justify;\">BDP\u2019nin Batman\u2019da destekledi\u011fi ba\u011f\u0131ms\u0131z milletvekili aday\u0131 Bengi Y\u0131ld\u0131z, a\u00e7\u0131l\u0131\u015fa kat\u0131lanlar\u0131n att\u0131\u011f\u0131 \u2019Batman Ovas\u0131 Apocular yuvas\u0131\u2019 slogan\u0131n\u0131 se\u00e7im otob\u00fcs\u00fcn\u00fcn \u00fczerinden mikrofonla tekrarlad\u0131. Y\u0131ld\u0131z, &#8220;Evet Batman ovas\u0131 Apocular yuvas\u0131. Kemal Pir\u2019ler, Agit\u2019ler, Hayri\u2019ler bu co\u011frafyadan, Batman\u2019dan beslendiler, bu kentte b\u00fcy\u00fcd\u00fcler. Biz de daima onlar\u0131n an\u0131s\u0131na ba\u011fl\u0131 kalaca\u011f\u0131z&#8221; dedi.<\/p>\n<p style=\"text-align: justify;\"><a href=\"http:\/\/haber.gazetevatan.com\/basbakan-sizofren-olmus\/377224\/1\/Gundem\" target=\"_blank\">Kaynak : VATAN Gazetesi<\/a><\/p>\n","protected":false},"excerpt":{"rendered":"<p style=\"text-align: justify;\">\n<p style=\"text-align: justify;\">BDP&#8217;li G\u00fcltan K\u0131\u015fanak, Ba\u015fbakan Erdo\u011fan\u2019a y\u00f6nelik a\u011f\u0131r ele\u015ftirilerde bulundu.<\/p>\n<p style=\"text-align: justify;\">BDP\u2019nin Siirt\u2019te destekledi\u011fi ba\u011f\u0131ms\u0131z milletvekili aday\u0131 ve partinin eski Genel Ba\u015fkan Yard\u0131mc\u0131s\u0131 G\u00fcltan K\u0131\u015fanak, Ba\u015fbakan Recep Tayyip Erdo\u011fan\u2019a y\u00f6nelik a\u011f\u0131r ele\u015ftirilerde bulundu. K\u0131\u015fanak, &#8220;Ruh sa\u011fl\u0131\u011f\u0131 ile ilgili bir hastal\u0131k var. \u015eizofrenik diyorlar, yani ki\u015filik b\u00f6l\u00fcnmesi bir g\u00fcn kendini ba\u015fka <\/p>\n","protected":false},"author":1,"featured_media":0,"comment_status":"open","ping_status":"closed","sticky":false,"template":"","format":"standard","meta":{"footnotes":""},"categories":[105],"tags":[],"class_list":["post-32612","post","type-post","status-publish","format-standard","hentry","category-gundem","odd"],"_links":{"self":[{"href":"http:\/\/www.korhanyilmaz.com\/index.php?rest_route=\/wp\/v2\/posts\/32612","targetHints":{"allow":["GET"]}}],"collection":[{"href":"http:\/\/www.korhanyilmaz.com\/index.php?rest_route=\/wp\/v2\/posts"}],"about":[{"href":"http:\/\/www.korhanyilmaz.com\/index.php?rest_route=\/wp\/v2\/types\/post"}],"author":[{"embeddable":true,"href":"http:\/\/www.korhanyilmaz.com\/index.php?rest_route=\/wp\/v2\/users\/1"}],"replies":[{"embeddable":true,"href":"http:\/\/www.korhanyilmaz.com\/index.php?rest_route=%2Fwp%2Fv2%2Fcomments&post=32612"}],"version-history":[{"count":0,"href":"http:\/\/www.korhanyilmaz.com\/index.php?rest_route=\/wp\/v2\/posts\/32612\/revisions"}],"wp:attachment":[{"href":"http:\/\/www.korhanyilmaz.com\/index.php?rest_route=%2Fwp%2Fv2%2Fmedia&parent=32612"}],"wp:term":[{"taxonomy":"category","embeddable":true,"href":"http:\/\/www.korhanyilmaz.com\/index.php?rest_route=%2Fwp%2Fv2%2Fcategories&post=32612"},{"taxonomy":"post_tag","embeddable":true,"href":"http:\/\/www.korhanyilmaz.com\/index.php?rest_route=%2Fwp%2Fv2%2Ftags&post=32612"}],"curies":[{"name":"wp","href":"https:\/\/api.w.org\/{rel}","templated":true}]}}