{"id":3261,"date":"2009-02-14T15:43:43","date_gmt":"2009-02-14T13:43:43","guid":{"rendered":"http:\/\/www.korhanyilmaz.com\/?p=3261"},"modified":"2009-02-14T15:43:43","modified_gmt":"2009-02-14T13:43:43","slug":"yardimlar-neden-tunceliye","status":"publish","type":"post","link":"http:\/\/www.korhanyilmaz.com\/?p=3261","title":{"rendered":"Yard\u0131mlar neden Tunceli&#039;ye?"},"content":{"rendered":"<p style=\"text-align: center;\"><img loading=\"lazy\" decoding=\"async\" class=\"size-full wp-image-3262 alignnone\" title=\"Yard\u0131mlar neden Tunceli'ye? \" src=\"http:\/\/www.korhanyilmaz.com\/wp-content\/uploads\/2009\/02\/140220091540331439652.jpg\" alt=\"Yard\u0131mlar neden Tunceli'ye? \" width=\"320\" height=\"100\" \/><\/p>\n<p style=\"text-align: justify;\"><strong>CHP lideri Baykal, Kayseri&#8217;de aday tan\u0131t\u0131m toplant\u0131s\u0131nda konu\u015ftu<\/strong><\/p>\n<p style=\"text-align: justify;\">\u0130\u015fte Baykal&#8217;\u0131n konu\u015fmas\u0131ndan sat\u0131rba\u015flar\u0131:<\/p>\n<p style=\"text-align: justify;\"><strong>NEDEN TUNCEL\u0130?<\/strong><\/p>\n<p style=\"text-align: justify;\">Se\u00e7imin hemen \u00f6ncesinde k\u0131\u015f mevsiminde \u00e7ama\u015f\u0131r makinesi da\u011f\u0131tarak m\u0131 yap\u0131l\u0131r yard\u0131m. Ne o insanlar bunu talep ediyor, ne bunu da\u011f\u0131tarak bunu \u00e7\u00f6zebiliyorsun. O da\u011f\u0131tt\u0131\u011f\u0131n e\u015fyalar\u0131 orada \u00e7al\u0131\u015ft\u0131racak mekanizma yok. O paray\u0131 daha derli toplu harcasan ve o insanlara daha \u00e7ok faydan olsa. O insanlar\u0131n ailelerinden bi rki\u015fiye i\u015f versen de o insanlar bu makineleri kendileri alsa olmaz m\u0131? Tunceliyi se\u00e7tiler. Neden? \u00c7\u00fcnk\u00fc K\u0131l\u0131\u00e7daro\u011flu ve Kamer Gen\u00e7 Tuncelili.<!--more--><br \/>\n<strong>KILI\u00c7DARO\u011eLU SU\u00c7\u00dcST\u00dc YAPTI<\/strong>\n<\/p>\n<p style=\"text-align: justify;\">K\u0131l\u0131\u00e7daro\u011flu, b\u00fcy\u00fck bir arsa rant\u0131n\u0131 onlar\u0131n elinden ald\u0131 ve su\u00e7\u00fcst\u00fc yap\u0131p millete intikal ettirdi.<\/p>\n<p style=\"text-align: justify;\"><strong>ERDO\u011eAN DERHAL \u0130ST\u0130FA ETMEL\u0130<\/strong><\/p>\n<p style=\"text-align: justify;\">CHP Genel Ba\u015fkan\u0131 Deniz Baykal bir\u00e7ok ilde valiliklerin &#8216;se\u00e7im r\u00fc\u015fveti&#8217; olarak de\u011ferlendirilen beyaz e\u015fya da\u011f\u0131t\u0131m\u0131n\u0131 ele\u015ftirerek, Ba\u015fbakan Recep Tayyip Erdo\u011fan&#8217;\u0131n derhal istifa etmesi gerekti\u011fini s\u00f6yledi. Ba\u015fbakan&#8217;\u0131n \u00e7ocuklar\u0131n\u0131n ekonomik krizden etkilenmedi\u011fini s\u00f6yleyen Baykal, &#8220;Ad\u0131n\u0131 bilmedi\u011fim, y\u00fcz\u00fcn\u00fc g\u00f6rmedi\u011fim \u00e7ocuklar\u0131n durumu ne olacak? Bu \u00fclkenin t\u00fcm \u00e7ocuklar\u0131 benim \u00e7ocuklar\u0131md\u0131r. Ama, \u00e7ocuk deyince Ba\u015fbakan&#8217;\u0131n akl\u0131na kendi \u00e7ocuklar\u0131ndan ba\u015fkas\u0131 gelmiyor. Ba\u015fbakan bu konularda meydanlarda, mitinglerde bunlar\u0131 hi\u00e7 anlatm\u0131yor. Kafay\u0131 takm\u0131\u015f \u0130n\u00f6n\u00fc d\u00f6nemine. Gel, gel, g\u00fcn\u00fcm\u00fcze gel.&#8221; dedi.<\/p>\n<p style=\"text-align: justify;\">Partisinin belediye ba\u015fkan adaylar\u0131n\u0131 tan\u0131t\u0131m toplant\u0131s\u0131 i\u00e7in helikopterle Kayseri&#8217;ye gelen Deniz Baykal, CHP&#8217;nin \u00f6zel olarak yapt\u0131rd\u0131\u011f\u0131 ve se\u00e7img ezisinde ilk kez kullan\u0131lan otob\u00fcsle havaalan\u0131ndan kente girdi. \u00dczerinde CHP yaz\u0131s\u0131 ve amblemi ile arka cam\u0131nda Atat\u00fcrk&#8217;\u00fcn portresi bulunan otob\u00fcsle yol boyunca sevgi g\u00f6sterisinde bulunanlar\u0131 selamlayarak toplant\u0131n\u0131n yap\u0131ld\u0131\u011f\u0131 salona gelen Baykal, 10&#8217;uncu Y\u0131l Mar\u015f\u0131 ile kar\u015f\u0131land\u0131. Salona as\u0131lan pankartlar aras\u0131nda &#8216;Gelinin babas\u0131ndan damada 1 bir adet renkli televizyon (ATV), bir adet gazete (El Sabah)&#8217; pankart\u0131 da dikkati \u00e7ekti.<\/p>\n<p style=\"text-align: justify;\">&#8216;T\u00fcrkiye seninle gurur duyuyor&#8217;, &#8216;\u0130nad\u0131na Baykal, inad\u0131na sol&#8217; sloganlar\u0131 aras\u0131nda k\u00fcrs\u00fcye \u00e7\u0131kan Deniz Baykal salonu t\u0131kl\u0131m t\u0131kl\u0131m dolrunan yakla\u015f\u0131k 8 bin partiliye seslendi. Kayseri&#8217;ye bir s\u00fcredirg elemedi\u011fini kaydeden Baykal, &#8220;Ne oldu size b\u00f6yle, ne oldu? Ne \u00e7arpt\u0131 size? Anadolu&#8217;da tuttu\u011funu koparan, zeki, ak\u0131ll\u0131, becerikli insanlar ne oldu size, soruyorum ne oldu?&#8221; dedi.<\/p>\n<p style=\"text-align: justify;\">Baykal, art\u0131k \u00f6rtbas edilemeyen yanl\u0131\u015fl\u0131klar sonucu her yerde fabrikalar\u0131n kapand\u0131\u011f\u0131n\u0131, \u00e7ift\u00e7inin, esnaf\u0131n boynunun b\u00fck\u00fcld\u00fc\u011f\u00fcn\u00fc belirterek, &#8220;Bu sorunlar\u0131n alt\u0131nda g\u00f6z boyamaya, makyaja y\u00f6nelik temelsiz uygulamalar yat\u0131yor. T\u00fcrkiye&#8217;nin AKP iktidar\u0131 d\u00f6neminde bor\u00e7lar\u0131 \u00f6denmedi. Bunlar i\u015fba\u015f\u0131na geldi\u011finde 220 milyar dolar olan bor\u00e7 iki kat\u0131na \u00e7\u0131karak 500 milyar dolara ula\u015ft\u0131&#8221; diye konu\u015ftu.<\/p>\n<p style=\"text-align: justify;\"><strong>&#8220;EKONOM\u0130N\u0130N TEMEL D\u0130RE\u011e\u0130 TES\u0130SLER\u0130 SATTILAR&#8221;<\/strong><\/p>\n<p style=\"text-align: justify;\">Deniz Baykal, Cumhuriyetin b\u00fcy\u00fck kazan\u0131m\u0131 olan ekonominin temel dire\u011fi tesislerin yerli ve yabanc\u0131lara sat\u0131ld\u0131\u011f\u0131n\u0131 belirterek, \u015funlar\u0131 s\u00f6yledi:<\/p>\n<p style=\"text-align: justify;\">&#8220;Yerli ve yabanc\u0131 demeden Cumhuriyet d\u00f6neminin ekonomi abidelerini, Atat\u00fcrk&#8217;\u00fcn, \u0130n\u00f6n\u00fc&#8217;n\u00fcn, Celal Bayar&#8217;\u0131n, Menderes&#8217;in, Demirel&#8217;in eserleri bir bir sat\u0131ld\u0131. Sat\u0131l\u0131nca rahatlad\u0131k m\u0131? \u015eimdi de vatanda\u015f\u0131n elindeki birikimleri gidiyor. Ekonomi t\u0131kand\u0131, d\u00f6nm\u00fcyor. \u00c7ekler senetler \u00f6denmiyor. Ba\u015fbakan Kayseri&#8217;de 101 fabrika temeli att\u0131, sonra a\u00e7t\u0131. \u015eimdi o a\u00e7\u0131lan fabrikalardan ka\u00e7\u0131 ayakta. O batan fabrika sahiplerine Ba\u015fbakan el uzat\u0131yor mu, haliniz nedir diye soruyor mu?&#8221;<\/p>\n<p style=\"text-align: justify;\"><strong>&#8220;EN B\u00dcY\u00dcK YOLSUZLU\u011eU AKP D\u00d6NEM\u0130NDE&#8221;<\/strong><\/p>\n<p style=\"text-align: justify;\">H\u00fck\u00fcmet \u00fcyelerinin ve yak\u0131nlar\u0131n\u0131n vatanda\u015f\u0131n \u00e7ekti\u011fi ekonomik s\u0131k\u0131nt\u0131lar\u0131 payla\u015fmad\u0131\u011f\u0131n\u0131, onlar\u0131n yak\u0131nlar\u0131n\u0131n durumunun iyiye gitti\u011fini s\u00f6yleyen Deniz Baykal, &#8220;T\u00fcrkiye&#8217;de, Cumhuriyet d\u00f6neminin en b\u00fcy\u00fck yolsuzlu\u011fu AKP d\u00f6neminde yap\u0131ld\u0131. Bunlar\u0131n yolsuzluklar\u0131 i\u00e7in b\u0131rak\u0131n kitap yay\u0131nlamay\u0131, ansiklopedi laz\u0131m&#8221; dedi.<\/p>\n<p style=\"text-align: justify;\">Baykal, Deniz Feneri&#8217;nde milletin fitresini zekat\u0131n\u0131 paras\u0131 toplay\u0131p kendi reklamlar\u0131n\u0131 yapmak i\u00e7in televizyon kurduklar\u0131n\u0131 anlat\u0131rken de &#8220;Bunlar Ba\u015fbakan&#8217;\u0131n tan\u0131d\u0131\u011f\u0131 adamlar. Tan\u0131d\u0131\u011f\u0131, bildi\u011fi adamlar. TV kuranlar da Ba\u015fbakan&#8217;a destek veren adamlar. Ba\u015fbakan onlara kolayl\u0131k olsun diye Mehmet\u00e7ik Vakf\u0131&#8217;na vermedi\u011fi kolayl\u0131klar\u0131 Bakanlar Kurulu karar\u0131yla sa\u011flad\u0131. Noterden dolay\u0131 Kayseri&#8217;yle de bu Deniz Feneri&#8217;nin ilgisi var. Gere\u011fini yap\u0131n sevgili Kayserililer&#8221; diye konu\u015ftu.<\/p>\n<p style=\"text-align: justify;\"><strong>&#8220;70 M\u0130LYONUN \u00c7OCUKLARI BEN\u0130M \u00c7OCUKLARIM&#8221;<\/strong><\/p>\n<p style=\"text-align: justify;\">AKP d\u00f6neminde \u00c7al\u0131k Holding&#8217;in &#8216;Bizim \u00c7al\u0131k&#8217; oldu\u011funu s\u00f6yleyen ve bu \u00fclkenin ba\u015fbatkan\u0131n\u0131n t\u00fcm \u015firketlere e\u015fit mesafede olmas\u0131 gerekti\u011fini kaydeden Baykal, s\u00f6zlerini \u015f\u00f6yle s\u00fcrd\u00fcrd\u00fc:<\/p>\n<p style=\"text-align: justify;\">&#8220;Ba\u015fbakan, herkese ve \u015firkete yard\u0131mc\u0131 olmal\u0131d\u0131r. Ama, Ba\u015fbakan&#8217;\u0131n \u00e7ocuklar\u0131 ma\u015fallah alm\u0131\u015f vermi\u015f, y\u00fcr\u00fcm\u00fc\u015fler. Dar\u0131s\u0131 sizin \u00e7ocuklar\u0131n\u0131n\u0131z\u0131n, esnaf\u0131n ve \u00e7ift\u00e7ilerin \u00e7ocuklar\u0131n\u0131n ba\u015f\u0131na. 70 milyonun \u00e7ocuklar\u0131 ne olacak? Ad\u0131n\u0131 bilmedi\u011fim, y\u00fcz\u00fcn\u00fc g\u00f6rmedi\u011fim \u00e7ocuklar\u0131n durumu ne olacak? Bu \u00fclkenin t\u00fcm \u00e7ocuklar\u0131 benim \u00e7ocuklar\u0131md\u0131r. Ama, \u00e7ocuk deyince ba\u015fbakan\u0131n akl\u0131na kendi \u00e7ocuklar\u0131ndan ba\u015fkas\u0131 gelmiyor. Ba\u015fbakan bu konularda meydanlarda, mitinglerde bunlar\u0131 hi\u00e7 anlatm\u0131yor. Kafay\u0131 takm\u0131\u015f \u0130n\u00f6n\u00fc d\u00f6neminde c\u00fczdanla ekmek al\u0131n\u0131rd\u0131, m\u00fch\u00fcr vurulurdu diye. Gel, gel, g\u00fcn\u00fcm\u00fcze gel. Kayseri&#8217;ye gel. \u0130stanbul&#8217;a gel. Ey\u00fcp&#8217;e gel. \u00c7oluk \u00e7ocu\u011fa a\u00e7\u0131lan i\u015fyerleri \u0130stanbul Ey\u00fcp&#8217;de Kemal K\u0131l\u0131\u00e7daro\u011flu&#8217;nun daha belediye ba\u015fkan\u0131 olmadan yakalad\u0131\u011f\u0131 ve Futbol Federasyonu&#8217;na ba\u011f\u0131\u015flanmas\u0131n\u0131 sa\u011flad\u0131\u011f\u0131 E- 5 yolundaki p\u0131rlanta gibi arsa konusu \u00e7ok konu\u015fuluyor. Buradaki yolsuzluk ve haks\u0131zl\u0131k, K\u0131l\u0131\u00e7daro\u011flu&#8217;nun devreye girmesiyle, arsan\u0131n Futbol Federasyonu&#8217;na ba\u011f\u0131\u015flanmas\u0131n\u0131, halka intikali sa\u011fland\u0131.&#8221;<\/p>\n<p style=\"text-align: justify;\"><strong>&#8220;BA\u015eBAKAN \u0130ST\u0130FA ETMEL\u0130&#8221;<\/strong><\/p>\n<p style=\"text-align: justify;\">CHP&#8217;ye \u00e7ar\u015faf a\u00e7\u0131l\u0131m\u0131 konusunda haks\u0131z ele\u015ftiriler yap\u0131ld\u0131\u011f\u0131n\u0131 belirten Deniz Baykal, iktidara yerel se\u00e7imlerde destek verilmesi halinde, milletin ba\u015f\u0131na daha b\u00fcy\u00fck s\u0131k\u0131nt\u0131lar\u0131n gelece\u011fini s\u00f6yledi. Baykal, T\u00fcrkiye&#8217;yi b\u00f6lme, par\u00e7aylama ve birbirine d\u00fc\u015f\u00fcrme pe\u015finde olanlarg ibi hareket etmediklerini kaydederken, &#8220;Atat\u00fcrk bu devleti kurarken kimseyi kimseden ay\u0131rmad\u0131. Bu vatandaki herkes dini mezhebi, k\u00f6keni ne olursa olsun, karde\u015ftir. Ba\u015f\u0131 a\u00e7\u0131k olanla, kapal\u0131 olan yanyana ya\u015f\u0131yor. Kimse bizi ayr\u0131mc\u0131l\u0131\u011f\u0131n i\u00e7ine \u00e7ekmesin. \u0130stiyorlarki CHP&#8217;de ayr\u0131mc\u0131l\u0131k yaps\u0131n ama CHP laikli\u011fe ve insanlar\u0131n \u00f6zg\u00fcrl\u00fc\u011f\u00fcne sonuna kadar sahip \u00e7\u0131kac\u0131kt\u0131r&#8221; dedi.<\/p>\n<p style=\"text-align: justify;\">Salondakilerin &#8220;Tunceli&#8217;ye gel&#8221; demesi \u00fczerine &#8220;O konuyu hi\u00e7 a\u00e7may\u0131n&#8221; diyen Deniz Baykal, s\u00f6zlerini \u015f\u00f6yle s\u00fcrd\u00fcrd\u00fc:<\/p>\n<p style=\"text-align: justify;\">&#8220;Fakir fukaraya yard\u0131m etmek g\u00fczel ama elinizi vicdan\u0131n\u0131za koyunuz. \u0130nsaf ediniz. Fakir fukaraya yard\u0131m etmek, k\u0131\u015f mevsiminde buzdobal\u0131, \u00e7ama\u015f\u0131r makinas\u0131 da\u011f\u0131tmak m\u0131d\u0131r? O e\u015fyalar\u0131 orada \u00e7al\u0131\u015ft\u0131racak d\u00fczen hatta su bile yok. Niyetlerinin yard\u0131mseverlik oldu\u011funa inanmak m\u00fcmk\u00fcn m\u00fc? Her aileden bir ki\u015fiye i\u015f verebilmek, e\u015fyalar\u0131n\u0131 kendilerinin almalar\u0131na f\u0131rsat vermek do\u011fru olmaz m\u0131? Peki niye Tunceli? Zira, Kemal K\u0131l\u0131\u00e7daro\u011flu, Tuncelili. Kamer Gen\u00e7 Tuncelili. \u0130ktidar se\u00e7imlere bir ay kala b\u00f6yle davranamaz. E\u011fer, halk\u0131n\u0131 seviyorsan, derhal istifa edeceksin. Derhal.&#8221;<\/p>\n<p style=\"text-align: justify;\">Deniz Baykal&#8217;\u0131n kat\u0131l\u0131m\u0131 ile salonda daha sonra Kayseri, Sivas, K\u0131r\u015fehir, Nev\u015fehir, Yozgat, Ni\u011fde ve Aksaray&#8217;\u0131n CHP&#8217;li b\u00fcy\u00fck\u015fehir, il ve il\u00e7e ile belde adaylar\u0131 partililere tan\u0131t\u0131ld\u0131.<\/p>\n<p style=\"text-align: justify;\"><span style=\"color: #888888;\">Kaynak : Vatan Gazetesi<\/span><\/p>\n","protected":false},"excerpt":{"rendered":"<p style=\"text-align: center;\">\n<p style=\"text-align: justify;\">CHP lideri Baykal, Kayseri&#8217;de aday tan\u0131t\u0131m toplant\u0131s\u0131nda konu\u015ftu<\/p>\n<p style=\"text-align: justify;\">\u0130\u015fte Baykal&#8217;\u0131n konu\u015fmas\u0131ndan sat\u0131rba\u015flar\u0131:<\/p>\n<p style=\"text-align: justify;\">NEDEN TUNCEL\u0130?<\/p>\n<p style=\"text-align: justify;\">Se\u00e7imin hemen \u00f6ncesinde k\u0131\u015f mevsiminde \u00e7ama\u015f\u0131r makinesi da\u011f\u0131tarak m\u0131 yap\u0131l\u0131r yard\u0131m. Ne o insanlar bunu talep ediyor, ne bunu da\u011f\u0131tarak bunu \u00e7\u00f6zebiliyorsun. O da\u011f\u0131tt\u0131\u011f\u0131n e\u015fyalar\u0131 orada \u00e7al\u0131\u015ft\u0131racak mekanizma yok. O <\/p>\n","protected":false},"author":1,"featured_media":0,"comment_status":"open","ping_status":"closed","sticky":false,"template":"","format":"standard","meta":{"footnotes":""},"categories":[105],"tags":[],"class_list":["post-3261","post","type-post","status-publish","format-standard","hentry","category-gundem","odd"],"_links":{"self":[{"href":"http:\/\/www.korhanyilmaz.com\/index.php?rest_route=\/wp\/v2\/posts\/3261","targetHints":{"allow":["GET"]}}],"collection":[{"href":"http:\/\/www.korhanyilmaz.com\/index.php?rest_route=\/wp\/v2\/posts"}],"about":[{"href":"http:\/\/www.korhanyilmaz.com\/index.php?rest_route=\/wp\/v2\/types\/post"}],"author":[{"embeddable":true,"href":"http:\/\/www.korhanyilmaz.com\/index.php?rest_route=\/wp\/v2\/users\/1"}],"replies":[{"embeddable":true,"href":"http:\/\/www.korhanyilmaz.com\/index.php?rest_route=%2Fwp%2Fv2%2Fcomments&post=3261"}],"version-history":[{"count":0,"href":"http:\/\/www.korhanyilmaz.com\/index.php?rest_route=\/wp\/v2\/posts\/3261\/revisions"}],"wp:attachment":[{"href":"http:\/\/www.korhanyilmaz.com\/index.php?rest_route=%2Fwp%2Fv2%2Fmedia&parent=3261"}],"wp:term":[{"taxonomy":"category","embeddable":true,"href":"http:\/\/www.korhanyilmaz.com\/index.php?rest_route=%2Fwp%2Fv2%2Fcategories&post=3261"},{"taxonomy":"post_tag","embeddable":true,"href":"http:\/\/www.korhanyilmaz.com\/index.php?rest_route=%2Fwp%2Fv2%2Ftags&post=3261"}],"curies":[{"name":"wp","href":"https:\/\/api.w.org\/{rel}","templated":true}]}}