{"id":32592,"date":"2011-05-13T13:56:20","date_gmt":"2011-05-13T10:56:20","guid":{"rendered":"http:\/\/www.korhanyilmaz.com\/?p=32592"},"modified":"2011-05-13T13:56:20","modified_gmt":"2011-05-13T10:56:20","slug":"secime-dogru","status":"publish","type":"post","link":"http:\/\/www.korhanyilmaz.com\/?p=32592","title":{"rendered":"Se\u00e7ime Do\u011fru"},"content":{"rendered":"<p style=\"text-align: justify;\"><a href=\"http:\/\/www.korhanyilmaz.com\/wp-content\/uploads\/2011\/05\/158.jpg\"  class=\"lightview\"><img loading=\"lazy\" decoding=\"async\" class=\"aligncenter size-full wp-image-32595\" title=\"\" src=\"http:\/\/www.korhanyilmaz.com\/wp-content\/uploads\/2011\/05\/158.jpg\" alt=\"\" width=\"259\" height=\"194\" \/><\/a><\/p>\n<p style=\"text-align: justify;\">ANKARA (A.A) &#8211; 28.04.2011 &#8211; 12 Haziran 2011&#8217;de yap\u0131lacak 24. d\u00f6nem milletvekili se\u00e7imlerinde 50 milyon 189 bin 930 se\u00e7men, 85 se\u00e7im b\u00f6lgesinde 199 bin 207 sand\u0131kta oy kullanacak.<\/p>\n<p style=\"text-align: justify;\">Se\u00e7ime 15 siyasi parti kat\u0131lacak. Se\u00e7imde 7 bin 492&#8217;si siyasi partilerden, 203&#8217;\u00fc de ba\u011f\u0131ms\u0131z olmak \u00fczere toplam 7 bin 695 aday yar\u0131\u015facak.<!--more--><\/p>\n<p style=\"text-align: justify;\">Se\u00e7im takvimine g\u00f6re yar\u0131n siyasi partilerin se\u00e7im \u00e7evreleri itibariyle milletvekili kesin aday listeleri Resmi Gazete&#8217;de yay\u0131mlanacak.<\/p>\n<p style=\"text-align: justify;\">Se\u00e7imde kullan\u0131lacak oy pusulalar\u0131n\u0131n bas\u0131m\u0131na, bas\u0131m tamamland\u0131k\u00e7a da da\u011f\u0131t\u0131m\u0131na 2 May\u0131s Pazartesi g\u00fcn\u00fc ba\u015flanacak.<\/p>\n<p style=\"text-align: justify;\">Yurtd\u0131\u015f\u0131 Se\u00e7men K\u00fct\u00fc\u011f\u00fc&#8217;ne kay\u0131tl\u0131 2 milyon 568 bin 977 se\u00e7men, 10 May\u0131s Sal\u0131 g\u00fcn\u00fc itibariyle 25 g\u00fcmr\u00fck kap\u0131s\u0131nda kurulan sand\u0131klarda oy vermeye ba\u015flayacak.<\/p>\n<p style=\"text-align: justify;\">Y\u00fcksek Se\u00e7im Kurulu&#8217;nun (YSK) se\u00e7im takvimine g\u00f6re bundan sonraki s\u00fcre\u00e7 \u015f\u00f6yle i\u015fleyecek:<\/p>\n<p style=\"text-align: justify;\">28 Nisan Per\u015fembe: Y\u00fcksek Se\u00e7im Kurulunca milletvekili kesin aday listeleri se\u00e7im \u00e7evreleri itibariyle ilan edilmek \u00fczere il se\u00e7im kurullar\u0131na, Resmi Gazete, radyo ve televizyonda yay\u0131nlanmak \u00fczere ilgili mercilere g\u00f6nderilecek.<\/p>\n<p style=\"text-align: justify;\">29 Nisan Cuma: Siyasi partilerin se\u00e7im \u00e7evreleri itibariyle milletvekili kesin aday listeleri ile ba\u011f\u0131ms\u0131z adaylar radyo, televizyon, Resmi Gazete ve illerde ilan edilecek.<\/p>\n<p style=\"text-align: justify;\">2 May\u0131s Pazartesi: Y\u00fcksek Se\u00e7im Kurulunca t\u00fcm se\u00e7im \u00e7evreleri ile g\u00fcmr\u00fck kap\u0131lar\u0131nda kullan\u0131lacak birle\u015fik oy pusulalar\u0131n\u0131n bas\u0131m\u0131na, bas\u0131m tamamland\u0131k\u00e7a bir plan dahilinde da\u011f\u0131t\u0131m\u0131na ba\u015flanacak.<\/p>\n<p style=\"text-align: justify;\">10 May\u0131s Sal\u0131: G\u00fcmr\u00fck kap\u0131lar\u0131nda oy verme i\u015flemine ba\u015flanacak.<\/p>\n<p style=\"text-align: justify;\">31 May\u0131s Sal\u0131: Radyo ve televizyonda yay\u0131n i\u00e7in ba\u015fvuran siyasi partilerin radyo ve televizyonda yapacaklar\u0131 propaganda konu\u015fmalar\u0131n\u0131n yay\u0131n ve zaman s\u0131ralar\u0131n\u0131n belirlenmesi i\u00e7in Y\u00fcksek Se\u00e7im Kurulunca ad \u00e7ekilecek.<\/p>\n<p style=\"text-align: justify;\">2 Haziran Per\u015fembe: Se\u00e7im propagandas\u0131 ve yasaklar\u0131 ba\u015flayacak.<\/p>\n<p style=\"text-align: justify;\">5 Haziran Pazar: Radyo ve televizyon propaganda konu\u015fmalar\u0131 ba\u015flayacak.<\/p>\n<p style=\"text-align: justify;\">6 Haziran Pazartesi: G\u00f6revlilerle ilgili e\u011fitim \u00e7al\u0131\u015fmalar\u0131 tamamlanacak, il\u00e7e se\u00e7im kurullar\u0131nca sand\u0131k kurullar\u0131 ba\u015fkanlar\u0131na, se\u00e7im ara\u00e7 ve gere\u00e7lerini ihtiva edecek \u015fekilde teslim edilmesi gereken malzeme torbalar\u0131n\u0131n haz\u0131rlanmas\u0131n\u0131n bitirilecek. Se\u00e7men bilgi ka\u011f\u0131tlar\u0131n\u0131n se\u00e7menlere da\u011f\u0131t\u0131m\u0131 tamamlanacak ve da\u011f\u0131t\u0131lamayanlar\u0131n ilgili il\u00e7e se\u00e7im kurulu ba\u015fkanl\u0131klar\u0131na teslimi yap\u0131lacak.<\/p>\n<p style=\"text-align: justify;\">9 Haziran Per\u015fembe: tutuklu ve taksirli su\u00e7lardan h\u00fck\u00fcml\u00fc ask\u0131 listeleri kesinle\u015ftirilecek.<\/p>\n<p style=\"text-align: justify;\">10 Haziran Cuma: Kesinle\u015ftirilen tutuklu ve taksirli su\u00e7lardan h\u00fck\u00fcml\u00fc se\u00e7men listelerinin \u00e7o\u011falt\u0131lma i\u015flemi tamamlanacak.<\/p>\n<p style=\"text-align: justify;\">11 Haziran Cumartesi: Se\u00e7im propagandas\u0131n\u0131n sonu (saat: 18.00)<\/p>\n<p style=\"text-align: justify;\">12 Haziran Pazar: Oy verme g\u00fcn\u00fc ve se\u00e7im yasaklar\u0131n\u0131n sona ermesi (saat: 24.00)&#8221;<\/p>\n<p style=\"text-align: justify;\"><strong>\u0130LLERE G\u00d6RE M\u0130LLETVEK\u0130L\u0130 SAYISI<\/strong><\/p>\n<p style=\"text-align: justify;\">Se\u00e7imde, \u0130stanbul \u00fc\u00e7 se\u00e7im b\u00f6lgesinden 85, Ankara iki se\u00e7im b\u00f6lgesinden 31 ve \u0130zmir de iki se\u00e7im b\u00f6lgesinden 16 milletvekilini parlamentoya g\u00f6nderecek.<\/p>\n<p style=\"text-align: justify;\">YSK, illerin se\u00e7im \u00e7evrelerine g\u00f6re \u00e7\u0131karacaklar\u0131 milletvekili say\u0131lar\u0131n\u0131 2010 y\u0131l\u0131 adrese dayal\u0131 n\u00fcfus kay\u0131t sistemine g\u00f6re yeniden belirledi.<\/p>\n<p style=\"text-align: justify;\">Buna g\u00f6re, Ankara&#8217;n\u0131n milletvekili say\u0131s\u0131 3, \u0130stanbul&#8217;un 15, \u0130zmir, Bursa, Gaziantep ve Kocaeli&#8217;nin ise milletvekili say\u0131lar\u0131 2&#8217;\u015fer artt\u0131. Sakarya, Antalya, Tekirda\u011f, Diyarbak\u0131r, \u015eanl\u0131urfa, Van, \u015e\u0131rnak ve Kayseri illeri ise milletvekili say\u0131lar\u0131n\u0131 birer art\u0131rd\u0131.<\/p>\n<p style=\"text-align: justify;\">Afyonkarahisar, Konya, Tokat, Trabzon ve Yozgat&#8217;\u0131n milletvekili say\u0131lar\u0131 2 azal\u0131rken, A\u011fr\u0131, Ayd\u0131n, Bitlis, \u00c7ank\u0131r\u0131, \u00c7orum, Edirne, Erzincan, Erzurum, Giresun, Isparta, Mersin, Kastamonu, K\u0131r\u015fehir, K\u00fctahya, Malatya, Ordu, Sinop, Sivas, Aksaray, Bayburt, Karaman, K\u0131r\u0131kkale ve Karab\u00fck milletvekili say\u0131lar\u0131 ise birer azald\u0131.<\/p>\n<p style=\"text-align: justify;\">N\u00fcfusu iki milletvekili \u00e7\u0131karmak i\u00e7in yeterli olmayan illere iki milletvekili \u00e7\u0131karma hakk\u0131 tan\u0131yan 5922 say\u0131l\u0131 Milletvekili Se\u00e7imi Kanunu&#8217;nda De\u011fi\u015fiklik Yap\u0131lmas\u0131na Dair Kanunu&#8217;nun ilgili h\u00fckm\u00fcn\u00fcn Anayasa Mahkemesi&#8217;nce iptal edilmesi nedeniyle Bayburt&#8217;un milletvekili say\u0131s\u0131 1&#8217;de kald\u0131.<\/p>\n<p style=\"text-align: justify;\">\u0130llerin \u00e7\u0131karaca\u011f\u0131 milletvekili say\u0131s\u0131 ile 2007 y\u0131l\u0131nda belirlenen milletvekili say\u0131lar\u0131 \u015f\u00f6yle:<\/p>\n<p style=\"text-align: justify;\"><img loading=\"lazy\" decoding=\"async\" class=\"aligncenter size-full wp-image-32683\" title=\"\" src=\"http:\/\/www.korhanyilmaz.com\/wp-content\/uploads\/2011\/05\/1571.jpg\" alt=\"\" width=\"466\" height=\"1422\" \/><\/p>\n<p style=\"text-align: justify;\"><strong>SE\u00c7\u0130M B\u00d6LGELER\u0130<\/strong><\/p>\n<p style=\"text-align: justify;\">YSK, \u0130stanbul, Ankara ve \u0130zmir&#8217;in se\u00e7im b\u00f6lgelerinin milletvekili da\u011f\u0131l\u0131m\u0131n\u0131 da hesaplad\u0131.<\/p>\n<p style=\"text-align: justify;\">Buna g\u00f6re 2 se\u00e7im b\u00f6lgesinden olu\u015fan Ankara&#8217;da birinci se\u00e7im b\u00f6lgesinden 16, ikinci se\u00e7im b\u00f6lgesinden ise 15, 3 se\u00e7im b\u00f6lgesine ayr\u0131lan \u0130stanbul&#8217;da birinci se\u00e7im b\u00f6lgesinin milletvekili say\u0131s\u0131 30, ikinci se\u00e7im b\u00f6lgesinin milletvekili say\u0131s\u0131 27, \u00fc\u00e7\u00fcnc\u00fc se\u00e7im b\u00f6lgesinin milletvekili say\u0131s\u0131 ise 28 oldu. \u0130ki se\u00e7im b\u00f6lgesinden olu\u015fan \u0130zmir&#8217;de ise her se\u00e7im b\u00f6lgesi 13&#8217;er milletvekili \u00e7\u0131karacak.<\/p>\n<p style=\"text-align: justify;\"><strong>KAYITLI SE\u00c7MEN SAYISI 50 M\u0130LYON 189 B\u0130N 930<\/strong><\/p>\n<p style=\"text-align: justify;\">Se\u00e7imde kay\u0131tl\u0131 50 milyon 189 bin 930 se\u00e7men, 199 bin 207 sand\u0131kta oy kullanacak.<\/p>\n<p style=\"text-align: justify;\">Milletvekili genel se\u00e7iminde oy kullanacak vatanda\u015flara se\u00e7men bilgi ka\u011f\u0131tlar\u0131 24 Nisan&#8217;da da\u011f\u0131t\u0131lmaya ba\u015fland\u0131.<\/p>\n<p style=\"text-align: justify;\">Se\u00e7men bilgi ka\u011f\u0131d\u0131 gelmeyen vatanda\u015flar da oy kullanabilecek. Ka\u011f\u0131d\u0131 bulunmay\u0131p k\u00fct\u00fc\u011fe kay\u0131tl\u0131 olanlar, ibraz edecekleri kimlik belgeleriyle (n\u00fcfus ka\u011f\u0131d\u0131, resmi daireler veya iktisadi devlet te\u015fekk\u00fcllerince verilen so\u011fuk damgal\u0131 kimlik kart\u0131, pasaport, ehliyet, evlenme c\u00fczdan\u0131) oy verebilecekler.<\/p>\n<p style=\"text-align: justify;\">\u00dczerinde TC kimlik numaras\u0131 olmayan bir kimlik belgesi ibraz eden se\u00e7menin oy kullanabilmesi i\u00e7in bu belgelerin yan\u0131nda se\u00e7men bilgi ka\u011f\u0131d\u0131n\u0131 veya TC kimli\u011fini ispata elveri\u015fli bir belgeyi de ibraz etmesi \u015fart olacak.<\/p>\n<p style=\"text-align: justify;\">Se\u00e7menler, YSK&#8217;n\u0131n &#8221;www.ysk.gov.tr&#8221; internet sitesinden de hangi sand\u0131kta oy kullanacaklar\u0131n\u0131 \u00f6\u011frenebilecek.<\/p>\n<p style=\"text-align: justify;\">Milletvekilleri, milletvekili kimli\u011fi ve se\u00e7men bilgi ka\u011f\u0131d\u0131n\u0131, milletvekili adaylar\u0131 ise her hangi bir \u0130l Se\u00e7im Kurulu Ba\u015fkan\u0131nca milletvekili aday\u0131 olduklar\u0131na dair verilmi\u015f se\u00e7men bilgi ka\u011f\u0131d\u0131n\u0131 g\u00f6stererek kay\u0131tl\u0131 olduklar\u0131 se\u00e7im \u00e7evresi d\u0131\u015f\u0131nda da oylar\u0131n\u0131 kullanabilecek.<\/p>\n<p style=\"text-align: justify;\">Se\u00e7imde Ad\u0131yaman, A\u011fr\u0131, Artvin, Bing\u00f6l, Bitlis, Diyarbak\u0131r, Elaz\u0131\u011f, Erzincan, Erzurum, Gaziantep, Giresun, G\u00fcm\u00fc\u015fhane, Hakkari, Kars, Malatya, Kahramanmara\u015f, Mardin, Mu\u015f, Ordu, Rize, Siirt, Sivas, Trabzon, Tunceli, \u015eanl\u0131urfa, Van, Bayburt, Batman, \u015e\u0131rnak, Ardahan, I\u011fd\u0131r ve Kilis olmak \u00fczere 32 ilde 07.00-16.00 saatlerinde oy verilecek. Bunlar\u0131n d\u0131\u015f\u0131ndaki \u015fehirlerde ise oy kullanma saatleri 08.00-17.00 olarak belirlendi.<\/p>\n<p style=\"text-align: justify;\"><strong>SE\u00c7\u0130M\u0130N \u0130LKLER\u0130<\/strong><\/p>\n<p style=\"text-align: justify;\">Bu se\u00e7imde ilk kez 25 ya\u015f\u0131ndakiler milletvekili aday\u0131 olabilecek. Anayasan\u0131n milletvekili se\u00e7ilme ya\u015f\u0131n\u0131 d\u00fczenleyen 76. maddesi 2006 y\u0131l\u0131nda de\u011fi\u015ftirilerek, se\u00e7ilme ya\u015f\u0131 30&#8217;den 25&#8217;e indirilmi\u015fti. YSK, &#8221;se\u00e7imlere ili\u015fkin de\u011fi\u015fikliklerin 1 y\u0131l i\u00e7inde yap\u0131lacak se\u00e7imde uygulanamayaca\u011f\u0131&#8221; h\u00fckm\u00fc uyar\u0131nca 2007&#8217;deki genel se\u00e7imde bu d\u00fczenlemeyi uygulayamam\u0131\u015ft\u0131.<\/p>\n<p style=\"text-align: justify;\">Haziran ay\u0131ndaki se\u00e7imde, tahta oy sand\u0131klar\u0131 tarihe kar\u0131\u015facak. Oy sand\u0131klar\u0131 eni 40, boyu 55, y\u00fcksekli\u011fi 50 cm, \u015feffaf, \u0131s\u0131ya ve k\u0131r\u0131lmaya dayan\u0131kl\u0131 sert plastikten olacak. Sand\u0131klar\u0131n ihalesi Devlet Malzeme Ofisince yap\u0131ld\u0131. Yalova&#8217;da bir firman\u0131n yapt\u0131\u011f\u0131 \u015feffaf sand\u0131klar, yap\u0131m\u0131 tamamland\u0131ktan sonra il ve il\u00e7e se\u00e7im kurullar\u0131na da\u011f\u0131t\u0131lacak.<\/p>\n<p style=\"text-align: justify;\">Se\u00e7imlerde kullan\u0131lacak oy verme kabinleri de de\u011fi\u015ftiriliyor. Kabinler, eni 120, boyu 120, y\u00fcksekli\u011fi 180 santimetre, portatif, hafif metal profil \u00fczerinde, bir taraf\u0131 a\u00e7\u0131l\u0131p kapanabilir ve i\u00e7ini g\u00f6stermeyen koyu renk dayan\u0131kl\u0131 sentetik kuma\u015fla kapl\u0131, kolay ta\u015f\u0131nabilir ve katlanabilir olacak \u015fekilde yapt\u0131r\u0131lacak.<\/p>\n<p style=\"text-align: justify;\">\u015eeffaf sand\u0131k ve kabinlerle ilgili haz\u0131rl\u0131klar\u0131na ba\u015flayan YSK, Kanun gere\u011fi oy zarflar\u0131n\u0131n boyunu b\u00fcy\u00fctecek. Kanuna g\u00f6re, zarflar, her se\u00e7im i\u00e7in ayr\u0131 renkte, eni 15 cm, boyu 21 santimetre olacak.<\/p>\n<p style=\"text-align: justify;\">Kanunla a\u00e7\u0131k yerlerde, g\u00fcne\u015fin batmas\u0131ndan sonra da propaganda yap\u0131labilmesi m\u00fcmk\u00fcn hale getirildi. Buna g\u00f6re, g\u00fcne\u015fin batmas\u0131n\u0131 takiben iki saat daha propaganda s\u00fcrebilecek.<\/p>\n<p style=\"text-align: justify;\">T\u00fcrk\u00e7e propaganda &#8221;esas&#8221; olacak, ancak bu se\u00e7imde ilk kez T\u00fcrk\u00e7e d\u0131\u015f\u0131ndaki dillerde propagandaya hapis cezas\u0131 verilmeyecek.<\/p>\n<p style=\"text-align: justify;\">Kanunla ayr\u0131ca bilboardlarda propaganda s\u00fcresi uzat\u0131larak 20 g\u00fcnden 30 g\u00fcne \u00e7\u0131kar\u0131ld\u0131.<\/p>\n<p style=\"text-align: justify;\"><strong>15 S\u0130YAS\u0130 PART\u0130 YARI\u015eACAK<\/strong><\/p>\n<p style=\"text-align: justify;\">12 Haziran 2011 tarihinde yap\u0131lacak 24. d\u00f6nem milletvekili genel se\u00e7imine 15 siyasi parti kat\u0131lacak. Oy pusulas\u0131ndaki yerlerine g\u00f6re se\u00e7ime kat\u0131lacak siyasi partiler \u015f\u00f6yle:<\/p>\n<p style=\"text-align: justify;\">&#8221;1- Adalet ve Kalk\u0131nma Partisi<\/p>\n<p style=\"text-align: justify;\">2- Demokrat Parti<\/p>\n<p style=\"text-align: justify;\">3- Cumhuriyet Halk Partisi<\/p>\n<p style=\"text-align: justify;\">4- Emek Partisi<\/p>\n<p style=\"text-align: justify;\">5- Millet Partisi<\/p>\n<p style=\"text-align: justify;\">6- Liberal Demokrat Parti<\/p>\n<p style=\"text-align: justify;\">7- Saadet Partisi<\/p>\n<p style=\"text-align: justify;\">8- Hak ve E\u015fitlik Partisi<\/p>\n<p style=\"text-align: justify;\">9- Halk\u0131n Sesi Partisi<\/p>\n<p style=\"text-align: justify;\">10- Milliyet\u00e7i Hareket Partisi<\/p>\n<p style=\"text-align: justify;\">11- Do\u011fru Yol Partisi<\/p>\n<p style=\"text-align: justify;\">12- T\u00fcrkiye Kom\u00fcnist Partisi<\/p>\n<p style=\"text-align: justify;\">13- Milliyet\u00e7i ve Muhafazakar Parti<\/p>\n<p style=\"text-align: justify;\">14- B\u00fcy\u00fck Birlik Partisi<\/p>\n<p style=\"text-align: justify;\">15- Demokratik Sol Parti&#8221;<\/p>\n<p style=\"text-align: justify;\">Se\u00e7imde 7 bin 492&#8217;si siyasi partilerden, 203&#8217;\u00fc de ba\u011f\u0131ms\u0131z olmak \u00fczere toplam 7 bin 695 aday yar\u0131\u015facak.<\/p>\n<p><strong><span style=\"font-size: medium; color: #993300;\"><a id=\"arama_motorlari\" class=\"lightview\" title=\" ::  :: fullscreen:true  \" href=\"http:\/\/docs.google.com\/viewer?url=http%3A%2F%2Fwww.aa.com.tr%2Fimages%2Fstories%2FSAYFA%2Fkesin_liste_ysk_20110429.pdf\" rel=\"set[aday]\"><span style=\"color: #993300;\">Kesin Aday Listesi<\/span><\/a><\/span><\/strong><\/p>\n<p style=\"text-align: justify;\"><a href=\"http:\/\/www.aa.com.tr\/tr\/secime-dogru.html\" target=\"_blank\">Kaynak : AA<\/a><\/p>\n","protected":false},"excerpt":{"rendered":"<p style=\"text-align: justify;\">\n<p style=\"text-align: justify;\">ANKARA (A.A) &#8211; 28.04.2011 &#8211; 12 Haziran 2011&#8217;de yap\u0131lacak 24. d\u00f6nem milletvekili se\u00e7imlerinde 50 milyon 189 bin 930 se\u00e7men, 85 se\u00e7im b\u00f6lgesinde 199 bin 207 sand\u0131kta oy kullanacak.<\/p>\n<p style=\"text-align: justify;\">Se\u00e7ime 15 siyasi parti kat\u0131lacak. Se\u00e7imde 7 bin 492&#8217;si siyasi partilerden, 203&#8217;\u00fc de ba\u011f\u0131ms\u0131z olmak \u00fczere toplam 7 bin 695 <\/p>\n","protected":false},"author":1,"featured_media":0,"comment_status":"open","ping_status":"closed","sticky":false,"template":"","format":"standard","meta":{"footnotes":""},"categories":[105],"tags":[],"class_list":["post-32592","post","type-post","status-publish","format-standard","hentry","category-gundem","odd"],"_links":{"self":[{"href":"http:\/\/www.korhanyilmaz.com\/index.php?rest_route=\/wp\/v2\/posts\/32592","targetHints":{"allow":["GET"]}}],"collection":[{"href":"http:\/\/www.korhanyilmaz.com\/index.php?rest_route=\/wp\/v2\/posts"}],"about":[{"href":"http:\/\/www.korhanyilmaz.com\/index.php?rest_route=\/wp\/v2\/types\/post"}],"author":[{"embeddable":true,"href":"http:\/\/www.korhanyilmaz.com\/index.php?rest_route=\/wp\/v2\/users\/1"}],"replies":[{"embeddable":true,"href":"http:\/\/www.korhanyilmaz.com\/index.php?rest_route=%2Fwp%2Fv2%2Fcomments&post=32592"}],"version-history":[{"count":0,"href":"http:\/\/www.korhanyilmaz.com\/index.php?rest_route=\/wp\/v2\/posts\/32592\/revisions"}],"wp:attachment":[{"href":"http:\/\/www.korhanyilmaz.com\/index.php?rest_route=%2Fwp%2Fv2%2Fmedia&parent=32592"}],"wp:term":[{"taxonomy":"category","embeddable":true,"href":"http:\/\/www.korhanyilmaz.com\/index.php?rest_route=%2Fwp%2Fv2%2Fcategories&post=32592"},{"taxonomy":"post_tag","embeddable":true,"href":"http:\/\/www.korhanyilmaz.com\/index.php?rest_route=%2Fwp%2Fv2%2Ftags&post=32592"}],"curies":[{"name":"wp","href":"https:\/\/api.w.org\/{rel}","templated":true}]}}