{"id":32568,"date":"2011-05-11T18:51:58","date_gmt":"2011-05-11T15:51:58","guid":{"rendered":"http:\/\/www.korhanyilmaz.com\/?p=32568"},"modified":"2011-05-11T18:51:58","modified_gmt":"2011-05-11T15:51:58","slug":"sifre-iddiasina-takipsizlik","status":"publish","type":"post","link":"http:\/\/www.korhanyilmaz.com\/?p=32568","title":{"rendered":"\u015eifre \u0130ddias\u0131na Takipsizlik"},"content":{"rendered":"<p style=\"text-align: justify;\"><a href=\"http:\/\/www.korhanyilmaz.com\/wp-content\/uploads\/2011\/05\/155.jpg\"  class=\"lightview\"><img loading=\"lazy\" decoding=\"async\" class=\"aligncenter size-full wp-image-32569\" title=\"\" src=\"http:\/\/www.korhanyilmaz.com\/wp-content\/uploads\/2011\/05\/155.jpg\" alt=\"\" width=\"360\" height=\"180\" \/><\/a><\/p>\n<p style=\"text-align: justify;\">ANKARA &#8211; Ankara Cumhuriyet Ba\u015fsavc\u0131l\u0131\u011f\u0131, &#8220;YGS&#8217;deki \u015fifre&#8221; iddialar\u0131na ili\u015fkin y\u00fcr\u00fctt\u00fc\u011f\u00fc soru\u015fturmay\u0131 tamamlad\u0131. Ba\u015fsavc\u0131l\u0131k, \u00d6SYM Ba\u015fkan\u0131 Ali Demir ile YGS Koordinat\u00f6r\u00fc ve di\u011fer yetkililer hakk\u0131nda Y\u00d6K Ba\u015fkanl\u0131\u011f\u0131ndan soru\u015fturma izni istedi.<\/p>\n<p style=\"text-align: justify;\">Ankara Cumhuriyet Ba\u015fsavc\u0131l\u0131\u011f\u0131, &#8221;YGS&#8217;deki \u015fifre&#8221; iddialar\u0131na ili\u015fkin soru\u015fturmayla ilgili takipsizlik karar\u0131 verdi.<!--more--><\/p>\n<p style=\"text-align: justify;\">Ankara Cumhuriyet\u00a0Ba\u015fsavc\u0131vekili \u015eadan\u00a0Sak\u0131nan, iddialar \u00fczerine y\u00fcr\u00fct\u00fclen soru\u015fturmay\u0131 tamamlad\u0131. Sak\u0131nan, soru\u015fturma sonucunda &#8221;kovu\u015fturmaya yer olmad\u0131\u011f\u0131na&#8221; karar verdi.<\/p>\n<p style=\"text-align: justify;\">Kararda, &#8221;Ba\u015fsavc\u0131l\u0131\u011f\u0131m\u0131zca soru\u015fturmaya konu su\u00e7lar nedeniyle takibi gerektirir herhangi bir su\u00e7 unsuru bulunmad\u0131\u011f\u0131ndan, olay nedeniyle kamu ad\u0131na kovu\u015fturmaya yer olmad\u0131\u011f\u0131na karar verildi&#8221; denildi.<\/p>\n<p style=\"text-align: justify;\">[flv]http:\/\/www.aa.com.tr\/images\/stories\/goruntu\/2011\/05\/sifreiddialarinatakipsizlik.mp4[\/flv]<\/p>\n<p style=\"text-align: justify;\"><a href=\"http:\/\/www.korhanyilmaz.com\/?p=32573\"><strong><span style=\"color: #993300;\">KARARIN AYRINTILARI &gt;&gt;&gt;<\/span><\/strong><\/a><\/p>\n<p style=\"text-align: justify;\"><strong>KARAR 7. \u0130DARE MAHKEMES\u0130NDE<\/strong><\/p>\n<p style=\"text-align: justify;\">Ankara Cumhuriyet Ba\u015fsavc\u0131l\u0131\u011f\u0131, &#8221;YGS&#8217;deki \u015fifre&#8221; iddialar\u0131na ili\u015fkin soru\u015fturmada verdi\u011fi &#8221;kovu\u015fturmaya yer olmad\u0131\u011f\u0131&#8221; karar\u0131n\u0131, \u00f6zel kurye ile Ankara 7. \u0130dare Mahkemesi&#8217;ne g\u00f6nderdi.<\/p>\n<p style=\"text-align: justify;\">Bir \u00f6rne\u011fi Y\u00d6K Ba\u015fkanl\u0131\u011f\u0131na da g\u00f6nderilen karara 15 g\u00fcn i\u00e7erisinde Sincan A\u011f\u0131r Ceza Mahkemesinde itiraz edilebilece\u011fi bildirildi.<\/p>\n<p style=\"text-align: justify;\"><strong>\u00d6SYM BA\u015eKANI DEM\u0130R\u00a0HAKKINDA\u00a0SORU\u015eTURMA \u0130ZN\u0130 \u0130STEND\u0130<\/strong><\/p>\n<p style=\"text-align: justify;\">Ankara Cumhuriyet Ba\u015fsavc\u0131l\u0131\u011f\u0131, &#8221;YGS&#8217;deki \u015fifre&#8221; iddialar\u0131na ili\u015fkin &#8221;takipsizlik&#8221; karar\u0131nda, \u00d6SYM Ba\u015fkan\u0131 Ali Demir ile YGS Koordinat\u00f6r\u00fc ve di\u011fer yetkililer hakk\u0131nda Y\u00d6K Ba\u015fkanl\u0131\u011f\u0131ndan soru\u015fturma izni istedi.<\/p>\n<p style=\"text-align: justify;\">Ba\u015fsavc\u0131l\u0131k\u00e7a verilen &#8221;takipsizlik&#8221; karar\u0131nda, \u00d6SYM Ba\u015fkan\u0131, YGS Koordinat\u00f6r\u00fc ve di\u011fer yetkililer hakk\u0131nda &#8221;g\u00f6revi ihmal&#8221; ve &#8221;g\u00f6revin k\u00f6t\u00fcye kullan\u0131lmas\u0131&#8221; iddialar\u0131yla ilgili evrak\u0131n 6114 say\u0131l\u0131 yasa gere\u011fince Y\u00d6K Ba\u015fkanl\u0131\u011f\u0131na soru\u015fturma izni i\u00e7in g\u00f6nderilmesine karar verildi\u011fi belirtildi.<\/p>\n<p style=\"text-align: justify;\"><strong>&#8221;\u015e\u0130FRE OLARAK ADLANDIRILAN UYGULAMA VARDIR&#8221;<\/strong><\/p>\n<p style=\"text-align: justify;\">Kararda, bilirki\u015fi raporundaki \u015fu ifadelere de yer verildi:<\/p>\n<p style=\"text-align: justify;\">&#8221;\u00d6zetle, YGS-2011&#8217;de kamuoyunda \u015fifre olarak adland\u0131r\u0131lan uygulama vard\u0131r. \u015eifre olarak bilinen uygulama, kullan\u0131lan program\u0131n eksikli\u011finden, \u00d6SYM TAB \u00e7al\u0131\u015fanlar\u0131n\u0131n program kullan\u0131m\u0131 hakk\u0131nda yeterlili\u011fe sahip olmamas\u0131 ve YGS koordinat\u00f6r\u00fcn\u00fcn gerekli denetimi yapmamas\u0131 ve kapal\u0131 d\u00f6nemde g\u00f6r\u00fclen eksikliklere m\u00fcdahale etmemesinden kaynaklanmaktad\u0131r. Bahse konu form\u00fclasyon ile 40 soruluk matematik testinde bulunan 29 sorudan 15,25 net elde etme imkan\u0131 bulunmaktad\u0131r. Ancak YGS-2011&#8217;de hi\u00e7bir aday\u0131n yukar\u0131daki form\u00fclasyondan istifade ederek haks\u0131z avantaj sa\u011flad\u0131\u011f\u0131na dair bulguya rastlanmam\u0131\u015ft\u0131r.&#8221;<\/p>\n<p style=\"text-align: justify;\"><strong>YAZILIM 2010 MEZUNU M\u00dcHEND\u0130STEN<\/strong><\/p>\n<p style=\"text-align: justify;\">Kararda, raporun &#8221;Genel De\u011ferlendirme&#8221; b\u00f6l\u00fcm\u00fcnde \u015fu saptamalarda bulunuldu\u011fu bildirildi:<\/p>\n<p style=\"text-align: justify;\">&#8221;\u00d6SYM taraf\u0131ndan YGS-2011&#8217;de her adaya \u00f6zel soru kitap\u00e7\u0131klar\u0131 olu\u015fturulmas\u0131 hedeflenmi\u015f ve uygulamaya konulmu\u015ftur.<\/p>\n<p style=\"text-align: justify;\">S\u0131nava giren her aday i\u00e7in tekil soru ve cevap dizili\u015fini sa\u011flayacak bilgisayar program\u0131 Meteksan taraf\u0131ndan \u00fcretilmi\u015ftir. Yaz\u0131l\u0131m\u0131n s\u0131navda kullan\u0131lan son versiyonunu geli\u015ftiren, Meteksan personeli olan 2010 y\u0131l\u0131 mezunu bir bilgisayar m\u00fchendisidir.<\/p>\n<p style=\"text-align: justify;\">Adaya \u00f6zel kitap\u00e7\u0131k haz\u0131rlamada kullan\u0131lan ve Meteksan taraf\u0131ndan geli\u015ftirilen yaz\u0131l\u0131m YGS-2011&#8217;in bas\u0131m s\u00fcrecinde hen\u00fcz son halini almam\u0131\u015ft\u0131r.&#8221;<\/p>\n<p style=\"text-align: justify;\"><strong>&#8221;\u015e\u0130FRE Y\u00d6NTEM\u0130 SADECE BASIN K\u0130TAP\u00c7I\u011eI \u0130\u00c7\u0130N GE\u00c7ERL\u0130&#8221;<\/strong><\/p>\n<p style=\"text-align: justify;\">Karar\u0131n &#8221;\u015fifreleme iddialar\u0131n\u0131n de\u011ferlendirilmesine&#8221; ili\u015fkin b\u00f6l\u00fcm\u00fcnde \u015funlar kaydedildi:<\/p>\n<p style=\"text-align: justify;\">&#8221;\u0130lk olarak 2 Nisan 2011&#8217;de bas\u0131nda yer alan \u015fifre y\u00f6ntemi, \u015f\u0131klarda yer alan de\u011ferler k\u00fc\u00e7\u00fckten b\u00fcy\u00fc\u011fe dizilip bas\u0131n kitap\u00e7\u0131\u011f\u0131ndaki \u015f\u0131klar\u0131n alt\u0131na yerle\u015ftirildi\u011finde alt alta gelen ayn\u0131 \u015f\u0131kk\u0131n do\u011fru cevap olmas\u0131 olarak a\u00e7\u0131klanmaktad\u0131r. Artvin&#8217;deki bir avukat taraf\u0131ndan tespit edilen bu \u015fifre y\u00f6ntemi \u00f6ncelikle incelenmi\u015f olup bu durumun sadece bas\u0131n kitap\u00e7\u0131\u011f\u0131 i\u00e7in ge\u00e7erli bir durum oldu\u011fu g\u00f6r\u00fclm\u00fc\u015ft\u00fcr.\u00a0Aday soru kitap\u00e7\u0131klar\u0131 incelendi\u011finde, varl\u0131\u011f\u0131 iddia edilen bu \u015fifrenin bu kitap\u00e7\u0131klarda olmad\u0131\u011f\u0131, aday kitap\u00e7\u0131klar\u0131nda ayn\u0131 metodolojinin uygulamas\u0131 durumunda anlams\u0131z sonu\u00e7lara g\u00f6t\u00fcrd\u00fc\u011f\u00fc tespit edilmi\u015ftir.\u00a0Bas\u0131n kitap\u00e7\u0131\u011f\u0131nda bu y\u00f6ntemin uygulanabilmesinin sebebi, bas\u0131n kitap\u00e7\u0131\u011f\u0131n\u0131n yap\u0131s\u0131 itibariyle hem aday kitap\u00e7\u0131klar\u0131na hem de master kitap\u00e7\u0131\u011fa benzememesidir. Bas\u0131n kitap\u00e7\u0131\u011f\u0131n\u0131n \u00fcretilmesi a\u015famas\u0131nda s\u0131nav\u0131n t\u00fcm gidi\u015fat\u0131ndan farkl\u0131 \u00fc\u00e7 farkl\u0131 tercih yap\u0131ld\u0131\u011f\u0131 g\u00f6r\u00fclmektedir.&#8221;<\/p>\n<p style=\"text-align: justify;\">Bu tercihlerin master kitap\u00e7\u0131\u011f\u0131n bas\u0131na verilmemesi, s\u0131nav\u0131n t\u00fcm\u00fcndeki algoritmayla \u00fcretilen bir kitap\u00e7\u0131\u011f\u0131n ve cevap anahtar\u0131n\u0131n \u00fcretilmemesi ve bas\u0131n kitap\u00e7\u0131\u011f\u0131 sorular\u0131n\u0131n ve do\u011fru cevaplar\u0131n\u0131n yerlerinin master kitap\u00e7\u0131kla ayn\u0131 olmas\u0131n\u0131n sa\u011flanarak yanl\u0131\u015f cevaplar\u0131n yerlerinin de\u011fi\u015ftirilmesi oldu\u011funun anla\u015f\u0131ld\u0131\u011f\u0131 belirtilen kararda, &#8221;S\u0131nav ve sonraki s\u00fcre\u00e7te yap\u0131lan incelemede Google istatistiklerinde s\u0131navdan sonra bu iki konunun (mod-medyan) aranmas\u0131nda art\u0131\u015f oldu\u011fu g\u00f6r\u00fclmekle birlikte Google&#8217;\u0131n arama istatistiklerini g\u00f6sterdi\u011fi sayfas\u0131nda bu y\u0131l\u0131n mart ay\u0131nda mod-medyan konusunda kayda de\u011fer bir arama say\u0131s\u0131 olmad\u0131\u011f\u0131n\u0131, bu konudaki as\u0131l art\u0131\u015f\u0131n s\u0131navla ilgili haberlerin medyada yer ald\u0131\u011f\u0131 3 Nisan 2011&#8217;de oldu\u011fu g\u00f6r\u00fcld\u00fc&#8221; denildi.<\/p>\n<p style=\"text-align: justify;\"><strong>&#8221;HERHANG\u0130 B\u0130R ADAYA B\u0130LG\u0130 ULA\u015eTI\u011eI TESP\u0130T\u0130 BULUNMAMAKTADIR&#8221;<\/strong><\/p>\n<p style=\"text-align: justify;\">Aday kitap\u00e7\u0131klar\u0131na ait veriler incelendi\u011finde, matematik testine ait 40 sorudan say\u0131sal de\u011fere sahip se\u00e7eneklere sahip 29 soruda kamuoyuna duyurulan \u015fifreleme y\u00f6nteminin uygulanabilece\u011finin soru k\u00fcmesi olarak belirlendi\u011fi kaydedilen kararda, bu sorular\u0131n master kitap\u00e7\u0131ktaki s\u0131ra numaralar\u0131na yer verildi.<\/p>\n<p style=\"text-align: justify;\">Kalan 11 sorunun ise se\u00e7eneklerin say\u0131sal de\u011ferler i\u00e7ermemesi nedeniyle \u015fifre y\u00f6ntemine uygun olmad\u0131\u011f\u0131 belirtilen kararda, \u015funlar kaydedildi:<\/p>\n<p style=\"text-align: justify;\">&#8221;Aday kitap\u00e7\u0131klar\u0131nda en b\u00fcy\u00fck say\u0131sal de\u011fere sahip \u015f\u0131kk\u0131n sa\u011f\u0131ndaki \u015f\u0131kk\u0131n do\u011fru cevap oldu\u011fu soru say\u0131s\u0131n\u0131n her kitap\u00e7\u0131k i\u00e7in 18 soru oldu\u011fu tespit edilmi\u015ftir. Herhangi bir aday kendisine verilen kitap\u00e7\u0131kta e\u011fer bu 29 soruda en b\u00fcy\u00fck se\u00e7ene\u011fin sa\u011f\u0131ndaki se\u00e7ene\u011fi i\u015faretler ise 18 do\u011fru 11 yanl\u0131\u015fa sahip olacakt\u0131r. Bu y\u00f6ntemi uygulamak ba\u015far\u0131l\u0131 bir aday\u0131n lehine olmayacakt\u0131r. Baz\u0131 adaylara haks\u0131z avantaj sa\u011flatmak i\u00e7in s\u0131navdan \u00f6nce &#8216;En b\u00fcy\u00fc\u011f\u00fcn sa\u011f\u0131ndaki se\u00e7ene\u011fi i\u015faretle&#8217; diye bir bilgi verilmi\u015f bile olsa hangi aday kitap\u00e7\u0131\u011f\u0131nda hangi sorular i\u00e7in en b\u00fcy\u00fck se\u00e7ene\u011fin sa\u011f\u0131ndaki se\u00e7ene\u011fin do\u011fru oldu\u011fu bilgisi bulunmamaktad\u0131r. Bu bilgi s\u0131nav\u0131n bas\u0131m\u0131 i\u00e7in matbaaya kapal\u0131 d\u00f6neme girilmesinden sonra bas\u0131m a\u015famas\u0131nda belirlenmektedir. Bu nedenle kapal\u0131 d\u00f6nem olmas\u0131 nedeniyle bu bilginin herhangi bir adaya ula\u015ft\u0131r\u0131ld\u0131\u011f\u0131na dair tespit bulunmamaktad\u0131r.&#8221;<\/p>\n<p style=\"text-align: justify;\">Kararda, en b\u00fcy\u00fck de\u011ferli se\u00e7ene\u011fin sa\u011f\u0131ndaki se\u00e7enek i\u015faretlenerek sorular\u0131n tamam\u0131n\u0131n do\u011fru olarak yap\u0131labilece\u011fi herhangi bir aday kitap\u00e7\u0131\u011f\u0131n\u0131n bulunmad\u0131\u011f\u0131 bildirildi.<\/p>\n<p style=\"text-align: justify;\"><strong>2 B\u0130N 52 ADAYIN SONUCUNDA D\u00dcZELTME YAPILDI<\/strong><\/p>\n<p style=\"text-align: justify;\">&#8221;YGS&#8217;de belirtilen \u015fekilde adaya \u00f6zg\u00fc kitap\u00e7\u0131k uygulamas\u0131na esas olarak cevap setlerinin yerle\u015fiminde matematik testinin sorular\u0131 programa girilirken s\u0131nav koordinat\u00f6r\u00fcn\u00fcn program\u0131n \u00fcretti\u011fi cevap \u015f\u0131kk\u0131 d\u00f6n\u00fc\u015f\u00fcm tablosunu gerekti\u011fi gibi de\u011fi\u015ftirmemek suretiyle bu \u015fifrelemeye sebebiyet verildi\u011fi&#8221; ifade edilen kararda, YGS sonu\u00e7lar\u0131n\u0131n 5 May\u0131s&#8217;ta a\u00e7\u0131klanmas\u0131n\u0131n ard\u0131ndan s\u0131nava giren adaylardan hesaplaman\u0131n yanl\u0131\u015f oldu\u011funa dair itirazlar geldi\u011fi, bunun Meteksan&#8217;da bas\u0131lan yedek kitap\u00e7\u0131klar\u0131n cevap anahtarlar\u0131n\u0131n yanl\u0131\u015f olu\u015fturulmas\u0131ndan kaynakland\u0131\u011f\u0131, ek raporun verildi\u011fi tarih itibariyle \u00d6SYM taraf\u0131ndan 2 bin 52 aday\u0131n sonucunda d\u00fczeltme yap\u0131ld\u0131\u011f\u0131 belirtildi.<\/p>\n<p style=\"text-align: justify;\">Kararda, t\u00fcm aday kitap\u00e7\u0131klar\u0131nda ve bas\u0131n kitap\u00e7\u0131\u011f\u0131nda 18 soru i\u00e7in \u015fifre olarak de\u011ferlendirilebilecek sorular bulundu\u011fu, aday kitap\u00e7\u0131klar\u0131nda ilgili \u015fifrenin t\u00fcm matematik sorular\u0131n\u0131 kapsamad\u0131\u011f\u0131 ve \u015fifre olarak adland\u0131r\u0131lan y\u00f6nteme uyan sorular\u0131n soru numaras\u0131n\u0131n ve se\u00e7eneklerinin aday bazl\u0131 farkl\u0131l\u0131k g\u00f6stermesi ve bunun bas\u0131m esnas\u0131nda belirlenmesi nedeniyle bu y\u00f6ntemin herhangi bir adaya s\u0131navdan \u00f6nce verildi\u011fine dair hi\u00e7bir tespit bulunmad\u0131\u011f\u0131 ifade edildi.<\/p>\n<p style=\"text-align: justify;\"><strong>&#8221;TAK\u0130B\u0130 GEREKT\u0130R\u0130R SU\u00c7 UNSURU BULUNMUYOR&#8221;<\/strong><\/p>\n<p style=\"text-align: justify;\">&#8221;Hi\u00e7bir aday\u0131n s\u0131nav esnas\u0131nda bu \u015fifre sisteminden faydaland\u0131\u011f\u0131na y\u00f6nelik bir bulgu tespit edilmedi\u011fi&#8221; kaydedilen kararda, bilgisayar program\u0131nda belirli bir adaya \u00f6zg\u00fc kitap\u00e7\u0131k ve cevap seti haz\u0131rlama \u00f6zelli\u011fi bulunmad\u0131\u011f\u0131 belirtilerek, \u015f\u00f6yle denildi:<\/p>\n<p style=\"text-align: justify;\">&#8221;K\u0131saca, YGS-2011&#8217;de herhangi bir kopya ve s\u0131nav sonucunu ilgilendiren ba\u015fka bir usuls\u00fczl\u00fc\u011f\u00fcn tespit edilmedi\u011fi, olay\u0131n \u00d6SYM, YGS koordinat\u00f6r\u00fc ve Meteksan firmas\u0131 yetkililerinin kamuoyunun hassasiyeti ve s\u0131nav\u0131n g\u00fcvenilirli\u011fi hususunda uygulama s\u0131ras\u0131nda \u00fczerlerine d\u00fc\u015fen dikkat ve \u00f6zeni g\u00f6stermeyerek adaya \u00f6zg\u00fc kitap\u00e7\u0131k bas\u0131m\u0131 i\u00e7in \u00fcretilen yaz\u0131l\u0131m tamamlanmadan, \u00fczerinde yeterli inceleme ve analiz yap\u0131lmadan, yaz\u0131l\u0131m\u0131 paket program haline gelmeden kullanarak, bu kullan\u0131m esnas\u0131nda soru cevap se\u00e7eneklerinin yerlerini de\u011fi\u015ftirmeyerek kamuoyunda \u015fifre olarak adland\u0131r\u0131lan form\u00fclasyona sebebiyet verdikleri, bas\u0131n ve master kitap\u00e7\u0131\u011f\u0131n\u0131n olu\u015fturulmas\u0131 a\u015famas\u0131nda ise s\u0131navda uygulanan adaya \u00f6zg\u00fc kitap\u00e7\u0131k sisteminin kullan\u0131ld\u0131\u011f\u0131 ancak aday kitap\u00e7\u0131klar\u0131n\u0131n olu\u015fturulma s\u00fcrecinden farkl\u0131 olarak \u00f6zel tercihlerde bulunuldu\u011fu ve bu tercihlere g\u00f6re bas\u0131n kitap\u00e7\u0131\u011f\u0131nda mod-medyan ve &#8216;en b\u00fcy\u00fck say\u0131sal de\u011fere sahip \u015f\u0131kk\u0131n sa\u011f\u0131ndaki cevap \u015f\u0131kk\u0131n\u0131n do\u011fru se\u00e7enek olmas\u0131&#8217; diye adland\u0131r\u0131lan iki farkl\u0131 algoritmal\u0131 cevap \u015f\u0131klar\u0131n\u0131n olu\u015ftu\u011fu, ayr\u0131ca bask\u0131 hatalar\u0131 yapmak suretiyle kamuoyunda tart\u0131\u015fmaya, s\u0131nav \u00fczerinde \u015f\u00fcphe olu\u015fmas\u0131na ve s\u0131nav sonu\u00e7lar\u0131 \u00fczerinde kayg\u0131 olu\u015fturulmas\u0131na sebebiyet verdikleri kanaatine var\u0131lm\u0131\u015fsa da ba\u015fsavc\u0131l\u0131\u011f\u0131m\u0131zca soru\u015fturmaya konu su\u00e7lar nedeniyle takibi gerektirir su\u00e7 unsuru bulunmad\u0131\u011f\u0131ndan, olay nedeniyle kamu ad\u0131na kovu\u015fturmaya yer olmad\u0131\u011f\u0131na karar verildi.&#8221;<\/p>\n<p style=\"text-align: justify;\"><a href=\"http:\/\/www.korhanyilmaz.com\/?p=32577 \"><strong><span style=\"color: #993300;\">Y\u00d6K DE SANIK OLMALI &gt;&gt;&gt;<\/span><\/strong><\/a><\/p>\n<p style=\"text-align: justify;\"><strong>DANI\u015eTAY HUKUK\u0130 N\u0130TEL\u0130\u011e\u0130N\u0130 SORDU\u00a0<\/strong><\/p>\n<p style=\"text-align: justify;\">YGS&#8217;deki \u015fifre iddialar\u0131 \u00fczerine, S\u0131nav Uygulama Y\u00f6nergesinin iptali istemiyle a\u00e7\u0131lan\u00a0davay\u0131 g\u00f6r\u00fc\u015fen Dan\u0131\u015ftay 8. Dairesi, ara karar vererek,\u00a0\u00d6SYM&#8217;den\u00a0&#8221;Adaya \u00d6zg\u00fc Soru Kitap\u00e7\u0131\u011f\u0131&#8217;na ili\u015fkin s\u0131nav y\u00f6nergesinin&#8221; hukuki niteli\u011fini sordu.<\/p>\n<p style=\"text-align: justify;\">Ankara Barosuna kay\u0131tl\u0131 avukat Bilal Kolb\u00fcken, s\u0131nav\u0131n ve adaya \u00f6zg\u00fc soru kitap\u00e7\u0131\u011f\u0131na ili\u015fkin s\u0131nav y\u00f6nergesinin y\u00fcr\u00fctmesinin durdurulmas\u0131 ve iptali i\u00e7in Dan\u0131\u015ftayda dava a\u00e7m\u0131\u015ft\u0131.<\/p>\n<p style=\"text-align: justify;\">AA muhabirinin ald\u0131\u011f\u0131 bilgiye g\u00f6re, davay\u0131 g\u00f6r\u00fc\u015fen Dan\u0131\u015ftay 8. Dairesi, d\u00fcn ara karar vererek, \u00d6SYM&#8217;ye iptali istenen Y\u00f6nergenin hukuki niteli\u011fini sordu. Ara kararda,\u00a0&#8221;Adaya \u00d6zg\u00fc Soru Kitap\u00e7\u0131\u011f\u0131&#8217;na ili\u015fkin s\u0131nav y\u00f6nergesinin, yaln\u0131zca 2011 YGS&#8217;de mi, yoksa di\u011fer t\u00fcm s\u0131navlar da m\u0131 uygulan\u0131p uygulanmad\u0131\u011f\u0131&#8221; soruldu.<\/p>\n<p style=\"text-align: justify;\">\u00d6SYM&#8217;nin ara karara yan\u0131t vermesi i\u00e7in 15 g\u00fcnl\u00fck s\u00fcre verildi.<\/p>\n<p style=\"text-align: justify;\">Avukat Kolb\u00fcken&#8217;in, \u00c7ankaya Atat\u00fcrk Lisesinden 2009&#8217;da mezun olan ve 27 Mart 2011&#8217;deki YGS&#8217;ye giren m\u00fcvekkili O.K.\u00d6. ad\u0131na a\u00e7t\u0131\u011f\u0131 davan\u0131n dilek\u00e7esinde, &#8221;\u00d6SYM&#8217;nin &#8216;Adaya \u00d6zg\u00fc Soru Kitap\u00e7\u0131\u011f\u0131&#8217;na ili\u015fkin s\u0131nav y\u00f6nergesinin, hukuk d\u00fczeninde de\u011fi\u015fiklik meydana getirmesi, kural koymas\u0131, \u00fclke \u00e7ap\u0131nda uygulanmas\u0131 ve s\u0131nava giren t\u00fcm \u00f6\u011frencileri ba\u011flay\u0131c\u0131 olmas\u0131 nedeniyle d\u00fczenleyici i\u015flem niteli\u011fi ta\u015f\u0131d\u0131\u011f\u0131&#8221; belirtilerek, &#8221;Daval\u0131 idarenin s\u00f6z konusu s\u0131nav y\u00f6nergesinin ve her adaya ayr\u0131 kitap\u00e7\u0131k uygulamas\u0131n\u0131n bu y\u00f6n\u00fcyle mahkemenizce de\u011ferlendirilmesi ve e\u015fitlik ilkesini ihlal etti\u011finin anla\u015f\u0131lmas\u0131 halinde, elbette y\u00f6nergenin de, bu y\u00f6nergeye dayan\u0131larak ger\u00e7ekle\u015ftirilen s\u0131nav\u0131n da iptali gerekmektedir&#8221; denilmi\u015fti.<\/p>\n<p style=\"text-align: justify;\"><strong>SORU\u015eTURMA \u0130ZN\u0130N\u0130 Y\u00d6K GENEL KURULU VERECEK<\/strong><\/p>\n<p style=\"text-align: justify;\">6114 say\u0131l\u0131 \u00d6l\u00e7me, Se\u00e7me ve Yerle\u015ftirme Merkezi Ba\u015fkanl\u0131\u011f\u0131n\u0131n Te\u015fkilat ve G\u00f6revleri Hakk\u0131nda Kanun&#8217;a g\u00f6re, \u00d6SYM Ba\u015fkan\u0131 hakk\u0131nda soru\u015fturma izni karar\u0131 vermeye Y\u00d6K Genel Kurulu yetkili bulunuyor.<\/p>\n<p style=\"text-align: justify;\">\u00d6SYM&#8217;nin 3 Mart 2011&#8217;de de\u011fi\u015ftirilen yeni kanununun &#8221;cezai h\u00fck\u00fcmleri&#8221; i\u00e7eren 10. maddesinin 8. f\u0131kras\u0131nda, &#8221;Bu kanun h\u00fck\u00fcmlerine g\u00f6re kamu g\u00f6revlisi say\u0131lan ki\u015filer hakk\u0131nda, g\u00f6revleriyle ba\u011flant\u0131l\u0131 olarak i\u015fledikleri iddia edilen su\u00e7lardan dolay\u0131, 2 Aral\u0131k 1999 tarihli ve 4483 say\u0131l\u0131 Memurlar ve Di\u011fer Kamu G\u00f6revlilerinin Yarg\u0131lanmas\u0131 Hakk\u0131nda Kanun h\u00fck\u00fcmlerine g\u00f6re, soru\u015fturma izni karar\u0131 vermeye \u00d6SYM Y\u00f6netim Kurulu; Y\u00f6netim Kurulu Ba\u015fkan ve \u00fcyeleri hakk\u0131nda ise Y\u00fcksek\u00f6\u011fretim Genel Kurulu yetkilidir&#8221; h\u00fckm\u00fcne yer veriliyor.<\/p>\n<p style=\"text-align: justify;\">Ayn\u0131 kanunun 4. maddesinde de \u00d6SYM Ba\u015fkan\u0131&#8217;n\u0131n g\u00f6rev s\u00fcresi dolmadan g\u00f6revine son verilemeyece\u011fi ancak atanmak i\u00e7in gerekli \u015fartlar\u0131 ta\u015f\u0131mad\u0131\u011f\u0131 ya da kaybetti\u011finin tespit edilmesi veya g\u00f6revini yerine getiremeyece\u011finin Y\u00fcksek\u00f6\u011fretim Genel Kurulu karar\u0131yla tespit edilmesi ve resmi sa\u011fl\u0131k kurulu raporu ile belgelenmesi halinde, Ba\u015fkan&#8217;\u0131n g\u00f6rev s\u00fcresi dolmadan atand\u0131\u011f\u0131 usule g\u00f6re g\u00f6revden al\u0131nabilece\u011fi kaydediliyor.<\/p>\n<p style=\"text-align: justify;\">Y\u00d6K, devlet \u00fcniversitelerinde g\u00f6rev yapan profes\u00f6r unvan\u0131na sahip \u00f6\u011fretim \u00fcyeleri aras\u0131ndan \u00fc\u00e7 aday belirleyerek Milli E\u011fitim Bakanl\u0131\u011f\u0131na sunuyor. \u00d6SYM Ba\u015fkan\u0131, m\u00fc\u015fterek kararnameyle d\u00f6rt y\u0131ll\u0131\u011f\u0131na Cumhurba\u015fkan\u0131 taraf\u0131ndan atan\u0131yor.<\/p>\n<p style=\"text-align: justify;\">Bu arada, Y\u00d6K Genel Kurulunun yar\u0131n toplanaca\u011f\u0131 ancak resmi g\u00fcndeminde \u00d6SYM Ba\u015fkan\u0131&#8217;na soru\u015fturma izni verilmesine ili\u015fkin konu bulunmad\u0131\u011f\u0131 \u00f6\u011frenildi. Genel Kurulda, ge\u00e7en hafta tamamlanamayan konular\u0131n ele al\u0131naca\u011f\u0131 kaydedildi.<\/p>\n<p style=\"text-align: justify;\">Ankara Cumhuriyet Ba\u015fsavc\u0131l\u0131\u011f\u0131, &#8221;YGS&#8217;deki \u015fifre&#8221; iddialar\u0131na ili\u015fkin bug\u00fcn a\u00e7\u0131klad\u0131\u011f\u0131 &#8221;takipsizlik&#8221; karar\u0131nda, \u00d6SYM Ba\u015fkan\u0131 Ali Demir ile YGS Koordinat\u00f6r\u00fc ve di\u011fer yetkililer hakk\u0131nda Y\u00d6K Ba\u015fkanl\u0131\u011f\u0131ndan soru\u015fturma izni istemi\u015fti.<\/p>\n<p style=\"text-align: justify;\">Ba\u015fsavc\u0131l\u0131k, \u00d6SYM Ba\u015fkan\u0131, YGS Koordinat\u00f6r\u00fc ve di\u011fer yetkililer hakk\u0131nda &#8221;g\u00f6revi ihmal&#8221; ve &#8221;g\u00f6revin k\u00f6t\u00fcye kullan\u0131lmas\u0131&#8221; iddialar\u0131yla ilgili evrak\u0131n, soru\u015fturma izni i\u00e7in\u00a06114 say\u0131l\u0131 Yasa gere\u011fince Y\u00d6K Ba\u015fkanl\u0131\u011f\u0131na g\u00f6nderilmesine karar vermi\u015fti.<\/p>\n<p style=\"text-align: justify;\"><a href=\"http:\/\/www.aa.com.tr\/tr\/ygs-sorusturmasi-tamam.html\" target=\"_blank\">Kaynak : AA<\/a><\/p>\n","protected":false},"excerpt":{"rendered":"<p style=\"text-align: justify;\">\n<p style=\"text-align: justify;\">ANKARA &#8211; Ankara Cumhuriyet Ba\u015fsavc\u0131l\u0131\u011f\u0131, &#8220;YGS&#8217;deki \u015fifre&#8221; iddialar\u0131na ili\u015fkin y\u00fcr\u00fctt\u00fc\u011f\u00fc soru\u015fturmay\u0131 tamamlad\u0131. Ba\u015fsavc\u0131l\u0131k, \u00d6SYM Ba\u015fkan\u0131 Ali Demir ile YGS Koordinat\u00f6r\u00fc ve di\u011fer yetkililer hakk\u0131nda Y\u00d6K Ba\u015fkanl\u0131\u011f\u0131ndan soru\u015fturma izni istedi.<\/p>\n<p style=\"text-align: justify;\">Ankara Cumhuriyet Ba\u015fsavc\u0131l\u0131\u011f\u0131, &#8221;YGS&#8217;deki \u015fifre&#8221; iddialar\u0131na ili\u015fkin soru\u015fturmayla ilgili takipsizlik karar\u0131 verdi.<\/p>\n","protected":false},"author":1,"featured_media":0,"comment_status":"open","ping_status":"closed","sticky":false,"template":"","format":"standard","meta":{"footnotes":""},"categories":[105],"tags":[],"class_list":["post-32568","post","type-post","status-publish","format-standard","hentry","category-gundem","odd"],"_links":{"self":[{"href":"http:\/\/www.korhanyilmaz.com\/index.php?rest_route=\/wp\/v2\/posts\/32568","targetHints":{"allow":["GET"]}}],"collection":[{"href":"http:\/\/www.korhanyilmaz.com\/index.php?rest_route=\/wp\/v2\/posts"}],"about":[{"href":"http:\/\/www.korhanyilmaz.com\/index.php?rest_route=\/wp\/v2\/types\/post"}],"author":[{"embeddable":true,"href":"http:\/\/www.korhanyilmaz.com\/index.php?rest_route=\/wp\/v2\/users\/1"}],"replies":[{"embeddable":true,"href":"http:\/\/www.korhanyilmaz.com\/index.php?rest_route=%2Fwp%2Fv2%2Fcomments&post=32568"}],"version-history":[{"count":0,"href":"http:\/\/www.korhanyilmaz.com\/index.php?rest_route=\/wp\/v2\/posts\/32568\/revisions"}],"wp:attachment":[{"href":"http:\/\/www.korhanyilmaz.com\/index.php?rest_route=%2Fwp%2Fv2%2Fmedia&parent=32568"}],"wp:term":[{"taxonomy":"category","embeddable":true,"href":"http:\/\/www.korhanyilmaz.com\/index.php?rest_route=%2Fwp%2Fv2%2Fcategories&post=32568"},{"taxonomy":"post_tag","embeddable":true,"href":"http:\/\/www.korhanyilmaz.com\/index.php?rest_route=%2Fwp%2Fv2%2Ftags&post=32568"}],"curies":[{"name":"wp","href":"https:\/\/api.w.org\/{rel}","templated":true}]}}