{"id":32562,"date":"2011-05-13T07:38:30","date_gmt":"2011-05-13T04:38:30","guid":{"rendered":"http:\/\/www.korhanyilmaz.com\/?p=32562"},"modified":"2011-05-13T07:38:30","modified_gmt":"2011-05-13T04:38:30","slug":"gazze-filosuna-dur-deyin","status":"publish","type":"post","link":"http:\/\/www.korhanyilmaz.com\/?p=32562","title":{"rendered":"&#8216;Gazze filosuna dur deyin&#8217;"},"content":{"rendered":"<p style=\"text-align: justify;\"><a href=\"http:\/\/www.korhanyilmaz.com\/wp-content\/uploads\/2011\/05\/153.jpg\"  class=\"lightview\"><img loading=\"lazy\" decoding=\"async\" class=\"aligncenter size-full wp-image-32563\" src=\"http:\/\/www.korhanyilmaz.com\/wp-content\/uploads\/2011\/05\/153.jpg\" alt=\"\" width=\"384\" height=\"254\" \/><\/a><\/p>\n<p style=\"text-align: justify;\">ABD Temsilciler Meclisi&#8217;nin 35 \u00fcyesi Ba\u015fbakan Erdo\u011fan&#8217;a mektup g\u00f6ndererek, Mavi Marmara&#8217;n\u0131n 2. kez Gazze&#8217;ye gitmesini engellemeye \u00e7a\u011f\u0131rd\u0131.<\/p>\n<p style=\"text-align: justify;\">\u0130STANBUL- ABD Temsilciler Meclisi \u00fcyeleri Ba\u015fbakan Erdo\u011fan\u2019\u0131 Gazze\u2019ye yola \u00e7\u0131kmas\u0131 beklenen yeni yard\u0131m filosunu engellemeye \u00e7a\u011f\u0131rd\u0131 ve bunun \u201chayat kurtarmak i\u00e7in benzersiz bir f\u0131rsat\u201d oldu\u011funu belirtti. <!--more--><\/p>\n<p style=\"text-align: justify;\">Erdo\u011fan\u2019a g\u00f6nderilen ve H\u00fcrriyet Daily News\u2019un \u00f6nceki gece Amerikan Kongresi\u2019nden bir kaynaktan elde etti\u011fi mektupta 36 Kongre \u00fcyesi, Ba\u015fbakan\u2019dan, haziran ay\u0131nda yola \u00e7\u0131kmas\u0131 beklenen Gazze\u2019ye yard\u0131m filosunu engellemek i\u00e7in \u201c\u0130srail h\u00fck\u00fcmeti ile verimli bir \u015fekilde \u00e7al\u0131\u015fmas\u0131n\u0131\u201d istiyor. Mektupta Erdo\u011fan\u2019a hitaben, \u201cYeni bir filoya alternatif daha yap\u0131c\u0131 bir \u00e7\u00f6z\u00fcm bularak hayat kurtarma ve k\u0131smen hassas bir d\u00f6nemde istikrar sa\u011flama konular\u0131nda benzersiz bir f\u0131rsata sahipsiniz\u201d ifadeleri yer ald\u0131 ve yeni yard\u0131m filosu i\u00e7in \u2018\u00e7at\u0131\u015fmay\u0131 k\u00f6r\u00fckleme giri\u015fimi\u2019 tabiri kullan\u0131ld\u0131.<\/p>\n<div id=\"attachment_32564\" style=\"width: 410px\" class=\"wp-caption aligncenter\"><a href=\"http:\/\/www.korhanyilmaz.com\/wp-content\/uploads\/2011\/05\/154.jpg\"  class=\"lightview\"><img loading=\"lazy\" decoding=\"async\" aria-describedby=\"caption-attachment-32564\" class=\"size-full wp-image-32564\" src=\"http:\/\/www.korhanyilmaz.com\/wp-content\/uploads\/2011\/05\/154.jpg\" alt=\"\" width=\"400\" height=\"267\" \/><\/a><p id=\"caption-attachment-32564\" class=\"wp-caption-text\">Ge\u00e7en y\u0131l 31 May\u0131s&#39;ta Gazze&#39;ye insani yard\u0131m g\u00f6t\u00fcren filoda bulunan Mavi Marmara gemisine \u0130srail komandolar\u0131 taraf\u0131ndan bask\u0131n d\u00fczenlenmi\u015f, 9 ki\u015fi \u00f6lm\u00fc\u015ft\u00fc.<\/p><\/div>\n<p style=\"text-align: justify;\"><strong>D\u0131\u015fi\u015fleri: Muhattap de\u011filiz<\/strong><\/p>\n<p style=\"text-align: justify;\">Aralar\u0131nda eski Temsilciler Meclisi D\u0131\u015f \u0130li\u015fkiler Komitesi Ba\u015fkan\u0131 Howard Berman ve etkin bir Demokrat olan Henry Waxman\u2019\u0131n da yer ald\u0131\u011f\u0131 Demokrat ve Cumhuriyet\u00e7i \u00fcyelerin imzalad\u0131\u011f\u0131 mektupta \u201cUmuyoruz ki h\u00fck\u00fcmetiniz Gazze\u2019ye provokasyon olmaks\u0131z\u0131n insani yard\u0131m g\u00f6nderilmesi ile ilgili \u0130srail\u2019le bir mekanizma olu\u015fturulmas\u0131n\u0131 sa\u011flayabilir\u201d dendi.<\/p>\n<p style=\"text-align: justify;\">D\u0131\u015fi\u015fleri Bakanl\u0131\u011f\u0131 S\u00f6zc\u00fcs\u00fc Sel\u00e7uk \u00dcnal mektubun kendilerine ula\u015ft\u0131\u011f\u0131n\u0131 do\u011frularken \u201cBu, aralar\u0131nda T\u00fcrkiye\u2019den de bir ya da iki sivil toplum kurulu\u015funun (STK) bulundu\u011fu uluslararas\u0131 STK\u2019lar\u0131n bir araya gelerek olu\u015fturdu\u011fu bir inisiyatif\u201d \u015feklinde konu\u015ftu. D\u0131\u015fi\u015fleri\u2019nden bir kaynak ise \u201cBir yan\u0131t vermek zorunda de\u011filiz, zira T\u00fcrk h\u00fck\u00fcmeti bu mektubun muhatab\u0131 de\u011fildir. Filo, d\u00fcnyan\u0131n d\u00f6rt bir yan\u0131ndan insanlar\u0131n kat\u0131l\u0131m\u0131yla ger\u00e7ekle\u015ftirilen bir sivil toplum inisiyatifi\u201d dedi.<\/p>\n<p style=\"text-align: justify;\"><strong>\u2018\u015eartlar\u0131m\u0131z de\u011fi\u015fmedi\u2019<\/strong><\/p>\n<p style=\"text-align: justify;\">ABD\u2019nin PBS televizyonunda Charlie Rose\u2019a konuk olan Ba\u015fbakan Tayyip Erdo\u011fan, Mavi Marmara bask\u0131n\u0131 konusunda T\u00fcrkiye\u2019nin \u015fartlar\u0131n\u0131n baki oldu\u011funu s\u00f6yledi. Erdo\u011fan, \u201cTavr\u0131m\u0131z kesin. 3 \u015fey istiyoruz: \u00d6z\u00fcr, tazminat ve Gazze\u2019ye ambargonun kald\u0131r\u0131lmas\u0131\u201d dedi. Erdo\u011fan, Hamas\u2019\u0131n bir ter\u00f6r \u00f6rg\u00fct\u00fc olmad\u0131\u011f\u0131n\u0131n alt\u0131n\u0131 \u00e7izdi. \u201cHamas bir siyasi partidir. Se\u00e7imlere girdiler\u201d diyen Erdo\u011fan, El Fetih ile Hamas\u2019\u0131n imzalad\u0131\u011f\u0131 anla\u015fman\u0131n bar\u0131\u015f i\u00e7in kritik bir ad\u0131m oldu\u011funu vurgulad\u0131. 32. G\u00fcn program\u0131na kat\u0131lan ABD\u2019nin Ankara B\u00fcy\u00fckel\u00e7isi Francis J. Ricciardone de, Mavi Marmara ile ilgili \u201c\u00c7ok ac\u0131 bir olayd\u0131. B\u00fcy\u00fck bir trajediydi. Kimin su\u00e7lu oldu\u011fuyla ilgilenmiyoruz. Ge\u00e7mi\u015f olsun diyoruz ve gelece\u011fe bak\u0131yoruz. T\u00fcrkiye ve \u0130srail\u2019in sa\u011fl\u0131kl\u0131 bir ili\u015fkiyi yeniden in\u015fa etmenin yollar\u0131n\u0131 bulmalar\u0131 hayati \u00f6nemde\u201d dedi. {TEL AV\u0130V-HAARETZ}<\/p>\n<p style=\"text-align: justify;\"><a href=\"http:\/\/www.radikal.com.tr\/Radikal.aspx?aType=RadikalDetayV3&amp;ArticleID=1049165&amp;Date=13.05.2011&amp;CategoryID=81\" target=\"_blank\">Kaynak : Radikal<\/a><\/p>\n","protected":false},"excerpt":{"rendered":"<p style=\"text-align: justify;\">\n<p style=\"text-align: justify;\">ABD Temsilciler Meclisi&#8217;nin 35 \u00fcyesi Ba\u015fbakan Erdo\u011fan&#8217;a mektup g\u00f6ndererek, Mavi Marmara&#8217;n\u0131n 2. kez Gazze&#8217;ye gitmesini engellemeye \u00e7a\u011f\u0131rd\u0131.<\/p>\n<p style=\"text-align: justify;\">\u0130STANBUL- ABD Temsilciler Meclisi \u00fcyeleri Ba\u015fbakan Erdo\u011fan\u2019\u0131 Gazze\u2019ye yola \u00e7\u0131kmas\u0131 beklenen yeni yard\u0131m filosunu engellemeye \u00e7a\u011f\u0131rd\u0131 ve bunun \u201chayat kurtarmak i\u00e7in benzersiz bir f\u0131rsat\u201d oldu\u011funu belirtti. <\/p>\n","protected":false},"author":1,"featured_media":0,"comment_status":"open","ping_status":"closed","sticky":false,"template":"","format":"standard","meta":{"footnotes":""},"categories":[105],"tags":[],"class_list":["post-32562","post","type-post","status-publish","format-standard","hentry","category-gundem","odd"],"_links":{"self":[{"href":"http:\/\/www.korhanyilmaz.com\/index.php?rest_route=\/wp\/v2\/posts\/32562","targetHints":{"allow":["GET"]}}],"collection":[{"href":"http:\/\/www.korhanyilmaz.com\/index.php?rest_route=\/wp\/v2\/posts"}],"about":[{"href":"http:\/\/www.korhanyilmaz.com\/index.php?rest_route=\/wp\/v2\/types\/post"}],"author":[{"embeddable":true,"href":"http:\/\/www.korhanyilmaz.com\/index.php?rest_route=\/wp\/v2\/users\/1"}],"replies":[{"embeddable":true,"href":"http:\/\/www.korhanyilmaz.com\/index.php?rest_route=%2Fwp%2Fv2%2Fcomments&post=32562"}],"version-history":[{"count":0,"href":"http:\/\/www.korhanyilmaz.com\/index.php?rest_route=\/wp\/v2\/posts\/32562\/revisions"}],"wp:attachment":[{"href":"http:\/\/www.korhanyilmaz.com\/index.php?rest_route=%2Fwp%2Fv2%2Fmedia&parent=32562"}],"wp:term":[{"taxonomy":"category","embeddable":true,"href":"http:\/\/www.korhanyilmaz.com\/index.php?rest_route=%2Fwp%2Fv2%2Fcategories&post=32562"},{"taxonomy":"post_tag","embeddable":true,"href":"http:\/\/www.korhanyilmaz.com\/index.php?rest_route=%2Fwp%2Fv2%2Ftags&post=32562"}],"curies":[{"name":"wp","href":"https:\/\/api.w.org\/{rel}","templated":true}]}}