{"id":32549,"date":"2011-05-12T15:43:27","date_gmt":"2011-05-12T12:43:27","guid":{"rendered":"http:\/\/www.korhanyilmaz.com\/?p=32549"},"modified":"2011-05-12T15:43:27","modified_gmt":"2011-05-12T12:43:27","slug":"ygs-iptaline-ret","status":"publish","type":"post","link":"http:\/\/www.korhanyilmaz.com\/?p=32549","title":{"rendered":"YGS iptaline ret"},"content":{"rendered":"<p style=\"text-align: justify;\"><a href=\"http:\/\/www.korhanyilmaz.com\/wp-content\/uploads\/2011\/05\/151.jpg\"  class=\"lightview\"><img loading=\"lazy\" decoding=\"async\" class=\"aligncenter size-full wp-image-32550\" src=\"http:\/\/www.korhanyilmaz.com\/wp-content\/uploads\/2011\/05\/151.jpg\" alt=\"\" width=\"320\" height=\"240\" \/><\/a><\/p>\n<p style=\"text-align: justify;\">Ankara 7. \u0130dare Mahkemesi, YGS&#8217;nin y\u00fcr\u00fctmesinin durdurulmas\u0131 istemini reddetti.<\/p>\n<p style=\"text-align: justify;\">ANKARA- YGS&#8217;deki \u015fifre iddialar\u0131 \u00fczerine s\u0131nav\u0131n iptali istemiyle Konyal\u0131 bir \u00f6\u011frenci ad\u0131na Ankara 7. \u0130dare Mahkemesinde dava a\u00e7an avukat Ahmet G\u00fcrol \u015ea\u011fban, s\u0131nav\u0131n iptali ve y\u00fcr\u00fctmesinin durdurulmas\u0131n\u0131 istemi\u015fti. Davayla ilgili ilk incelemesini yapan Ankara 7. \u0130dare Mahkemesi, y\u00fcr\u00fctmenin durdurulmas\u0131 istemini reddetti. <!--more--><\/p>\n<p style=\"text-align: justify;\">Ankara 7. \u0130dare Mahkemesi d\u00fcn bir ara karar vererek, Ankara Cumhuriyet Ba\u015fsavc\u0131l\u0131\u011f\u0131&#8217;ndan y\u00fcr\u00fctt\u00fckleri soru\u015fturmayla ilgili evrak\u0131 ve varsa bilirki\u015fi raporunu talep etmi\u015fti. Mahkeme yetkililerinden al\u0131nan bilgiye g\u00f6re, d\u00fcnk\u00fc ara kararla ilgili istenen belgelerin geldi\u011fi, heyetin bu belgeleri de\u011ferlendirdi\u011fi belirtildi. Mahkeme Ba\u015fkan\u0131 ve iki \u00fcyenin kat\u0131l\u0131m\u0131yla yap\u0131lan de\u011ferlendirme sonucu y\u00fcr\u00fctmenin durdurulmas\u0131 isteminin reddedildi\u011fi \u00f6\u011frenildi.<\/p>\n<p style=\"text-align: justify;\">Heyet, \u0130dari Yarg\u0131lama Usul\u00fc Kanunu&#8217;nun 27. maddesinin 2. f\u0131kras\u0131ndaki &#8221;\u0130dari mahkemeler, idari i\u015flemin uygulanmas\u0131 halinde telafisi g\u00fc\u00e7 veya imkans\u0131z zararlar\u0131n do\u011fmas\u0131 ve idari i\u015flemin a\u00e7\u0131k\u00e7a hukuka ayk\u0131r\u0131 olmas\u0131 \u015fartlar\u0131n\u0131n birlikte ger\u00e7ekle\u015fmesi durumunda gerek\u00e7e g\u00f6stererek y\u00fcr\u00fctmenin durdurulmas\u0131na karar verebilirler&#8221; h\u00fckm\u00fcndeki \u015fartlar olu\u015fmad\u0131\u011f\u0131ndan, y\u00fcr\u00fctmenin durdurulmas\u0131 isteminin reddedildi\u011fi bildirildi.<\/p>\n<p style=\"text-align: justify;\">Daval\u0131 \u015ea\u011fban&#8217;\u0131n, 7 g\u00fcn i\u00e7inde karara itiraz hakk\u0131 bulunuyor. \u0130tiraz\u0131, Ankara B\u00f6lge \u0130dare Mahkemesi karara ba\u011flayacak.<\/p>\n<p style=\"text-align: justify;\"><strong>DEM\u0130R&#8217;\u0130N EVRAKI Y\u00d6K&#8217;TE<\/strong><\/p>\n<p style=\"text-align: justify;\">Ankara Cumhuriyet Ba\u015fsavc\u0131l\u0131\u011f\u0131, &#8221;YGS&#8217;deki \u015fifre&#8221; iddialar\u0131na ili\u015fkin soru\u015fturma kapsam\u0131nda, \u00d6SYM Ba\u015fkan\u0131 Ali Demir, YGS Koordinat\u00f6r\u00fc ve di\u011fer yetkililerle ilgili soru\u015fturma izni talebini i\u00e7erir evrak\u0131, Y\u00d6K Ba\u015fkanl\u0131\u011f\u0131&#8217;na g\u00f6nderdi.<\/p>\n<p style=\"text-align: justify;\">Y\u00d6K Ba\u015fkanl\u0131\u011f\u0131 Hukuk M\u00fc\u015favirli\u011fi&#8217;nde g\u00f6revli bir avukat, \u00f6\u011fleden sonra Ankara Adalet Saray\u0131&#8217;na geldi.<\/p>\n<p style=\"text-align: justify;\">Ba\u015fsavc\u0131vekili \u015eadan Sak\u0131nan ile k\u0131sa bir s\u00fcre g\u00f6r\u00fc\u015fen avukata, Demir, YGS Koordinat\u00f6r\u00fc ve di\u011fer yetkililer hakk\u0131nda, soru\u015fturma izni talebi i\u00e7eren evrak verildi.<\/p>\n<p style=\"text-align: justify;\">S\u00f6z konusu evrak\u0131n i\u00e7erisinde, Ba\u015fsavc\u0131l\u0131\u011f\u0131n, &#8221;YGS&#8217;deki \u015fifre&#8221; iddialar\u0131na ili\u015fkin vermi\u015f oldu\u011fu &#8221;takipsizlik&#8221; karar\u0131n\u0131n da yer ald\u0131\u011f\u0131 \u00f6\u011frenildi. Avukat, evrak\u0131 almas\u0131n\u0131n ard\u0131ndan, Y\u00d6K Ba\u015fkanl\u0131\u011f\u0131&#8217;na gitti.<\/p>\n<p style=\"text-align: justify;\"><a href=\"http:\/\/www.gazeteport.com.tr\/GUNCEL\/NEWS\/GP_903600\" target=\"_blank\">Kaynak : GAZETEPORT<\/a><\/p>\n","protected":false},"excerpt":{"rendered":"<p style=\"text-align: justify;\">\n<p style=\"text-align: justify;\">Ankara 7. \u0130dare Mahkemesi, YGS&#8217;nin y\u00fcr\u00fctmesinin durdurulmas\u0131 istemini reddetti.<\/p>\n<p style=\"text-align: justify;\">ANKARA- YGS&#8217;deki \u015fifre iddialar\u0131 \u00fczerine s\u0131nav\u0131n iptali istemiyle Konyal\u0131 bir \u00f6\u011frenci ad\u0131na Ankara 7. \u0130dare Mahkemesinde dava a\u00e7an avukat Ahmet G\u00fcrol \u015ea\u011fban, s\u0131nav\u0131n iptali ve y\u00fcr\u00fctmesinin durdurulmas\u0131n\u0131 istemi\u015fti. Davayla ilgili ilk incelemesini yapan Ankara 7. \u0130dare Mahkemesi, y\u00fcr\u00fctmenin durdurulmas\u0131 <\/p>\n","protected":false},"author":1,"featured_media":0,"comment_status":"open","ping_status":"closed","sticky":false,"template":"","format":"standard","meta":{"footnotes":""},"categories":[105],"tags":[],"class_list":["post-32549","post","type-post","status-publish","format-standard","hentry","category-gundem","odd"],"_links":{"self":[{"href":"http:\/\/www.korhanyilmaz.com\/index.php?rest_route=\/wp\/v2\/posts\/32549","targetHints":{"allow":["GET"]}}],"collection":[{"href":"http:\/\/www.korhanyilmaz.com\/index.php?rest_route=\/wp\/v2\/posts"}],"about":[{"href":"http:\/\/www.korhanyilmaz.com\/index.php?rest_route=\/wp\/v2\/types\/post"}],"author":[{"embeddable":true,"href":"http:\/\/www.korhanyilmaz.com\/index.php?rest_route=\/wp\/v2\/users\/1"}],"replies":[{"embeddable":true,"href":"http:\/\/www.korhanyilmaz.com\/index.php?rest_route=%2Fwp%2Fv2%2Fcomments&post=32549"}],"version-history":[{"count":0,"href":"http:\/\/www.korhanyilmaz.com\/index.php?rest_route=\/wp\/v2\/posts\/32549\/revisions"}],"wp:attachment":[{"href":"http:\/\/www.korhanyilmaz.com\/index.php?rest_route=%2Fwp%2Fv2%2Fmedia&parent=32549"}],"wp:term":[{"taxonomy":"category","embeddable":true,"href":"http:\/\/www.korhanyilmaz.com\/index.php?rest_route=%2Fwp%2Fv2%2Fcategories&post=32549"},{"taxonomy":"post_tag","embeddable":true,"href":"http:\/\/www.korhanyilmaz.com\/index.php?rest_route=%2Fwp%2Fv2%2Ftags&post=32549"}],"curies":[{"name":"wp","href":"https:\/\/api.w.org\/{rel}","templated":true}]}}