{"id":32546,"date":"2011-05-12T20:03:44","date_gmt":"2011-05-12T17:03:44","guid":{"rendered":"http:\/\/www.korhanyilmaz.com\/?p=32546"},"modified":"2011-05-12T20:03:44","modified_gmt":"2011-05-12T17:03:44","slug":"demirin-kaderi-3-profesorun-elinde","status":"publish","type":"post","link":"http:\/\/www.korhanyilmaz.com\/?p=32546","title":{"rendered":"Demir&#8217;in kaderi 3 profes\u00f6r\u00fcn elinde"},"content":{"rendered":"<p style=\"text-align: justify;\"><a href=\"http:\/\/www.korhanyilmaz.com\/wp-content\/uploads\/2011\/05\/150.jpg\"  class=\"lightview\"><img loading=\"lazy\" decoding=\"async\" class=\"aligncenter size-full wp-image-32547\" src=\"http:\/\/www.korhanyilmaz.com\/wp-content\/uploads\/2011\/05\/150.jpg\" alt=\"\" width=\"414\" height=\"220\" \/><\/a><\/p>\n<p style=\"text-align: justify;\">Ankara Cumhuriyet Ba\u015fsavc\u0131l\u0131\u011f\u0131&#8217;n\u0131n \u00d6SYM Ba\u015fkan\u0131 Prof. Dr. Ali Demir hakk\u0131nda soru\u015fturma izni istemesine ili\u015fkin olarak Y\u00d6K Genel Kurulu, 3 ki\u015filik bir komisyonu \u00f6n inceleme yapmak \u00fczere g\u00f6revlendirdi.<\/p>\n<p style=\"text-align: justify;\">ANKARA &#8211; Y\u00d6K Genel Kurulu toplant\u0131s\u0131n\u0131n ard\u0131ndan, toplant\u0131da ele al\u0131nan konulara ili\u015fkin yaz\u0131l\u0131 a\u00e7\u0131klama yap\u0131ld\u0131. <!--more--><\/p>\n<p style=\"text-align: justify;\">Toplant\u0131ya \u00f6\u011fle saatlerinde \u00d6l\u00e7me, Se\u00e7me ve Yerle\u015ftirme Merkezi (\u00d6SYM) Ba\u015fkan\u0131 Prof. Dr. Ali Demir&#8217;in kat\u0131ld\u0131\u011f\u0131 belirtilen a\u00e7\u0131klamada, Demir&#8217;in YGS ve 18 Haziran 2011&#8217;de yap\u0131lacak yerle\u015ftirme s\u0131nav\u0131 (LYS) hakk\u0131nda detayl\u0131 bilgi sundu\u011fu belirtildi.<\/p>\n<p style=\"text-align: justify;\">A\u00e7\u0131klamada, Ankara Cumhuriyet Ba\u015fsavc\u0131l\u0131\u011f\u0131&#8217;n\u0131n \u00d6SYM Ba\u015fkan\u0131 Demir hakk\u0131nda soru\u015fturma izni istemesine ili\u015fkin evrak\u0131n Y\u00d6K&#8217;e ula\u015ft\u0131\u011f\u0131 belirtilerek, Y\u00d6K Genel Kurulu&#8217;nun 4483 say\u0131l\u0131 Memurlar ve Di\u011fer Kamu G\u00f6revlilerinin Yarg\u0131lanmas\u0131 Hakk\u0131nda Kanun gere\u011fince 3 ki\u015filik bir komisyonun, Demir hakk\u0131nda \u00f6n inceleme yapmak \u00fczere g\u00f6revlendirildi\u011fi bildirildi.<\/p>\n<p style=\"text-align: justify;\">Y\u00d6K Genel Kurulu&#8217;nun belirledi\u011fi \u00fc\u00e7 ki\u015filik komisyonda Y\u00d6K \u00fcyeleri Prof. Dr. Yavuz Atar ve Prof. Dr. Mehmet Akif Ayd\u0131n ile Y\u00d6K Denetleme Kurulu \u00dcyesi Prof. Dr. \u00d6mer Anayurt bulunuyor.<\/p>\n<p style=\"text-align: justify;\">Bir sonraki Y\u00d6K Genel Kurulu toplant\u0131s\u0131 25 May\u0131s 2011 tarihinde yap\u0131lacak.<\/p>\n<p style=\"text-align: justify;\"><a href=\"http:\/\/www.gazeteport.com.tr\/GUNCEL\/NEWS\/GP_903781\" target=\"_blank\">Kaynak : GAZETEPORT<\/a><\/p>\n","protected":false},"excerpt":{"rendered":"<p style=\"text-align: justify;\">\n<p style=\"text-align: justify;\">Ankara Cumhuriyet Ba\u015fsavc\u0131l\u0131\u011f\u0131&#8217;n\u0131n \u00d6SYM Ba\u015fkan\u0131 Prof. Dr. Ali Demir hakk\u0131nda soru\u015fturma izni istemesine ili\u015fkin olarak Y\u00d6K Genel Kurulu, 3 ki\u015filik bir komisyonu \u00f6n inceleme yapmak \u00fczere g\u00f6revlendirdi.<\/p>\n<p style=\"text-align: justify;\">ANKARA &#8211; Y\u00d6K Genel Kurulu toplant\u0131s\u0131n\u0131n ard\u0131ndan, toplant\u0131da ele al\u0131nan konulara ili\u015fkin yaz\u0131l\u0131 a\u00e7\u0131klama yap\u0131ld\u0131. <\/p>\n","protected":false},"author":1,"featured_media":0,"comment_status":"open","ping_status":"closed","sticky":false,"template":"","format":"standard","meta":{"footnotes":""},"categories":[105],"tags":[],"class_list":["post-32546","post","type-post","status-publish","format-standard","hentry","category-gundem","odd"],"_links":{"self":[{"href":"http:\/\/www.korhanyilmaz.com\/index.php?rest_route=\/wp\/v2\/posts\/32546","targetHints":{"allow":["GET"]}}],"collection":[{"href":"http:\/\/www.korhanyilmaz.com\/index.php?rest_route=\/wp\/v2\/posts"}],"about":[{"href":"http:\/\/www.korhanyilmaz.com\/index.php?rest_route=\/wp\/v2\/types\/post"}],"author":[{"embeddable":true,"href":"http:\/\/www.korhanyilmaz.com\/index.php?rest_route=\/wp\/v2\/users\/1"}],"replies":[{"embeddable":true,"href":"http:\/\/www.korhanyilmaz.com\/index.php?rest_route=%2Fwp%2Fv2%2Fcomments&post=32546"}],"version-history":[{"count":0,"href":"http:\/\/www.korhanyilmaz.com\/index.php?rest_route=\/wp\/v2\/posts\/32546\/revisions"}],"wp:attachment":[{"href":"http:\/\/www.korhanyilmaz.com\/index.php?rest_route=%2Fwp%2Fv2%2Fmedia&parent=32546"}],"wp:term":[{"taxonomy":"category","embeddable":true,"href":"http:\/\/www.korhanyilmaz.com\/index.php?rest_route=%2Fwp%2Fv2%2Fcategories&post=32546"},{"taxonomy":"post_tag","embeddable":true,"href":"http:\/\/www.korhanyilmaz.com\/index.php?rest_route=%2Fwp%2Fv2%2Ftags&post=32546"}],"curies":[{"name":"wp","href":"https:\/\/api.w.org\/{rel}","templated":true}]}}