{"id":32542,"date":"2011-05-12T10:46:31","date_gmt":"2011-05-12T07:46:31","guid":{"rendered":"http:\/\/www.korhanyilmaz.com\/?p=32542"},"modified":"2011-05-12T10:46:31","modified_gmt":"2011-05-12T07:46:31","slug":"gul-dere-gecerken-at-degistirilmez","status":"publish","type":"post","link":"http:\/\/www.korhanyilmaz.com\/?p=32542","title":{"rendered":"G\u00fcl: &#8220;Dere ge\u00e7erken at de\u011fi\u015ftirilmez&#8221;"},"content":{"rendered":"<p style=\"text-align: center;\"><a href=\"http:\/\/www.korhanyilmaz.com\/wp-content\/uploads\/2011\/05\/149.jpg\"  class=\"lightview\"><img loading=\"lazy\" decoding=\"async\" class=\"aligncenter size-full wp-image-32543\" src=\"http:\/\/www.korhanyilmaz.com\/wp-content\/uploads\/2011\/05\/149.jpg\" alt=\"\" width=\"358\" height=\"270\" \/><\/a><\/p>\n<p style=\"text-align: justify;\">Cumhurba\u015fkan\u0131 Abdullah G\u00fcl, \u00d6SYM Ba\u015fkan\u0131 Ali Demir ile ilgili, \u201cS\u00fcre\u00e7ten ben de rahats\u0131z\u0131m ama dere ge\u00e7erken at de\u011fi\u015ftirilmez\u201c dedi,<\/p>\n<p style=\"text-align: justify;\">\u0130STANBUL &#8211; T\u00fcrkiye Kupas\u0131 final ma\u00e7\u0131 i\u00e7in Kayseri\u2019ye gelen Cumhurba\u015fkan\u0131 G\u00fcl, devre aras\u0131nda g\u00fcndeme ili\u015fkin konu\u015ftu. <!--more--><\/p>\n<p style=\"text-align: justify;\">H\u00fcrriyet&#8217;in haberine g\u00f6re G\u00fcl, \u201cNormalde bizim bu konuda yapabilece\u011fimiz bir\u015fey ya da m\u00fcdahale durumumuz yok. Ama T\u00fcrkiye \u00f6\u011frenciler a\u00e7\u0131s\u0131ndan yo\u011fun ve kritik bir s\u0131nav d\u00f6neminden ge\u00e7iyor. Bence dere ge\u00e7erken at de\u011fi\u015ftirilmez\u201d dedi.<\/p>\n<p style=\"text-align: justify;\">\u201cYa\u015fananlardan ve s\u00fcre\u00e7ten siz de rahats\u0131z m\u0131s\u0131n\u0131z?\u201d sorusuna Cumhurba\u015fkan\u0131 \u015fu yan\u0131t\u0131 verdi:<\/p>\n<p style=\"text-align: justify;\">\u201cTabii ki rahats\u0131z\u0131m. En ba\u015ftan beri olaylar bu hale gelmemeliydi. \u015eimdi \u00e7ok b\u00fcy\u00fck bir tart\u0131\u015fma ya\u015fan\u0131yor. Bu \u015fifre meselesi de en ba\u015fta tahmin ediyorum \u00f6zellikle g\u00fcneydo\u011fu ve do\u011fuda baz\u0131 s\u0131n\u0131flarda toplu cevapland\u0131rma olmas\u0131n, bunu engellesin diye d\u00fc\u015f\u00fcn\u00fclm\u00fc\u015f. Ama sonra i\u015fler iyice kar\u0131\u015f\u0131k bir hale geldi. Yine de bu kritik d\u00f6nemde acil ad\u0131m atman\u0131n do\u011fru olmad\u0131\u011f\u0131n\u0131 d\u00fc\u015f\u00fcn\u00fcyorum.\u201d<\/p>\n<p style=\"text-align: justify;\"><a href=\"http:\/\/www.gazeteport.com.tr\/SIYASET\/NEWS\/GP_903366\" target=\"_blank\">Kaynak : GAZETEPORT<\/a><\/p>\n<p style=\"text-align: justify;\">\n","protected":false},"excerpt":{"rendered":"<p style=\"text-align: center;\">\n<p style=\"text-align: justify;\">Cumhurba\u015fkan\u0131 Abdullah G\u00fcl, \u00d6SYM Ba\u015fkan\u0131 Ali Demir ile ilgili, \u201cS\u00fcre\u00e7ten ben de rahats\u0131z\u0131m ama dere ge\u00e7erken at de\u011fi\u015ftirilmez\u201c dedi,<\/p>\n<p style=\"text-align: justify;\">\u0130STANBUL &#8211; T\u00fcrkiye Kupas\u0131 final ma\u00e7\u0131 i\u00e7in Kayseri\u2019ye gelen Cumhurba\u015fkan\u0131 G\u00fcl, devre aras\u0131nda g\u00fcndeme ili\u015fkin konu\u015ftu. <\/p>\n","protected":false},"author":1,"featured_media":0,"comment_status":"open","ping_status":"closed","sticky":false,"template":"","format":"standard","meta":{"footnotes":""},"categories":[105],"tags":[],"class_list":["post-32542","post","type-post","status-publish","format-standard","hentry","category-gundem","odd"],"_links":{"self":[{"href":"http:\/\/www.korhanyilmaz.com\/index.php?rest_route=\/wp\/v2\/posts\/32542","targetHints":{"allow":["GET"]}}],"collection":[{"href":"http:\/\/www.korhanyilmaz.com\/index.php?rest_route=\/wp\/v2\/posts"}],"about":[{"href":"http:\/\/www.korhanyilmaz.com\/index.php?rest_route=\/wp\/v2\/types\/post"}],"author":[{"embeddable":true,"href":"http:\/\/www.korhanyilmaz.com\/index.php?rest_route=\/wp\/v2\/users\/1"}],"replies":[{"embeddable":true,"href":"http:\/\/www.korhanyilmaz.com\/index.php?rest_route=%2Fwp%2Fv2%2Fcomments&post=32542"}],"version-history":[{"count":0,"href":"http:\/\/www.korhanyilmaz.com\/index.php?rest_route=\/wp\/v2\/posts\/32542\/revisions"}],"wp:attachment":[{"href":"http:\/\/www.korhanyilmaz.com\/index.php?rest_route=%2Fwp%2Fv2%2Fmedia&parent=32542"}],"wp:term":[{"taxonomy":"category","embeddable":true,"href":"http:\/\/www.korhanyilmaz.com\/index.php?rest_route=%2Fwp%2Fv2%2Fcategories&post=32542"},{"taxonomy":"post_tag","embeddable":true,"href":"http:\/\/www.korhanyilmaz.com\/index.php?rest_route=%2Fwp%2Fv2%2Ftags&post=32542"}],"curies":[{"name":"wp","href":"https:\/\/api.w.org\/{rel}","templated":true}]}}