{"id":3254,"date":"2009-02-14T17:50:08","date_gmt":"2009-02-14T15:50:08","guid":{"rendered":"http:\/\/www.korhanyilmaz.com\/?p=3254"},"modified":"2009-02-14T17:50:08","modified_gmt":"2009-02-14T15:50:08","slug":"sami-hostan-gozaltinda","status":"publish","type":"post","link":"http:\/\/www.korhanyilmaz.com\/?p=3254","title":{"rendered":"Sami Ho\u015ftan g\u00f6zalt\u0131nda"},"content":{"rendered":"<p style=\"text-align: center;\"><img loading=\"lazy\" decoding=\"async\" class=\"aligncenter size-full wp-image-3255\" title=\"Sami Ho\u015ftan g\u00f6zalt\u0131nda \" src=\"http:\/\/www.korhanyilmaz.com\/wp-content\/uploads\/2009\/02\/140220091749020023404.jpg\" alt=\"Sami Ho\u015ftan g\u00f6zalt\u0131nda \" width=\"320\" height=\"100\" \/><\/p>\n<p style=\"text-align: justify;\">Ergenekon operasyonu kapsam\u0131nda g\u00f6zalt\u0131na al\u0131n\u0131p serbest kalan Sami Ho\u015ftan \u0130zmir&#8217;de y\u00fcr\u00fct\u00fclen Anafor operasyonu nedeniyle \u0130stanbul&#8217;da g\u00f6zalt\u0131na al\u0131nd\u0131.<\/p>\n<p style=\"text-align: justify;\">Ahmet Tekin Baykal&#8217;\u0131n liderli\u011fini yapt\u0131\u011f\u0131 su\u00e7 \u00f6rg\u00fct\u00fcne y\u00f6nelik daha \u00f6nce \u0130zmir&#8217;de yap\u0131lan operasyonda \u00e7ok say\u0131da \u015f\u00fcpheli g\u00f6zalt\u0131na al\u0131nm\u0131\u015ft\u0131. Ho\u015ftan da bu \u00f6rg\u00fct\u00fcn y\u00f6neticileri aras\u0131nda g\u00f6sterildi. Ho\u015ftan, \u0130zmir&#8217;e getirilip sorgulanacak.<\/p>\n<p><span style=\"color: #888888;\">DHA<\/span><\/p>\n","protected":false},"excerpt":{"rendered":"<p style=\"text-align: center;\">\n<p style=\"text-align: justify;\">Ergenekon operasyonu kapsam\u0131nda g\u00f6zalt\u0131na al\u0131n\u0131p serbest kalan Sami Ho\u015ftan \u0130zmir&#8217;de y\u00fcr\u00fct\u00fclen Anafor operasyonu nedeniyle \u0130stanbul&#8217;da g\u00f6zalt\u0131na al\u0131nd\u0131.<\/p>\n<p style=\"text-align: justify;\">Ahmet Tekin Baykal&#8217;\u0131n liderli\u011fini yapt\u0131\u011f\u0131 su\u00e7 \u00f6rg\u00fct\u00fcne y\u00f6nelik daha \u00f6nce \u0130zmir&#8217;de yap\u0131lan operasyonda \u00e7ok say\u0131da \u015f\u00fcpheli g\u00f6zalt\u0131na al\u0131nm\u0131\u015ft\u0131. Ho\u015ftan da bu \u00f6rg\u00fct\u00fcn y\u00f6neticileri aras\u0131nda g\u00f6sterildi. Ho\u015ftan, \u0130zmir&#8217;e getirilip sorgulanacak.<\/p>\n<p>DHA<\/p>\n","protected":false},"author":1,"featured_media":0,"comment_status":"open","ping_status":"closed","sticky":false,"template":"","format":"standard","meta":{"footnotes":""},"categories":[105],"tags":[],"class_list":["post-3254","post","type-post","status-publish","format-standard","hentry","category-gundem","odd"],"_links":{"self":[{"href":"http:\/\/www.korhanyilmaz.com\/index.php?rest_route=\/wp\/v2\/posts\/3254","targetHints":{"allow":["GET"]}}],"collection":[{"href":"http:\/\/www.korhanyilmaz.com\/index.php?rest_route=\/wp\/v2\/posts"}],"about":[{"href":"http:\/\/www.korhanyilmaz.com\/index.php?rest_route=\/wp\/v2\/types\/post"}],"author":[{"embeddable":true,"href":"http:\/\/www.korhanyilmaz.com\/index.php?rest_route=\/wp\/v2\/users\/1"}],"replies":[{"embeddable":true,"href":"http:\/\/www.korhanyilmaz.com\/index.php?rest_route=%2Fwp%2Fv2%2Fcomments&post=3254"}],"version-history":[{"count":0,"href":"http:\/\/www.korhanyilmaz.com\/index.php?rest_route=\/wp\/v2\/posts\/3254\/revisions"}],"wp:attachment":[{"href":"http:\/\/www.korhanyilmaz.com\/index.php?rest_route=%2Fwp%2Fv2%2Fmedia&parent=3254"}],"wp:term":[{"taxonomy":"category","embeddable":true,"href":"http:\/\/www.korhanyilmaz.com\/index.php?rest_route=%2Fwp%2Fv2%2Fcategories&post=3254"},{"taxonomy":"post_tag","embeddable":true,"href":"http:\/\/www.korhanyilmaz.com\/index.php?rest_route=%2Fwp%2Fv2%2Ftags&post=3254"}],"curies":[{"name":"wp","href":"https:\/\/api.w.org\/{rel}","templated":true}]}}