{"id":32537,"date":"2011-05-12T22:45:23","date_gmt":"2011-05-12T19:45:23","guid":{"rendered":"http:\/\/www.korhanyilmaz.com\/?p=32537"},"modified":"2011-05-12T22:45:23","modified_gmt":"2011-05-12T19:45:23","slug":"kurtulmusa-batman-soku","status":"publish","type":"post","link":"http:\/\/www.korhanyilmaz.com\/?p=32537","title":{"rendered":"Kurtulmu\u015f&#8217;a Batman \u015foku"},"content":{"rendered":"<p style=\"text-align: center;\"><a href=\"http:\/\/www.korhanyilmaz.com\/wp-content\/uploads\/2011\/05\/148.jpg\"  class=\"lightview\"><img loading=\"lazy\" decoding=\"async\" class=\"aligncenter size-full wp-image-32538\" src=\"http:\/\/www.korhanyilmaz.com\/wp-content\/uploads\/2011\/05\/148.jpg\" alt=\"\" width=\"424\" height=\"218\" \/><\/a><\/p>\n<p style=\"text-align: justify;\">HAS Parti, g\u00fcnlerdir haz\u0131rland\u0131\u011f\u0131 Batman Mitingi&#8217;nde b\u00fcy\u00fck hayal k\u0131r\u0131kl\u0131\u011f\u0131na u\u011frad\u0131. Cumhuriyet Meydan\u0131nda az say\u0131da partiliye seslenen HAS Parti Genel Ba\u015fkan\u0131 Numan Kurtulmu\u015f, \u00fclkenin en b\u00fcy\u00fck sorununun adalet sisteminde ya\u015fanan aksakl\u0131klar oldu\u011funu iddia ederek yeni Anayasa&#8217;da ilk olarak bu konunun \u00fczerinde duracaklar\u0131n\u0131 s\u00f6yledi.<!--more--><\/p>\n<p style=\"text-align: justify;\">BATMAN &#8211; HAS Parti Genel Ba\u015fkan\u0131 Numan Kurtulmu\u015f, &#8221;Di\u011fer partiler s\u00fcrekli birbirleri ile kavga ederken, birbirlerini a\u015fa\u011f\u0131layarak, hakaret i\u00e7eren s\u00f6zler s\u00f6ylerken, T\u00fcrkiye&#8217;nin, Batman&#8217;\u0131n, Diyarbak\u0131r&#8217;\u0131n, Siirt&#8217;in, Elaz\u0131\u011f&#8217;\u0131n sorunlar\u0131 bir kenarda duruyor&#8221; dedi.<\/p>\n<p style=\"text-align: justify;\">Batman&#8217;da HAS Parti adaylar\u0131n\u0131 tan\u0131tan Kurtulmu\u015f, partisince Cumhuriyet Meydan\u0131nda d\u00fczenlenen mitingde yapt\u0131\u011f\u0131 konu\u015fmada, T\u00fcrkiye&#8217;nin, b\u00f6lgenin meselelerini gayet iyi bir \u015fekilde bildiklerini, hep beraber b\u00fct\u00fcn bu sorunlar\u0131 \u00e7\u00f6zecek iradeyi ortaya koyacaklar\u0131n\u0131 s\u00f6yledi.<\/p>\n<p style=\"text-align: justify;\">T\u00fcrkiye&#8217;nin iki temel meselesini HAS Parti olarak kendi g\u00fcndemlerinin ana maddeleri olarak g\u00f6rd\u00fcklerini belirten Kurtulmu\u015f, &#8221;12 Haziran ak\u015fam\u0131 iktidara gelecek bir parti gibi haz\u0131rlanarak, se\u00e7im beyannamesine koymu\u015ftur. Bunlardan ilki bu b\u00f6lgeyi de ilgilendiren, bu halk\u0131n t\u00fcm\u00fcn\u00fc ilgilendiren, T\u00fcrkiye&#8217;de siyasi ve hukuki reformlar\u0131n biran evvel ger\u00e7ekle\u015ftirilmesidir. B\u00f6ylece bu \u00fclkede herkesin hakk\u0131n\u0131n hukukunun al\u0131nd\u0131\u011f\u0131, herkesin e\u015fit ve \u00f6zg\u00fcr yurtta\u015flar oldu\u011fu yeni T\u00fcrkiye&#8217;yi hep beraber in\u015fa etmektir, hep beraber kurmakt\u0131r. Di\u011fer partiler s\u00fcrekli birbirleri ile kavga ederken, birbirlerini a\u015fa\u011f\u0131layarak, hakaret i\u00e7eren s\u00f6zler s\u00f6ylerken, T\u00fcrkiye&#8217;nin, Batman&#8217;\u0131n, Diyarbak\u0131r&#8217;\u0131n, Siirt&#8217;in, Elaz\u0131\u011f&#8217;\u0131n sorunlar\u0131 bir kenarda duruyor&#8221; diye konu\u015ftu.<\/p>\n<p style=\"text-align: justify;\"><strong>&#8221;G\u00d6N\u00dcLL\u00dc B\u0130RL\u0130KTEL\u0130K PROJES\u0130&#8221;<\/strong><\/p>\n<p style=\"text-align: justify;\">Kurtulmu\u015f, Has Parti&#8217;nin kavga etmeyen, kutupla\u015ft\u0131rmayan, d\u00fc\u015fman ilan etmeyen, bu \u00fclkedeki b\u00fct\u00fcn insanlar\u0131 bir ve beraber g\u00f6ren bir anlay\u0131\u015fla, yoluna devam etti\u011fini kaydetti.<\/p>\n<p style=\"text-align: justify;\">Bunun i\u00e7in de halktan b\u00fcy\u00fck bir ilgi, b\u00fcy\u00fck bir tevecc\u00fch g\u00f6rd\u00fcklerini anlatan Kurtulmu\u015f, \u015f\u00f6yle dedi:<\/p>\n<p style=\"text-align: justify;\">&#8221;Di\u011fer partiler sadece kar\u015f\u0131 taraf\u0131n aya\u011f\u0131na \u00e7elme takmaya \u00e7al\u0131\u015f\u0131rken, biz T\u00fcrkiye&#8217;de e\u015fit ve \u00f6zg\u00fcr yurtta\u015fl\u0131\u011fa dayal\u0131 yeni bir T\u00fcrkiye in\u015fa etmeye \u00e7al\u0131\u015f\u0131yoruz. Bunun i\u00e7in T\u00fcrkiye&#8217;nin \u00f6nemli ve en yak\u0131c\u0131 meselemiz olan K\u00fcrt sorununu \u00e7\u00f6zmek i\u00e7in, &#8216;g\u00f6n\u00fcl\u00fc birliktelik projesi&#8217; ad\u0131n\u0131 verdi\u011fimiz, bir toplumsal bar\u0131\u015f projesini b\u00fct\u00fcn T\u00fcrkiye&#8217;ye takdim ediyoruz. Biz T\u00fcrkler, K\u00fcrtler, \u00c7erkezler, Lazlar bu topraklarda ya\u015fayan insanlar, g\u00f6kten zembille 2011 y\u0131l\u0131nda bu topraklara indirilmedik. Biz T\u00fcrkler ve K\u00fcrtler Selahattin Eyubbi&#8217;nin, K\u0131l\u0131\u00e7aslanlar\u0131n ve Ahmed-i Hane&#8217;nin \u00e7ocuklar\u0131 olarak bu topraklarda 1000 senedir birlikte bar\u0131\u015f i\u00e7erisinde ya\u015f\u0131yoruz. K\u0131yamete kadar da bar\u0131\u015f i\u00e7erisinde ya\u015fayaca\u011f\u0131z. Bar\u0131\u015f\u0131n yolu karde\u015flikten ge\u00e7iyor ama, kuru kuruya karde\u015flik de bar\u0131\u015f\u0131 getirmiyor.&#8221;<\/p>\n<p style=\"text-align: justify;\"><strong>YEN\u0130 ANAYASA<\/strong><\/p>\n<p style=\"text-align: justify;\">Kurtulmu\u015f, karde\u015fler aras\u0131nda bile ba\u015far\u0131 sa\u011flamak i\u00e7in adalete ihtiya\u00e7 oldu\u011funu, bunun i\u00e7in \u00f6nce Anayasa&#8217;dan ba\u015flayacaklar\u0131n\u0131 bildirdi.<\/p>\n<p style=\"text-align: justify;\">Yeni Anayasay\u0131, \u00f6yle siyasi partilerin salonlar\u0131nda, odalar\u0131nda yapmayacaklar\u0131n\u0131 vurgulayan Kurtulmu\u015f, \u015f\u00f6yle devam etti:<\/p>\n<p style=\"text-align: justify;\">&#8221;Halk\u0131n se\u00e7ti\u011fi temsilcilerden olu\u015fan bir anayasa meclisi olu\u015fturulacak. Batman, Diyarbak\u0131r, Tunceli, \u0130stanbul, Kocaeli kimi g\u00f6nderiyorsa o gelecek ve oturacak bu millet kendi Anayasas\u0131n\u0131 yeni ba\u015ftan sona kadar, A&#8217;dan, Z&#8217;ye \u00f6zg\u00fcrl\u00fck i\u00e7erisinde bir Anayasa yapacak. Bunu \u00f6nemsiyoruz \u00e7\u00fcnk\u00fc, birinci meclis T\u00fcrkiye&#8217;nin en demokratik Anayasa&#8217;s\u0131n\u0131 yapm\u0131\u015ft\u0131r. 1921 Te\u015fkilat\u0131 Esasiye&#8217;si. Ni\u00e7in? \u00c7\u00fcnk\u00fc, birinci mecliste halk\u0131n birebir temsilcileri var. Hep beraber oturmu\u015flar bu \u00fclkenin tapusu olan Anayasa&#8217;s\u0131n\u0131 yazm\u0131\u015flar. Sonra, 1924&#8217;de bir ihtilal olmu\u015f bizim Mehmetlere hep n\u00f6bet d\u00fc\u015fm\u00fc\u015f, bizim Mehmetleri b\u00f6l\u00fcmlere ay\u0131rm\u0131\u015flar, sen T\u00fcrks\u00fcn, sen K\u00fcrts\u00fcn, sen Alevisin, sen S\u00fcnnisin, sen dindars\u0131n, sen az dindars\u0131n demi\u015fler. Hepsini kendi gettolar\u0131na koyup, \u00fcst\u00fcne de kap\u0131lar\u0131 kitlemi\u015fler. \u0130\u015fte HAS Parti bu milletin kap\u0131lar\u0131n\u0131 a\u00e7\u0131yor, bu milletin kendi kilitlerini k\u0131rmas\u0131n\u0131 vaat ediyor. Kendi Anayasa&#8217;s\u0131nda bunu yapacakt\u0131r. Sonra 1961, 1982 Anayasas\u0131, ortaya birinci s\u0131n\u0131f vatanda\u015flar \u00e7\u0131km\u0131\u015f, ikinci s\u0131n\u0131f vatanda\u015flar \u00e7\u0131km\u0131\u015f.<\/p>\n<p style=\"text-align: justify;\">Hat\u0131rlayacaks\u0131n\u0131z \u00f6nemli bir komutan bunu s\u00f6ylemi\u015ftir \u00f6zde vatanda\u015f, s\u00f6zde vatanda\u015f diye. Ger\u00e7ekten 1982 Anayasa&#8217;s\u0131n\u0131n ruhu \u00f6zde ve s\u00f6zde vatanda\u015f ay\u0131r\u0131m\u0131n\u0131 yapt\u0131\u011f\u0131 i\u00e7in bu memlekete insanlar\u0131n bir k\u0131sm\u0131 kendisini ikinci s\u0131n\u0131f vatanda\u015f olarak hissediyor. K\u00fcrtler kendisini ikinci s\u0131n\u0131f vatanda\u015f hissediyor. Aleviler ikinci s\u0131n\u0131f hissediyor. Az\u0131nl\u0131klar ve ger\u00e7ekten dinini diyanetini ya\u015famak isteyen vatanda\u015flar da kendisini ikinci s\u0131n\u0131f vatanda\u015f olarak hissediyor. \u00d6zde ve s\u00f6zde vatanda\u015flar\u0131n olmad\u0131\u011f\u0131 yeni bir T\u00fcrkiye&#8217;yi hep birlikte in\u015fa edece\u011fiz.&#8221;<\/p>\n<p style=\"text-align: justify;\"><strong>&#8221;ANAD\u0130L\u0130, ANA S\u00dcT\u00dc KADAR HELALD\u0130R&#8221;<\/strong><\/p>\n<p style=\"text-align: justify;\">Kurtulmu\u015f, Say\u0131n Ba\u015fbakan&#8217;\u0131n &#8216;Hayalim var, \u0130stanbul&#8217;a kanal a\u00e7aca\u011f\u0131z&#8217; s\u00f6z\u00fcn\u00fc hat\u0131rlatarak, kendi hayallerinin de &#8221;Batman&#8217;\u0131n merkezinde i\u015fsiz g\u00fc\u00e7s\u00fcz dola\u015fan gen\u00e7lerle, b\u00fct\u00fcn g\u00fcn\u00fcn kahvehanelerde maalesef yoksulluk i\u00e7erisinde t\u00fcketen yurtta\u015flarla, \u00f6zg\u00fcr ve e\u015fit oldu\u011fu bir T\u00fcrkiye&#8217;yi kurmak&#8221; oldu\u011funu s\u00f6yledi.<\/p>\n<p style=\"text-align: justify;\">Herkesin kendisini nas\u0131l tan\u0131ml\u0131yorsa \u00f6yle ya\u015fayaca\u011f\u0131n\u0131 kaydeden Kurtulmu\u015f, \u015funlar\u0131 s\u00f6yledi:<\/p>\n<p style=\"text-align: justify;\">&#8221;Herkes dinini istedi\u011fi gibi ya\u015fayacak. Kendisini istedi\u011fi gibi tan\u0131mlayacak, devletin istedi\u011fi gibi de\u011fil. Herkes kendi anadilini istedi\u011fi gibi konu\u015facak. \u00c7\u00fcnk\u00fc anadili, ana s\u00fct\u00fc kadar helaldir. Bunu engellemeye kimsenin hakk\u0131 yoktur. Hep beraber e\u015fit ve \u00f6zg\u00fcr bir T\u00fcrkiye&#8217;yi kuraca\u011f\u0131z.<\/p>\n<p style=\"text-align: justify;\">T\u00fcrkiye&#8217;ye temel vaadimiz, biri yer biri bakar ekonomisine son verece\u011fiz. 20 milyon insan\u0131m\u0131z yoksuluk s\u0131n\u0131rlar\u0131n\u0131n alt\u0131nda ya\u015f\u0131yor. T\u00fcrkiye&#8217;de baz\u0131 \u015fehirlere geliyorsunuz n\u00fcfusun yar\u0131s\u0131na ye\u015fil kart verilmi\u015f, evlerimizin \u00f6n\u00fcne k\u00f6m\u00fcrler, iki kilo makarna, iki kilo pirin\u00e7 konuluyor. Batman&#8217;\u0131n zenginlik kalesi olan TPAO a\u015fa\u011f\u0131 do\u011fru gidiyor, ta\u015feronla\u015ft\u0131r\u0131l\u0131yor ve art\u0131k insanlara i\u015f vermiyor.<\/p>\n<p style=\"text-align: justify;\">Bu b\u00f6lge d\u00fcnyan\u0131n en g\u00fczel t\u00fct\u00fcn\u00fcn\u00fc \u00fcreten bir b\u00f6lgeydi. \u015eimdi t\u00fct\u00fcn ekilmiyor, t\u00fct\u00fcn bitmi\u015f vaziyette. Ni\u00e7in? Bizim Batmanl\u0131 Ahmetler, Mehmetler t\u00fct\u00fcn satmayacak. Elin gavuru gelecek Virjinya t\u00fct\u00fcn\u00fcn\u00fc burada satacak, sizde onu i\u00e7eceksiniz diye, t\u00fct\u00fcn\u00fc mahvettiler. Oyunun ad\u0131 da sa\u011fc\u0131lar, solcular oyunu, T\u00fcrkler, K\u00fcrtler oyunu, \u015funlar bunlar oyunu. Bu oyunu bozmak i\u00e7in HAS Parti vard\u0131r ve bizim Mehmetleri n\u00f6betten kurtarmak i\u00e7in bizim parti vard\u0131r.<\/p>\n<p style=\"text-align: justify;\">Biz iktidara geldi\u011fimizde 3 temel yanl\u0131\u015fa d\u00fc\u015fmeyece\u011fimize s\u00f6z veriyoruz. Asla firavunla\u015fmayaca\u011f\u0131z, karunla\u015fmayaca\u011f\u0131z ve belamla\u015fmayaca\u011f\u0131z.&#8221;<\/p>\n<p style=\"text-align: justify;\"><a href=\"http:\/\/www.gazeteport.com.tr\/SIYASET\/NEWS\/GP_903822\" target=\"_blank\">Kaynak : GAZETEPORT<\/a><\/p>\n","protected":false},"excerpt":{"rendered":"<p style=\"text-align: center;\">\n<p style=\"text-align: justify;\">HAS Parti, g\u00fcnlerdir haz\u0131rland\u0131\u011f\u0131 Batman Mitingi&#8217;nde b\u00fcy\u00fck hayal k\u0131r\u0131kl\u0131\u011f\u0131na u\u011frad\u0131. Cumhuriyet Meydan\u0131nda az say\u0131da partiliye seslenen HAS Parti Genel Ba\u015fkan\u0131 Numan Kurtulmu\u015f, \u00fclkenin en b\u00fcy\u00fck sorununun adalet sisteminde ya\u015fanan aksakl\u0131klar oldu\u011funu iddia ederek yeni Anayasa&#8217;da ilk olarak bu konunun \u00fczerinde duracaklar\u0131n\u0131 s\u00f6yledi.<\/p>\n","protected":false},"author":1,"featured_media":0,"comment_status":"open","ping_status":"closed","sticky":false,"template":"","format":"standard","meta":{"footnotes":""},"categories":[105],"tags":[],"class_list":["post-32537","post","type-post","status-publish","format-standard","hentry","category-gundem","odd"],"_links":{"self":[{"href":"http:\/\/www.korhanyilmaz.com\/index.php?rest_route=\/wp\/v2\/posts\/32537","targetHints":{"allow":["GET"]}}],"collection":[{"href":"http:\/\/www.korhanyilmaz.com\/index.php?rest_route=\/wp\/v2\/posts"}],"about":[{"href":"http:\/\/www.korhanyilmaz.com\/index.php?rest_route=\/wp\/v2\/types\/post"}],"author":[{"embeddable":true,"href":"http:\/\/www.korhanyilmaz.com\/index.php?rest_route=\/wp\/v2\/users\/1"}],"replies":[{"embeddable":true,"href":"http:\/\/www.korhanyilmaz.com\/index.php?rest_route=%2Fwp%2Fv2%2Fcomments&post=32537"}],"version-history":[{"count":0,"href":"http:\/\/www.korhanyilmaz.com\/index.php?rest_route=\/wp\/v2\/posts\/32537\/revisions"}],"wp:attachment":[{"href":"http:\/\/www.korhanyilmaz.com\/index.php?rest_route=%2Fwp%2Fv2%2Fmedia&parent=32537"}],"wp:term":[{"taxonomy":"category","embeddable":true,"href":"http:\/\/www.korhanyilmaz.com\/index.php?rest_route=%2Fwp%2Fv2%2Fcategories&post=32537"},{"taxonomy":"post_tag","embeddable":true,"href":"http:\/\/www.korhanyilmaz.com\/index.php?rest_route=%2Fwp%2Fv2%2Ftags&post=32537"}],"curies":[{"name":"wp","href":"https:\/\/api.w.org\/{rel}","templated":true}]}}