{"id":32533,"date":"2011-05-12T16:38:55","date_gmt":"2011-05-12T13:38:55","guid":{"rendered":"http:\/\/www.korhanyilmaz.com\/?p=32533"},"modified":"2011-05-12T16:38:55","modified_gmt":"2011-05-12T13:38:55","slug":"erdogan-sskya-akrabani-aldin-mi","status":"publish","type":"post","link":"http:\/\/www.korhanyilmaz.com\/?p=32533","title":{"rendered":"Erdo\u011fan: SSK&#8217;ya akraban\u0131 ald\u0131n m\u0131?"},"content":{"rendered":"<p style=\"text-align: justify;\"><a href=\"http:\/\/www.korhanyilmaz.com\/wp-content\/uploads\/2011\/05\/147.jpg\"  class=\"lightview\"><img loading=\"lazy\" decoding=\"async\" class=\"aligncenter size-full wp-image-32534\" src=\"http:\/\/www.korhanyilmaz.com\/wp-content\/uploads\/2011\/05\/147.jpg\" alt=\"\" width=\"384\" height=\"254\" \/><\/a><\/p>\n<p style=\"text-align: justify;\">13 y\u0131l \u00f6nceki bir belgeyi a\u00e7\u0131klayan Ba\u015fbakan Erdo\u011fan, CHP lideri Kemal K\u0131l\u0131\u00e7daro\u011flu&#8217;na sordu: SSK&#8217;ya kimleri atad\u0131n\u0131z? Atananlar kimler? Sizinle akrabal\u0131klar\u0131 var m\u0131?<!--more--><\/p>\n<p style=\"text-align: justify;\">BALIKES\u0130R &#8211; Ba\u015fbakan Recep Tayyip Erdo\u011fan Bal\u0131kesir&#8217;de partisince d\u00fczenlenen mitingde konu\u015ftu. CHP lideri Kemal K\u0131l\u0131\u00e7daro\u011flu&#8217;na y\u00fcklenen Erdo\u011fan \u015funlar\u0131 s\u00f6yledi: \u201cBir de bizim Bay Kemal var. SSK m\u00fcd\u00fcr\u00fcyd\u00fc, bir varm\u0131\u015f bir yokmu\u015f&#8230; Genel m\u00fcd\u00fcrl\u00fc\u011f\u00fc 90\u2019l\u0131 y\u0131llarda ila\u00e7lar\u0131 alamad\u0131\u011f\u0131m\u0131z d\u00f6nemleri anlatmama gerek var m\u0131? K\u0131l\u0131\u00e7daro\u011flu sen vatanda\u015f\u0131n ilac\u0131n\u0131 veremedin, \u015fimdi nerden at\u0131p tutuyorsun. \u00d6yle suistimallar yapm\u0131\u015f ki, \u015fimdi belge a\u00e7\u0131klamayaca\u011f\u0131m. Diyor ya; d\u00fcr\u00fcstl\u00fck abidesi. Belge bu, ben bo\u015f dosya a\u00e7\u0131klam\u0131yorum, alt\u0131nda K\u0131l\u0131\u00e7daro\u011flu\u2019nun oluru var. Okuyorum, &#8220;\u00d6SYM taraf\u0131ndan s\u0131nav g\u00fcnlerinin dolu oldu\u011fu, yak\u0131n zamanda yap\u0131lan s\u0131navla yeterli say\u0131da ba\u015fvurunun al\u0131namad\u0131\u011f\u0131, 1998 y\u0131l\u0131ndan sonra s\u0131navlar\u0131n yap\u0131lmas\u0131 halinde atamalar\u0131n gecikebilece\u011fi, s\u00f6zkonusu pozisyonlarda g\u00f6rev almak isteyenlerin talepleri do\u011frultusunda atamalar\u0131n\u0131n ger\u00e7ekle\u015ftirilmesinin uygun olaca\u011f\u0131 d\u00fc\u015f\u00fcn\u00fclmektedir. Tarih: 14.07.1998, \u0130mza: Kemal K\u0131l\u0131\u00e7daro\u011flu.<\/p>\n<p style=\"text-align: justify;\">\u015eimdi soruyorum; Nas\u0131l oluyor da \u00d6SYM s\u0131nav yapam\u0131yor? Nas\u0131l oluyor da yeterli ba\u015fvuru al\u0131nam\u0131yor? Bu s\u00f6z konusu pozisyonlar neler? O pozisyonlara ba\u015fvuranlar kimler? SSK\u2019ya bu \u015fekilde kimleri atad\u0131n\u0131z? Atananlar kimler? Sizinle akrabal\u0131klar\u0131 var m\u0131? E\u015finizin eski soyad\u0131yla ayn\u0131 olan ka\u00e7 ki\u015fi i\u015fe al\u0131nd\u0131?<\/p>\n<p style=\"text-align: justify;\">D\u00fcr\u00fcsts\u00fcn\u00fcz ya, mertsiniz ya, Gandisiniz ya&#8230; Bu sorulara cevap verin. Sevgili karde\u015flerim biz bunlar\u0131 Meclis&#8217;te de y\u00fcz\u00fcne vurduk ama cevap alamad\u0131k.&#8221;<\/p>\n<p style=\"text-align: justify;\"><a href=\"http:\/\/www.radikal.com.tr\/Radikal.aspx?aType=RadikalDetayV3&amp;ArticleID=1049097&amp;Date=12.05.2011&amp;CategoryID=78\" target=\"_blank\">Kaynak : Radikal<\/a><\/p>\n","protected":false},"excerpt":{"rendered":"<p style=\"text-align: justify;\">\n<p style=\"text-align: justify;\">13 y\u0131l \u00f6nceki bir belgeyi a\u00e7\u0131klayan Ba\u015fbakan Erdo\u011fan, CHP lideri Kemal K\u0131l\u0131\u00e7daro\u011flu&#8217;na sordu: SSK&#8217;ya kimleri atad\u0131n\u0131z? Atananlar kimler? Sizinle akrabal\u0131klar\u0131 var m\u0131?<\/p>\n","protected":false},"author":1,"featured_media":0,"comment_status":"open","ping_status":"closed","sticky":false,"template":"","format":"standard","meta":{"footnotes":""},"categories":[105],"tags":[],"class_list":["post-32533","post","type-post","status-publish","format-standard","hentry","category-gundem","odd"],"_links":{"self":[{"href":"http:\/\/www.korhanyilmaz.com\/index.php?rest_route=\/wp\/v2\/posts\/32533","targetHints":{"allow":["GET"]}}],"collection":[{"href":"http:\/\/www.korhanyilmaz.com\/index.php?rest_route=\/wp\/v2\/posts"}],"about":[{"href":"http:\/\/www.korhanyilmaz.com\/index.php?rest_route=\/wp\/v2\/types\/post"}],"author":[{"embeddable":true,"href":"http:\/\/www.korhanyilmaz.com\/index.php?rest_route=\/wp\/v2\/users\/1"}],"replies":[{"embeddable":true,"href":"http:\/\/www.korhanyilmaz.com\/index.php?rest_route=%2Fwp%2Fv2%2Fcomments&post=32533"}],"version-history":[{"count":0,"href":"http:\/\/www.korhanyilmaz.com\/index.php?rest_route=\/wp\/v2\/posts\/32533\/revisions"}],"wp:attachment":[{"href":"http:\/\/www.korhanyilmaz.com\/index.php?rest_route=%2Fwp%2Fv2%2Fmedia&parent=32533"}],"wp:term":[{"taxonomy":"category","embeddable":true,"href":"http:\/\/www.korhanyilmaz.com\/index.php?rest_route=%2Fwp%2Fv2%2Fcategories&post=32533"},{"taxonomy":"post_tag","embeddable":true,"href":"http:\/\/www.korhanyilmaz.com\/index.php?rest_route=%2Fwp%2Fv2%2Ftags&post=32533"}],"curies":[{"name":"wp","href":"https:\/\/api.w.org\/{rel}","templated":true}]}}