{"id":32529,"date":"2011-05-12T15:08:56","date_gmt":"2011-05-12T12:08:56","guid":{"rendered":"http:\/\/www.korhanyilmaz.com\/?p=32529"},"modified":"2011-05-12T15:08:56","modified_gmt":"2011-05-12T12:08:56","slug":"kilicdaroglu-o-bakanlari-acikla","status":"publish","type":"post","link":"http:\/\/www.korhanyilmaz.com\/?p=32529","title":{"rendered":"K\u0131l\u0131\u00e7daro\u011flu: O bakanlar\u0131 a\u00e7\u0131kla!"},"content":{"rendered":"<p style=\"text-align: justify;\"><a href=\"http:\/\/www.korhanyilmaz.com\/wp-content\/uploads\/2011\/05\/146.jpg\"  class=\"lightview\"><img loading=\"lazy\" decoding=\"async\" class=\"aligncenter size-full wp-image-32530\" src=\"http:\/\/www.korhanyilmaz.com\/wp-content\/uploads\/2011\/05\/146.jpg\" alt=\"\" width=\"384\" height=\"254\" \/><\/a><\/p>\n<p style=\"text-align: justify;\">Ba\u015fbakan Erdo\u011fan&#8217;\u0131n baz\u0131 bakanlar\u0131n yolsuzlu\u011fa kar\u0131\u015ft\u0131klar\u0131 i\u00e7in listeye al\u0131nmad\u0131\u011f\u0131n\u0131 s\u00f6ylemesi \u00fczerine g\u00f6zler aday olamayan bakanlara d\u00f6nd\u00fc.<\/p>\n<p style=\"text-align: justify;\">KONYA &#8211; CHP Genel Ba\u015fkan\u0131 Kemal K\u0131l\u0131\u00e7daro\u011flu, CHP\u2019nin tar\u0131m raporun a\u00e7\u0131klanaca\u011f\u0131 toplant\u0131 \u00f6ncesi Ba\u015fbakan Erdo\u011fan\u2019\u0131n d\u00fcn kendisine y\u00f6nelik s\u00f6yledi\u011fi s\u00f6zlere yan\u0131t verdi.<!--more--><\/p>\n<p style=\"text-align: justify;\">K\u0131l\u0131\u00e7daro\u011flu, bir s\u00fcre \u00f6nce bir bakan\u0131n bir yak\u0131n\u0131n \u00fcniversiteye yerle\u015ftirilmesi i\u00e7in \u00d6SYM Ba\u015fkan\u0131\u2019na elektronik posta g\u00f6nderdi\u011fini a\u00e7\u0131klad\u0131\u011f\u0131n\u0131 an\u0131msatt\u0131. Bunu \u00fczerine Ba\u015fbakan Erdo\u011fan\u2019\u0131n d\u00fcn L\u00fcleburgaz\u2019da kendisini kastederek, &#8220;Sende zerre kadar onur varsa bu kadar a\u011f\u0131r konu\u015fuyorum, \u00e7\u0131kars\u0131n bu h\u00fck\u00fcmetin o bakan\u0131n\u0131 a\u00e7\u0131klars\u0131n&#8221; dedi\u011fini kaydetti. Kendisinin a\u00e7\u0131klamas\u0131na gerek kalmadan o bakan\u0131n ortaya \u00e7\u0131kt\u0131\u011f\u0131n\u0131 ifade eden K\u0131l\u0131\u00e7daro\u011flu, Ba\u015fbakan\u2019\u0131n ayn\u0131 konu\u015fmas\u0131nda, &#8220;Ben \u00e7\u00fcnk\u00fc ne Bah\u00e7eli\u2019yim ne \u015fuyum ne buyum. Bizim partimiz AK Parti, temiz siyaset s\u00f6z\u00fc vererek geldik. Benim bir bakan\u0131m bunu yapamaz. Bug\u00fcne kadar baz\u0131 bakanlarla alakal\u0131 at\u0131lm\u0131\u015f ad\u0131mlar varsa, bunun gerek\u00e7eleri vard\u0131r. Bug\u00fcn bir\u00e7o\u011fu milletvekili aday\u0131 olmad\u0131ysa nedenleri vard\u0131r. Milletvekillerim i\u00e7inde ayn\u0131 \u015fey ge\u00e7erlidir&#8221; dedi\u011fini belirtti.<\/p>\n<p style=\"text-align: justify;\"><strong>\u2018M\u00dcTH\u0130\u015e \u0130T\u0130RAF\u2019<\/strong><\/p>\n<p style=\"text-align: justify;\">Ba\u015fbakan\u2019\u0131n bu s\u00f6zlerinin &#8220;m\u00fcthi\u015f bir itiraf&#8221; oldu\u011funu s\u00f6yleyen K\u0131l\u0131\u00e7daro\u011flu, \u015f\u00f6yle konu\u015ftu: &#8220;\u015eimdi hi\u00e7bir yorum yapmadan Say\u0131n Recep Tayyip Erdo\u011fan\u2019a onun s\u00f6zleriyle hitap ediyorum. Sende zerre kadar onur varsa, bu kadar a\u011f\u0131r konu\u015fuyorum, \u00e7\u0131kars\u0131n o bakanlar\u0131 milletvekillerini a\u00e7\u0131klars\u0131n. T\u00fcrkiye Cumhuriyeti tarihinde bir ba\u015fbakan, bakanlar\u0131n ve milletvekillerinin ve milletvekili adaylar\u0131n\u0131n isimlerinin yolsuzluklara kar\u0131\u015ft\u0131\u011f\u0131n\u0131 ve bu gerek\u00e7eyle listelerde yer almad\u0131\u011f\u0131n\u0131 a\u00e7\u0131klad\u0131. \u0130simlerini bekliyoruz. Zerre kadar onur varsa, benim de\u011fil onun s\u00f6z\u00fc.\u201d<\/p>\n<p style=\"text-align: justify;\"><strong>AKP\u2019DEN ADAY OLAMAYAN BAKANLAR<\/strong><\/p>\n<p style=\"text-align: justify;\">AKP\u2019nin iktidara gelmesinden sonra kurulan ilk iki h\u00fck\u00fcmette g\u00f6rev alan bakanlar t\u0131rpanlanm\u0131\u015ft\u0131. Kad\u0131n ve Aileden Sorumlu Devlet Bakan\u0131 Selma Aliye Kavaf yeniden adayl\u0131k ba\u015fvurusunda bulunmas\u0131na ra\u011fmen aday listesinde yer bulamad\u0131. Eski Maliye Bakan\u0131 Kemal Unak\u0131tan ve eski D\u0131\u015fi\u015fleri Bakan\u0131 Ya\u015far Yak\u0131\u015f adayl\u0131k ba\u015fvurusunda bulunmad\u0131klar\u0131 i\u00e7in listede yer almad\u0131. Adayl\u0131k ba\u015fvurusu yapan eski bakanlar G\u00fcldal Ak\u015fit, Naz\u0131m Ekren, Sait Yaz\u0131c\u0131o\u011flu, K\u00fcr\u015fat T\u00fczmen, Zeki Ergezen, Sami G\u00fc\u00e7l\u00fc ve \u0130mdat S\u00fctl\u00fco\u011flu ile birbirlerine d\u00fcn\u00fcr olan Osman Pepe ve Hilmi G\u00fcler de listeye al\u0131nmad\u0131.<\/p>\n<p style=\"text-align: justify;\"><a href=\"http:\/\/www.radikal.com.tr\/Radikal.aspx?aType=RadikalDetayV3&amp;ArticleID=1049085&amp;Date=12.05.2011&amp;CategoryID=78\" target=\"_blank\">Kaynak : Radikal<\/a><\/p>\n","protected":false},"excerpt":{"rendered":"<p style=\"text-align: justify;\">\n<p style=\"text-align: justify;\">Ba\u015fbakan Erdo\u011fan&#8217;\u0131n baz\u0131 bakanlar\u0131n yolsuzlu\u011fa kar\u0131\u015ft\u0131klar\u0131 i\u00e7in listeye al\u0131nmad\u0131\u011f\u0131n\u0131 s\u00f6ylemesi \u00fczerine g\u00f6zler aday olamayan bakanlara d\u00f6nd\u00fc.<\/p>\n<p style=\"text-align: justify;\">KONYA &#8211; CHP Genel Ba\u015fkan\u0131 Kemal K\u0131l\u0131\u00e7daro\u011flu, CHP\u2019nin tar\u0131m raporun a\u00e7\u0131klanaca\u011f\u0131 toplant\u0131 \u00f6ncesi Ba\u015fbakan Erdo\u011fan\u2019\u0131n d\u00fcn kendisine y\u00f6nelik s\u00f6yledi\u011fi s\u00f6zlere yan\u0131t verdi.<\/p>\n","protected":false},"author":1,"featured_media":0,"comment_status":"open","ping_status":"closed","sticky":false,"template":"","format":"standard","meta":{"footnotes":""},"categories":[105],"tags":[],"class_list":["post-32529","post","type-post","status-publish","format-standard","hentry","category-gundem","odd"],"_links":{"self":[{"href":"http:\/\/www.korhanyilmaz.com\/index.php?rest_route=\/wp\/v2\/posts\/32529","targetHints":{"allow":["GET"]}}],"collection":[{"href":"http:\/\/www.korhanyilmaz.com\/index.php?rest_route=\/wp\/v2\/posts"}],"about":[{"href":"http:\/\/www.korhanyilmaz.com\/index.php?rest_route=\/wp\/v2\/types\/post"}],"author":[{"embeddable":true,"href":"http:\/\/www.korhanyilmaz.com\/index.php?rest_route=\/wp\/v2\/users\/1"}],"replies":[{"embeddable":true,"href":"http:\/\/www.korhanyilmaz.com\/index.php?rest_route=%2Fwp%2Fv2%2Fcomments&post=32529"}],"version-history":[{"count":0,"href":"http:\/\/www.korhanyilmaz.com\/index.php?rest_route=\/wp\/v2\/posts\/32529\/revisions"}],"wp:attachment":[{"href":"http:\/\/www.korhanyilmaz.com\/index.php?rest_route=%2Fwp%2Fv2%2Fmedia&parent=32529"}],"wp:term":[{"taxonomy":"category","embeddable":true,"href":"http:\/\/www.korhanyilmaz.com\/index.php?rest_route=%2Fwp%2Fv2%2Fcategories&post=32529"},{"taxonomy":"post_tag","embeddable":true,"href":"http:\/\/www.korhanyilmaz.com\/index.php?rest_route=%2Fwp%2Fv2%2Ftags&post=32529"}],"curies":[{"name":"wp","href":"https:\/\/api.w.org\/{rel}","templated":true}]}}