{"id":32515,"date":"2011-05-12T11:21:42","date_gmt":"2011-05-12T08:21:42","guid":{"rendered":"http:\/\/www.korhanyilmaz.com\/?p=32515"},"modified":"2011-05-12T11:21:42","modified_gmt":"2011-05-12T08:21:42","slug":"mhp-baraji-asar","status":"publish","type":"post","link":"http:\/\/www.korhanyilmaz.com\/?p=32515","title":{"rendered":"&#8220;MHP baraj\u0131 a\u015far&#8221;"},"content":{"rendered":"<p style=\"text-align: justify;\"><a href=\"http:\/\/www.korhanyilmaz.com\/wp-content\/uploads\/2011\/05\/143.jpg\"  class=\"lightview\"><img loading=\"lazy\" decoding=\"async\" class=\"aligncenter size-full wp-image-32516\" src=\"http:\/\/www.korhanyilmaz.com\/wp-content\/uploads\/2011\/05\/143.jpg\" alt=\"\" width=\"414\" height=\"222\" \/><\/a><\/p>\n<p style=\"text-align: justify;\">CHP lideri K\u0131l\u0131\u00e7daro\u011flu, Konya yolunda kaset tart\u0131\u015fmalar\u0131ndan MHP&#8217;nin oy oran\u0131na, \u00fcslup polemi\u011finden partisinin gelece\u011fine sorular\u0131 yan\u0131tlad\u0131. K\u0131l\u0131\u00e7daro\u011flu, kaset skandal\u0131 i\u00e7in miting meydanlar\u0131nda &#8220;Bunlar \u00f6zel de\u011fil genel genel&#8221; diyen Ba\u015fbakan Erdo\u011fan i\u00e7in de &#8220;\u00d6zel kavram\u0131n\u0131 iyice \u00f6\u011frensin \u00f6yle \u00e7\u0131ks\u0131n meydanlara&#8230;&#8221; dedi.<!--more--><\/p>\n<p style=\"text-align: justify;\">CHP lideri Kemal K\u0131l\u0131\u00e7daro\u011flu, Konya mitingine giderken yolda gazetecilere \u00f6nemli a\u00e7\u0131klamalarda bulundu. Sabah erken saatlerde \u0130stanbul&#8217;dan hareket eden K\u0131l\u0131\u00e7daro\u011flu, son g\u00fcnlerde kaset skandallar\u0131 ile zor g\u00fcnler ge\u00e7iren MHP&#8217;nin baraj\u0131 a\u015faca\u011f\u0131n\u0131 d\u00fc\u015f\u00fcnd\u00fc\u011f\u00fcn\u00fc s\u00f6yledi.<\/p>\n<p style=\"text-align: justify;\">U\u00e7akta NTVMSNBC Genel Yay\u0131n Y\u00f6netmeni Ahmet Ye\u015filtepe ile konu\u015fan K\u0131l\u0131\u00e7daro\u011flu ile \u00f6nce se\u00e7im meydanlar\u0131ndaki izlenimlerini anlatt\u0131. Halk\u0131n ilgisinden memnum oldu\u011funu belirten K\u0131l\u0131\u00e7daro\u011flu, \u00f6zellikle Siirt ve Mu\u015f&#8217;a vurgu yaparak, &#8220;Bu kentten \u00e7ok umutluyum, buralardan milletvekili bekliyorum&#8221; dedi.<\/p>\n<p style=\"text-align: justify;\">Daha sonra anketler ve siyasilerin tart\u0131\u015fmaya a\u00e7t\u0131\u011f\u0131 MHP&#8217;nin baraj\u0131 ge\u00e7ip ge\u00e7emeyece\u011fi konusuyla ilgili konu\u015fan K\u0131l\u0131\u00e7daro\u011flu, teredd\u00fct etmeden &#8220;MHP&#8217;nin baraj sorunu yok. Meclis&#8217;e giremeyece\u011fi ihtimalini hi\u00e7 tahmin etmiyorum&#8221; ifadesini kulland\u0131.<\/p>\n<p style=\"text-align: justify;\">K\u0131l\u0131\u00e7daro\u011flu, kasetlerin se\u00e7im sonu\u00e7lar\u0131n\u0131 herhangi \u015fekilde etkilemece\u011fini d\u00fc\u015f\u00fcnd\u00fc\u011f\u00fcn\u00fc belirtti. Ba\u015fbakan&#8217;\u0131n kaset konusunu s\u0131k s\u0131k g\u00fcndeme getirerek rakiplerini itibars\u0131zla\u015ft\u0131rmaya \u00e7al\u0131\u015ft\u0131\u011f\u0131n\u0131 s\u00f6yleyen K\u0131l\u0131\u00e7daro\u011flu, bu yakla\u015f\u0131m\u0131 do\u011fru bulmad\u0131\u011f\u0131n\u0131 vurgulad\u0131.<\/p>\n<p style=\"text-align: justify;\"><a href=\"http:\/\/www.korhanyilmaz.com\/wp-content\/uploads\/2011\/05\/144.jpg\"  class=\"lightview\"><img loading=\"lazy\" decoding=\"async\" class=\"aligncenter size-full wp-image-32517\" src=\"http:\/\/www.korhanyilmaz.com\/wp-content\/uploads\/2011\/05\/144.jpg\" alt=\"\" width=\"448\" height=\"231\" \/><\/a><\/p>\n<p style=\"text-align: justify;\"><strong>&#8220;\u00d6ZEL KAVRAMINI \u0130Y\u0130CE \u00d6\u011eRENS\u0130N \u00d6YLE \u00c7IKSIN MEYDANLARA&#8221;<\/strong><\/p>\n<p style=\"text-align: justify;\">Erdo\u011fan&#8217;\u0131n bu konuya de\u011finerek \u00e7ok b\u00fcy\u00fck hata yapt\u0131\u011f\u0131n\u0131 g\u00f6r\u00fc\u015f\u00fcn\u00fc savunan CHP lideri, Ba\u015fbakan&#8217;a \u00f6zel hayat uyar\u0131s\u0131nda bulundu:<\/p>\n<p style=\"text-align: justify;\">&#8220;Say\u0131n Erdo\u011fan \u00f6zel hayat\u0131 sade e\u015fi ve yak\u0131nlar\u0131yla ya\u015fad\u0131\u011f\u0131 \u015feyler olarak kabul ediyor. Halbuki onun genel ya\u015fam olarak kabul etti\u011fi \u015feylerde de \u00f6zel alanlar vard\u0131r. \u00d6zel tan\u0131m\u0131 yaparken daha dikkatli olmal\u0131. Etraf\u0131nda bir\u00e7ok dan\u0131\u015fman var. Onlara, hukuk\u00e7ulara, sosyologlara dan\u0131\u015fmas\u0131 laz\u0131m. \u00d6zel kavram\u0131n\u0131 iyice \u00f6\u011frensin \u00f6yle \u00e7\u0131ks\u0131n meydanlara&#8230;&#8221;<\/p>\n<p style=\"text-align: justify;\">K\u0131l\u0131\u00e7daro\u011flu, kaset konusunu meydanlara ta\u015f\u0131yan Ba\u015fbakan&#8217;\u0131n bundan nemalanmaya \u00e7al\u0131\u015fmas\u0131n\u0131n faydas\u0131 olmayaca\u011f\u0131b\u0131 belirtirken, kaset meselesinde Ba\u015fbakan&#8217;a d\u00fc\u015fen g\u00f6revi ise \u015f\u00f6yle dile getirdi:<\/p>\n<p style=\"text-align: justify;\">&#8220;S\u00fcrekli \u00fcst\u00fcn\u00fc \u00f6rt\u00fcyor. \u00d6rtbas etmek \u00fcst\u00fcn\u00fc \u00f6rtemeye \u00e7al\u0131\u015fmak yerine asl\u0131nda yasan\u0131n gere\u011fini yerine getirmeli. Bunlar\u0131 kim \u00e7ekiyor, kim yay\u0131yor onlar\u0131 bulmal\u0131. Yavuz h\u0131rs\u0131z, ev sahibini bast\u0131rmaya \u00e7al\u0131\u015f\u0131yor. Bunu yapanlar\u0131 unutturmaya \u00e7al\u0131\u015f\u0131yor sonra da se\u00e7im malzemesi yap\u0131yor.&#8221;<\/p>\n<p style=\"text-align: justify;\">Se\u00e7im s\u00fcrecinde siyasilerin kulland\u0131\u011f\u0131 \u00fcslupta \u00f6l\u00e7\u00fcy\u00fc ka\u00e7\u0131rmas\u0131yla ilgili kendisine y\u00f6neltilen ele\u015ftirilere ise kat\u0131lmad\u0131\u011f\u0131n\u0131 ifade eden K\u0131l\u0131\u00e7daro\u011flu, &#8220;Se\u00e7im meydanlar\u0131nda ini\u015fler \u00e7\u0131k\u0131\u015flar olur, espri olur. Bunlar se\u00e7meni hareketlendirmek i\u00e7in laz\u0131m. Zaman zaman sert ifadeler kulland\u0131\u011f\u0131m oluyor. Ama Ba\u015fbakan&#8217;\u0131n s\u00f6zlerine bak\u0131ld\u0131\u011f\u0131nda benimkiler \u00e7ok hafif kal\u0131r&#8221; dedi.<\/p>\n<p style=\"text-align: justify;\"><strong>&#8220;BEN\u0130 TANIYANLAR B\u0130L\u0130R, K\u00dcF\u00dcR EDEN B\u0130R \u0130NSAN DE\u011e\u0130L\u0130M&#8221;<\/strong><\/p>\n<p style=\"text-align: justify;\">K\u0131l\u0131\u00e7daro\u011flu ge\u00e7en haftaya damgas\u0131n\u0131 vuran &#8220;ana&#8221; polemi\u011fiyle ilgili olarak da &#8220;asla k\u00fcf\u00fcr etmedi\u011fini&#8221; vurgulad\u0131. Se\u00e7im meydanlar\u0131nda k\u00fcf\u00fcr edecek bir siyaset\u00e7i olaca\u011f\u0131n\u0131 sanmad\u0131\u011f\u0131n\u0131 belirten K\u0131l\u0131\u00e7daro\u011flu, \u015f\u00f6yle devam etti:<\/p>\n<p style=\"text-align: justify;\">&#8220;Orada aya\u011f\u0131n\u0131 denk al diyecektim ama tehdit olacak diye vazge\u00e7tim. Bazen ortam gere\u011fi veya kalabal\u0131\u011f\u0131n heyecan\u0131 nedeniyle konu\u015fmalar farkl\u0131 \u015fekilde anla\u015f\u0131labiliyor. Zaten beni tan\u0131yanlar bilir ben k\u00fcf\u00fcr eden bir insan de\u011filim.&#8221;<\/p>\n<p style=\"text-align: justify;\"><a href=\"http:\/\/www.gazeteport.com.tr\/SIYASET\/NEWS\/GP_903407\" target=\"_blank\">Kaynak : GAZETEPORT<\/a><\/p>\n","protected":false},"excerpt":{"rendered":"<p style=\"text-align: justify;\">\n<p style=\"text-align: justify;\">CHP lideri K\u0131l\u0131\u00e7daro\u011flu, Konya yolunda kaset tart\u0131\u015fmalar\u0131ndan MHP&#8217;nin oy oran\u0131na, \u00fcslup polemi\u011finden partisinin gelece\u011fine sorular\u0131 yan\u0131tlad\u0131. K\u0131l\u0131\u00e7daro\u011flu, kaset skandal\u0131 i\u00e7in miting meydanlar\u0131nda &#8220;Bunlar \u00f6zel de\u011fil genel genel&#8221; diyen Ba\u015fbakan Erdo\u011fan i\u00e7in de &#8220;\u00d6zel kavram\u0131n\u0131 iyice \u00f6\u011frensin \u00f6yle \u00e7\u0131ks\u0131n meydanlara&#8230;&#8221; dedi.<\/p>\n","protected":false},"author":1,"featured_media":0,"comment_status":"open","ping_status":"closed","sticky":false,"template":"","format":"standard","meta":{"footnotes":""},"categories":[105],"tags":[],"class_list":["post-32515","post","type-post","status-publish","format-standard","hentry","category-gundem","odd"],"_links":{"self":[{"href":"http:\/\/www.korhanyilmaz.com\/index.php?rest_route=\/wp\/v2\/posts\/32515","targetHints":{"allow":["GET"]}}],"collection":[{"href":"http:\/\/www.korhanyilmaz.com\/index.php?rest_route=\/wp\/v2\/posts"}],"about":[{"href":"http:\/\/www.korhanyilmaz.com\/index.php?rest_route=\/wp\/v2\/types\/post"}],"author":[{"embeddable":true,"href":"http:\/\/www.korhanyilmaz.com\/index.php?rest_route=\/wp\/v2\/users\/1"}],"replies":[{"embeddable":true,"href":"http:\/\/www.korhanyilmaz.com\/index.php?rest_route=%2Fwp%2Fv2%2Fcomments&post=32515"}],"version-history":[{"count":0,"href":"http:\/\/www.korhanyilmaz.com\/index.php?rest_route=\/wp\/v2\/posts\/32515\/revisions"}],"wp:attachment":[{"href":"http:\/\/www.korhanyilmaz.com\/index.php?rest_route=%2Fwp%2Fv2%2Fmedia&parent=32515"}],"wp:term":[{"taxonomy":"category","embeddable":true,"href":"http:\/\/www.korhanyilmaz.com\/index.php?rest_route=%2Fwp%2Fv2%2Fcategories&post=32515"},{"taxonomy":"post_tag","embeddable":true,"href":"http:\/\/www.korhanyilmaz.com\/index.php?rest_route=%2Fwp%2Fv2%2Ftags&post=32515"}],"curies":[{"name":"wp","href":"https:\/\/api.w.org\/{rel}","templated":true}]}}