{"id":32509,"date":"2011-05-12T08:14:38","date_gmt":"2011-05-12T05:14:38","guid":{"rendered":"http:\/\/www.korhanyilmaz.com\/?p=32509"},"modified":"2011-05-12T08:14:38","modified_gmt":"2011-05-12T05:14:38","slug":"iste-skandal-yaratan-mail-trafigi","status":"publish","type":"post","link":"http:\/\/www.korhanyilmaz.com\/?p=32509","title":{"rendered":"\u0130\u015fte skandal yaratan mail trafi\u011fi"},"content":{"rendered":"<p style=\"text-align: center;\"><a href=\"http:\/\/www.korhanyilmaz.com\/wp-content\/uploads\/2011\/05\/141.jpg\"  class=\"lightview\"><img loading=\"lazy\" decoding=\"async\" class=\"aligncenter size-full wp-image-32510\" src=\"http:\/\/www.korhanyilmaz.com\/wp-content\/uploads\/2011\/05\/141.jpg\" alt=\"\" width=\"421\" height=\"119\" \/><\/a><\/p>\n<p style=\"text-align: justify;\">G\u00fcnlerdir Ankara g\u00fcndemini me\u015fgul eden \u2018bir bakan\u0131n \u00d6SYM\u2019yi aray\u0131p ye\u011feninin uygun yere yerle\u015ftirilmesini istedi\u011fi\u2019 iddias\u0131n\u0131n arkas\u0131ndaki s\u0131r perdesi ayd\u0131nland\u0131.<\/p>\n<p style=\"text-align: justify;\">CHP Lideri Kemal K\u0131l\u0131\u00e7daro\u011flu\u2019nun isim a\u00e7\u0131klamadan, \u201cBir bakan \u2018Ye\u011fenimi iyi bir yere yerle\u015ftirin\u2019 diye \u00d6SYM Ba\u015fkan\u0131 Ali Demir\u2019email g\u00f6nderdi\u201d iddias\u0131n\u0131n ard\u0131ndan, g\u00fcndeme damgas\u0131n\u0131 vuran e-postan\u0131n ayr\u0131nt\u0131lar\u0131 Devlet Bakan\u0131 Hayati Yaz\u0131c\u0131&#8217;n\u0131n \u00d6zel Kalemi&#8217;nden yap\u0131lan a\u00e7\u0131klama ile ortaya \u00e7\u0131kmaya ba\u015flad\u0131. <!--more--><\/p>\n<div id=\"attachment_32511\" style=\"width: 248px\" class=\"wp-caption alignleft\"><a href=\"http:\/\/www.korhanyilmaz.com\/wp-content\/uploads\/2011\/05\/142.jpg\"  class=\"lightview\"><img loading=\"lazy\" decoding=\"async\" aria-describedby=\"caption-attachment-32511\" class=\"size-full wp-image-32511\" style=\"margin-left: 10px; margin-right: 10px;\" src=\"http:\/\/www.korhanyilmaz.com\/wp-content\/uploads\/2011\/05\/142.jpg\" alt=\"\" width=\"238\" height=\"189\" \/><\/a><p id=\"caption-attachment-32511\" class=\"wp-caption-text\">Hayati Yaz\u0131c\u0131<\/p><\/div>\n<p style=\"text-align: justify;\">Y\u00d6K kaynaklar\u0131ndan al\u0131nan bilgiye g\u00f6re 22 Eyl\u00fcl\u2019de \u00d6SYMBa\u015fkanl\u0131\u011f\u0131\u2019na vekaleten atanan Demir\u2019i cep telefonundan Bakan Hayati Yaz\u0131c\u0131 ad\u0131na arayan bir ki\u015fi konu\u015fman\u0131n sonunda \u201cBakana iletmemi istedi\u011fimiz bir \u015fey varm\u0131? Kendisine aktaraca\u011f\u0131m. Verece\u011fim mail adresine yaz\u0131p atarm\u0131s\u0131n\u0131z\u201d dedi. Ve Demir hayati_yaziciankara@hotmail.com adresin e 26 Ekim2010 Sal\u0131 g\u00fcn\u00fc saat 17.41\u2019de \u015fumaili att\u0131: Say\u0131n Bakan\u0131m, Bug\u00fcn vaki olan telefon g\u00f6r\u00fc\u015fmemize ve bana g\u00f6sterdi\u011finiz g\u00fcvene \u00e7ok memnun oldum. \u00dclkemizde, sosyal bar\u0131\u015f, hak ve adalet duygusunun yerle\u015fmesinde en \u00f6nemli bir unsur olan \u00d6SYM\u2019nin bir an evvel olmas\u0131 gereken konumuna gelebilmesi i\u00e7in kendisine has bir mevzuat\u0131n\u0131n olu\u015fmas\u0131 \u015fartt\u0131r. Bu do\u011frultuda verece\u011finiz destekler i\u00e7in \u015fimdiden \u00e7ok te\u015fekk\u00fcr ediyorum. Sayg\u0131lar sunar\u0131m<\/p>\n<p style=\"text-align: justify;\">Ali Demir Ayn\u0131 g\u00fcn saat 21.41\u2019de ayn\u0131 adresten Demir\u2019e g\u00f6nderilen \u015fu e-posta geldi: Ali bey merhaba \u00d6ncelikle benimsize her konuda destek olaca\u011f\u0131m\u0131 bilmenizi isterim&#8230; Benim\u00e7ok sevdi\u011fim bir yi\u011fenim var.. bu k\u0131z\u0131m\u0131z\u0131n tek hedefi doktor olmakt\u0131r&#8230; Ama alt yap\u0131s\u0131 zay\u0131f oldu\u011fu i\u00e7in&#8230; a\u015f\u0131r\u0131 psikolojik depresyona girdi ve bu durumhemailesini hemde day\u0131s\u0131 olarak beni \u00e7ok \u00fcz\u00fcyor&#8230; benimsizden iste\u011fimiz bu k\u0131z\u0131m\u0131z\u0131n bu \u00f6n\u00fcm\u00fczdeki (ygs) ve (lys) s\u0131navlar\u0131nda ba\u015far\u0131 elde edip \u0130stanbul i\u00e7inde bir t\u0131p fak\u00fcltesine yerle\u015fmesini sa\u011flamakt\u0131r. Sizden bu yard\u0131m\u0131n\u0131z\u0131 esirgememenizi rica ediyorum. Bu konuda yard\u0131m\u0131n\u0131z\u0131 bekliyorum. selamlar. Hayati Yaz\u0131c\u0131<\/p>\n<p style=\"text-align: justify;\"><strong>\u00d6SYM TRAF\u0130\u011e\u0130 DO\u011eRULADI<\/strong><\/p>\n<p style=\"text-align: justify;\">\u00d6SYM kaynaklar\u0131 da e-posta trafi\u011fini do\u011frulad\u0131lar. Ancak yetkililerin verdi\u011fi bilgiye g\u00f6re \u00d6SYM Ba\u015fkan\u0131 torpil e-postas\u0131n\u0131 \u201cgayri ciddi\u201d buldu ve mesajla ilgili Y\u00d6K Ba\u015fkan\u0131 \u00d6zcan\u2019a bilgi verdi, \u00d6zcan da kendisine \u201cCiddiye alma\u201d dedi. Ali Demir e-postay\u0131 sildi ve \u015fahs\u0131n iste\u011fine ili\u015fkin bir i\u015flem yap\u0131lmad\u0131.<\/p>\n<p style=\"text-align: justify;\"><strong>\u2018HEYECANLA GELD\u0130\u2019<\/strong><\/p>\n<p style=\"text-align: justify;\">Edinilen bilgilere g\u00f6re maili, YGS\u2019deki \u015fifre iddialar\u0131n\u0131 soru\u015fturmak i\u00e7in \u00d6SYM\u2019de ayr\u0131nt\u0131l\u0131 inceleme yapan ve silinen dosyalarla mailleri geri \u00e7a\u011f\u0131ran polis buldu. Ancak metinden K\u0131l\u0131\u00e7daro\u011flu\u2019nun nas\u0131l haberdar oldu\u011fu belirlenemedi.<\/p>\n<p style=\"text-align: justify;\">Y\u00d6K Ba\u015fkan\u0131 Prof. Yusuf Ziya \u00d6zcan e-posta\u2019n\u0131n \u00f6yk\u00fcs\u00fcn\u00fc HABERT\u00dcRK\u2019e anlatt\u0131: \u201cAli bey bunu heyecanla bana getirdi, \u2018B\u00f6yle bir \u015fey geldi bana\u2019 dedi. Bu s\u0131k g\u00f6r\u00fclen bir ricalardan de\u011fil. Bunu istemek y\u00fcrek ister. Hayati Bey b\u00f6yle bir \u015fey yaparm\u0131? Bazen vekiller yap\u0131yorlar, \u2018\u015funu rica ederiz\u2019 diye k\u00fc\u00e7\u00fck notlarda. Ama \u2018bu yap\u0131lacak bir \u015fey de\u011fil, ciddiye alma, sen bunu bir kenara at dursun\u2019 dedim.\u201d Olay\u0131 Bakan Yaz\u0131c\u0131\u2019ya sorma ihtiyac\u0131 duymad\u0131\u011f\u0131n\u0131 belirten \u00d6zcan e-mailin Ali Demir\u2019in ki\u015fisel adresine yolland\u0131\u011f\u0131n\u0131 belirtti. \u201cBu tamamen uyduruk bir \u015fey. Mailin i\u00e7eri\u011fi bana belge olarak geldi. Bakan\u2019la Ali Bey konu\u015fmad\u0131 ve bunun d\u0131\u015f\u0131nda maille\u015fmedi\u201d bilgisini verdi.<\/p>\n<p style=\"text-align: justify;\"><strong>\u2018Mail\u2019de akla gelen sorular<\/strong><\/p>\n<p style=\"text-align: justify;\">Bakan Yaz\u0131c\u0131 ile Demir telefonda konu\u015ftu mu?<\/p>\n<p style=\"text-align: justify;\">O ki\u015fi Demir\u2019in \u00f6zel cep telefonuna nas\u0131l ula\u015ft\u0131?<\/p>\n<p style=\"text-align: justify;\">Demir, maili neden \u00f6zel adresinden g\u00f6nderdi?<\/p>\n<p style=\"text-align: justify;\">Bakan Yaz\u0131c\u0131\u2019n\u0131n bu mailden ne zaman haberi oldu?<\/p>\n<p style=\"text-align: justify;\">Neden 26 Ekim\u2019de su\u00e7 duyurusunda bulunulmad\u0131?<\/p>\n<p style=\"text-align: justify;\">Olaydan sonra Bakan\u2019a bilgi verildi mi?<\/p>\n<p style=\"text-align: justify;\">Me\u00e7hul ki\u015finin telefonu hemen nas\u0131l bulundu.<\/p>\n<p style=\"text-align: justify;\"><strong>\u2018Ortada kurgulanm\u0131\u015f haz\u0131rlanm\u0131\u015f proje var\u2019<\/strong><\/p>\n<p style=\"text-align: justify;\">\u0130ddialar\u0131n oda\u011f\u0131ndaki Bakan Hayati Yaz\u0131c\u0131 ad\u0131na yap\u0131lan a\u00e7\u0131klamada,mail\u2019i g\u00f6nderenlerin hakk\u0131nda su\u00e7 duyurusunda bulundu\u011fu bildirildi. A\u00e7\u0131klamada, \u201cOrtada kurgulanm\u0131\u015f, \u00fczerinde \u00e7al\u0131\u015f\u0131lm\u0131\u015f bir \u2018proje\u2019 vard\u0131r. Say\u0131n Yaz\u0131c\u0131 da bu kurguya alet edilmek istenmekte, birileri bunun \u00fczerinden siyasi ama\u00e7lar g\u00fctmektedir. Yaz\u0131c\u0131\u2019n\u0131n b\u00f6yle bir email g\u00f6nderdi\u011fi, ye\u011feni i\u00e7in yerle\u015ftirme istedi\u011fi y\u00f6n\u00fcndeki haber, yorumve kulisler k\u00fclliyen ger\u00e7ek d\u0131\u015f\u0131d\u0131r. Say\u0131n Bakan\u0131n ye\u011feni de bulunmamaktad\u0131r\u201d ifadelerine yer verildi.<\/p>\n<p style=\"text-align: justify;\"><strong>\u2018CHP PM \u00dcYES\u0130 YAZDI\u2019<\/strong><\/p>\n<p style=\"text-align: justify;\">Yaz\u0131c\u0131\u2019ya yak\u0131n bir isimise e-postay\u0131 g\u00f6nderenin CHP PartiMeclisi \u00fcyesi oldu\u011funu iddia etti ve \u201cBakan ad\u0131na telefonla arayan ki\u015fi de oymu\u015f\u201d dedi. Ayn\u0131 kaynak, \u201cBakan o tarihlerde \u00d6SYM Ba\u015fkan\u0131 ile hi\u00e7 konu\u015ftumu?\u201d sorusuna ise \u201cEvet konu\u015ftular ancak bu konularla ilgili de\u011filmi\u015f\u201d yan\u0131t\u0131n\u0131 verdi.<\/p>\n<p style=\"text-align: justify;\"><strong>\u2018N\u0130YE BEKLED\u0130\u2019<\/strong><\/p>\n<p style=\"text-align: justify;\">YGS soru\u015fturmas\u0131 hakk\u0131nda, Sky T\u00fcrk\u2019te \u201cDa\u011f fare do\u011furdu\u201d yorumunda bulunan K\u0131l\u0131\u00e7daro\u011flu ise, Bakan Yaz\u0131c\u0131\u2019n\u0131n ortaya \u00e7\u0131kmak i\u00e7in niye kendisinin a\u00e7\u0131klamas\u0131n\u0131 bekledi\u011fini sordu. K\u0131l\u0131\u00e7daro\u011flu, \u201cE\u011fer \u2018B\u00f6yle bir telefon konu\u015fmas\u0131 yapmad\u0131m\u2019 diyorsa ilgili savc\u0131n\u0131n T\u0130B\u2019den telefon konu\u015fmalar\u0131n\u0131 istemesi laz\u0131m. Bu olay\u0131n ayd\u0131nl\u0131\u011fa kavu\u015fmas\u0131 laz\u0131m\u201d dedi.<\/p>\n<p style=\"text-align: justify;\"><strong>SAVCI: KILI\u00c7DARO\u011eLU A\u00c7IKLASIN<\/strong><\/p>\n<p style=\"text-align: justify;\">Ankara Cumhuriyet Ba\u015fsavc\u0131l\u0131\u011f\u0131, HABERT\u00dcRK\u2019\u00fcn tart\u0131\u015fmalara neden olan e-mail\u2019in ellerinde olup olmad\u0131\u011f\u0131na ili\u015fkin sorusuna yorum yapmad\u0131 ve \u201cBiz YGS\u2019yle ilgileniyoruz\u201d demekle yetindi. Savc\u0131l\u0131k yetkilileri, K\u0131l\u0131\u00e7daro\u011flu\u2019nun, \u201cYeni bilgileri kamuoyuyla payla\u015faca\u011f\u0131m. \u015eimdilik savc\u0131n\u0131n ataca\u011f\u0131 ad\u0131mlar\u0131 izleyelim\u201d y\u00f6n\u00fcndeki a\u00e7\u0131klamas\u0131n\u0131n hat\u0131rlat\u0131lmas\u0131 \u00fczerine de, \u201cSay\u0131n K\u0131l\u0131\u00e7daro\u011flu biliyorsa a\u00e7\u0131klas\u0131n\u201d dedi.<\/p>\n<p style=\"text-align: justify;\"><strong>AL\u0130 DEM\u0130R \u0130LK DE\u011e\u0130L<\/strong><\/p>\n<p style=\"text-align: justify;\">T\u00fcrkiye \u201ctelefonla i\u015fletme\u201d olay\u0131 ile ilk defa Sel\u00e7uk Parsadan\u2019\u0131n d\u00f6nemin Ba\u015fbakan\u0131 Tansu \u00c7iller\u2019i doland\u0131rmas\u0131 ile tan\u0131\u015fm\u0131\u015ft\u0131. Parsadan, Aral\u0131k 1995 se\u00e7imlerinden \u00f6nce emekli Orgeneral Necdet \u00d6ztorun\u2019un ad\u0131n\u0131 kullanarak \u00f6rt\u00fcl\u00fc \u00f6denekten 5 bin 500 lira alm\u0131\u015ft\u0131.<\/p>\n<p style=\"text-align: justify;\"><a href=\"http:\/\/www.gazeteport.com.tr\/GUNCEL\/NEWS\/GP_903275\" target=\"_blank\">Kaynak : GAZETEPORT<\/a><\/p>\n","protected":false},"excerpt":{"rendered":"<p style=\"text-align: center;\">\n<p style=\"text-align: justify;\">G\u00fcnlerdir Ankara g\u00fcndemini me\u015fgul eden \u2018bir bakan\u0131n \u00d6SYM\u2019yi aray\u0131p ye\u011feninin uygun yere yerle\u015ftirilmesini istedi\u011fi\u2019 iddias\u0131n\u0131n arkas\u0131ndaki s\u0131r perdesi ayd\u0131nland\u0131.<\/p>\n<p style=\"text-align: justify;\">CHP Lideri Kemal K\u0131l\u0131\u00e7daro\u011flu\u2019nun isim a\u00e7\u0131klamadan, \u201cBir bakan \u2018Ye\u011fenimi iyi bir yere yerle\u015ftirin\u2019 diye \u00d6SYM Ba\u015fkan\u0131 Ali Demir\u2019email g\u00f6nderdi\u201d iddias\u0131n\u0131n ard\u0131ndan, g\u00fcndeme damgas\u0131n\u0131 vuran e-postan\u0131n ayr\u0131nt\u0131lar\u0131 Devlet Bakan\u0131 Hayati <\/p>\n","protected":false},"author":1,"featured_media":0,"comment_status":"open","ping_status":"closed","sticky":false,"template":"","format":"standard","meta":{"footnotes":""},"categories":[105],"tags":[],"class_list":["post-32509","post","type-post","status-publish","format-standard","hentry","category-gundem","odd"],"_links":{"self":[{"href":"http:\/\/www.korhanyilmaz.com\/index.php?rest_route=\/wp\/v2\/posts\/32509","targetHints":{"allow":["GET"]}}],"collection":[{"href":"http:\/\/www.korhanyilmaz.com\/index.php?rest_route=\/wp\/v2\/posts"}],"about":[{"href":"http:\/\/www.korhanyilmaz.com\/index.php?rest_route=\/wp\/v2\/types\/post"}],"author":[{"embeddable":true,"href":"http:\/\/www.korhanyilmaz.com\/index.php?rest_route=\/wp\/v2\/users\/1"}],"replies":[{"embeddable":true,"href":"http:\/\/www.korhanyilmaz.com\/index.php?rest_route=%2Fwp%2Fv2%2Fcomments&post=32509"}],"version-history":[{"count":0,"href":"http:\/\/www.korhanyilmaz.com\/index.php?rest_route=\/wp\/v2\/posts\/32509\/revisions"}],"wp:attachment":[{"href":"http:\/\/www.korhanyilmaz.com\/index.php?rest_route=%2Fwp%2Fv2%2Fmedia&parent=32509"}],"wp:term":[{"taxonomy":"category","embeddable":true,"href":"http:\/\/www.korhanyilmaz.com\/index.php?rest_route=%2Fwp%2Fv2%2Fcategories&post=32509"},{"taxonomy":"post_tag","embeddable":true,"href":"http:\/\/www.korhanyilmaz.com\/index.php?rest_route=%2Fwp%2Fv2%2Ftags&post=32509"}],"curies":[{"name":"wp","href":"https:\/\/api.w.org\/{rel}","templated":true}]}}