{"id":32502,"date":"2011-05-11T19:44:39","date_gmt":"2011-05-11T16:44:39","guid":{"rendered":"http:\/\/www.korhanyilmaz.com\/?p=32502"},"modified":"2011-05-11T19:44:39","modified_gmt":"2011-05-11T16:44:39","slug":"bahceliden-puskevit-aciklamasi","status":"publish","type":"post","link":"http:\/\/www.korhanyilmaz.com\/?p=32502","title":{"rendered":"Bah\u00e7eli&#8217;den &#8220;p\u00fcskevit&#8221; a\u00e7\u0131klamas\u0131"},"content":{"rendered":"<p style=\"text-align: justify;\"><a href=\"http:\/\/www.korhanyilmaz.com\/wp-content\/uploads\/2011\/05\/140.jpg\"  class=\"lightview\"><img loading=\"lazy\" decoding=\"async\" class=\"aligncenter size-full wp-image-32503\" src=\"http:\/\/www.korhanyilmaz.com\/wp-content\/uploads\/2011\/05\/140.jpg\" alt=\"\" width=\"448\" height=\"231\" \/><\/a><\/p>\n<p style=\"text-align: justify;\">MHP Genel Ba\u015fkan\u0131 Devlet Bah\u00e7eli internette izlenme rekoru k\u0131ran bisk\u00fcviya &#8216;p\u00fcskevit&#8217; g\u00f6r\u00fcnt\u00fclerle ilgili yapt\u0131\u011f\u0131 a\u00e7\u0131klamada, &#8220;Bisk\u00fcvi demesini de biliriz p\u00fcskevit demesini de Allah biz \u015fehide &#8216;kelle&#8217; dedirtmesin&#8221; ifadelerini kulland\u0131.<!--more--><\/p>\n<p style=\"text-align: justify;\">Se\u00e7im \u00e7al\u0131\u015fmalar\u0131n\u0131 Tekirda\u011f&#8217;da s\u00fcrd\u00fcren Devlet Bah\u00e7eli&#8217;nin \u00c7ekmek\u00f6y&#8217;deki mitinginde partililer taraf\u0131ndan a\u00e7\u0131lan, &#8220;Biz p\u00fcskevit demesini de biliriz, bisk\u00fcvi demesini de biliriz. Ama Allah bize \u015fehide &#8216;kelle&#8217; dedirttirmesin&#8221; pankart dikkat \u00e7ekti. Mitingin ard\u0131ndan Velik\u00f6y Belediyesi&#8217;ni ziyareti s\u0131ras\u0131nda bas\u0131n mensuplar\u0131n\u0131n sorular\u0131n\u0131 yan\u0131tlayan Bah\u00e7eli, &#8220;p\u00fcskevit&#8221; a\u00e7\u0131klamas\u0131na de\u011findi.<\/p>\n<p style=\"text-align: justify;\">Bah\u00e7eli, g\u00f6r\u00fcnt\u00fclerin internette b\u00fcy\u00fck ilgi g\u00f6rd\u00fc\u011f\u00fcn\u00fcn hat\u0131rlat\u0131lmas\u0131 \u00fczerine, &#8220;Onu yakinen takip ediyorum ve \u00e7ok da memnun oluyorum. Yoksul olan insanlar\u0131m\u0131z\u0131n \u00e7ocuklar\u0131 bu kadar k\u00f6\u015fe yazarl\u0131\u011f\u0131 yapacak kadar kavramlar\u0131 diksiyona uygun bir \u015fekilde s\u00f6yleyemiyor. Ben yoksul \u00e7ocuklar\u0131m\u0131z\u0131n anlayaca\u011f\u0131 dilden konu\u015fuyorum. Biz p\u00fcskevit demesini de biliriz, bisk\u00fcvi demesini de biliriz. Ama Allah bize \u015fehide &#8216;kelle&#8217; dedirtmesin&#8221; \u015feklinde konu\u015ftu.<\/p>\n<p style=\"text-align: justify;\">MHP Lideri Bah\u00e7eli, Tekirda\u011f&#8217;daki Cengiz Topel Meydan\u0131&#8217;nda partisince d\u00fczenlenen mitingde yapt\u0131\u011f\u0131 konu\u015fmada ise, 12 Haziran&#8217;da yap\u0131lacak genel se\u00e7imlerin, T\u00fcrkiye&#8217;nin i\u00e7 ve d\u0131\u015f tehlikelerle kar\u015f\u0131 kar\u015f\u0131ya kald\u0131\u011f\u0131 ve bu tehlikelerin a\u011f\u0131rla\u015ft\u0131\u011f\u0131 bir s\u00fcre\u00e7te yap\u0131laca\u011f\u0131n\u0131 savundu.<\/p>\n<p style=\"text-align: justify;\">Se\u00e7imlerin milletin kaderini belirleyen bir karar an\u0131 olaca\u011f\u0131n\u0131 belirten Bah\u00e7eli, \u015funlar\u0131 kaydetti:<\/p>\n<p style=\"text-align: justify;\">&#8221;Se\u00e7imleri y\u00fcksek bir kat\u0131l\u0131mla ger\u00e7ekle\u015ftirmeliyiz. \u00c7\u00fcnk\u00fc bu se\u00e7imlerde ne kadar y\u00fcksek bir kat\u0131l\u0131m sa\u011flarsak, millet iradesi o derece yans\u0131m\u0131\u015f olacak. Bu se\u00e7imlerin sa\u011fl\u0131kl\u0131 bir ortamda yap\u0131lmas\u0131 i\u00e7in siyasi iktidara b\u00fcy\u00fck g\u00f6rev d\u00fc\u015f\u00fcyor. Se\u00e7imler, millet iradesinin yeniden belirlenmesi \u015feklinde olaca\u011f\u0131 i\u00e7in bu se\u00e7imlere hile kar\u0131\u015ft\u0131r\u0131lmamal\u0131. 12 Haziran&#8217;da yap\u0131lacak genel se\u00e7im, sa\u011fl\u0131kl\u0131 bir ortamda ger\u00e7ekle\u015ftirilmeli. Bu se\u00e7im, YGS ve KPSS gibi alt\u0131 \u00fcst\u00fc karma kar\u0131\u015f\u0131k bir hale gelmemeli.&#8221;<\/p>\n<p style=\"text-align: justify;\">MHP Lideri Bah\u00e7eli, T\u00fcrkiye&#8217;nin, 1990&#8217;l\u0131 y\u0131llar\u0131n koalisyon d\u00f6neminde \u00f6nemli s\u0131k\u0131nt\u0131lar \u00e7ekti\u011fini, ge\u00e7im darl\u0131\u011f\u0131na d\u00fc\u015fen ve krizlerle ezilen halk\u0131n bu nedenle, istikrar i\u00e7inde kalk\u0131nma sa\u011flayacak bir iklim ortaya \u00e7\u0131kmas\u0131n\u0131 istedi\u011fini anlatan Bah\u00e7eli, \u015f\u00f6yle konu\u015ftu:<\/p>\n<p style=\"text-align: justify;\">&#8221;Vatanda\u015f, kapat\u0131lm\u0131\u015f bir partinin bir par\u00e7as\u0131yla varl\u0131\u011f\u0131n\u0131 ortaya koyan bir partiyi, tek ba\u015f\u0131na iktidara ta\u015f\u0131d\u0131. Adalet ve Kalk\u0131nma Partisi 9 y\u0131ld\u0131r \u00fclkeyi y\u00f6netmekte. 330 ile 340 aras\u0131nda sahip oldu\u011fu milletvekili say\u0131s\u0131yla millete hizmet imkan\u0131 buldu. Bu durum hi\u00e7 bir siyasi partiye nasip olmayan f\u0131rsat ve g\u00fc\u00e7. Bug\u00fcnk\u00fc Adalet ve Kalk\u0131nma Partisi vatanda\u015flara neyi vadetmi\u015fse onu ger\u00e7ekle\u015ftirmeye g\u00fcc\u00fc olan bir parti. Ancak, aradan ge\u00e7en s\u00fcrede bu iktidar\u0131n bu f\u0131rsat\u0131 iyi de\u011ferlendiremedi\u011fini g\u00f6r\u00fcyoruz. Ba\u015fbakan Recep Tayyip Erdo\u011fan bir \u00e7\u0131rakl\u0131k d\u00f6neminden bahsederek, \u015fimdi ustal\u0131k d\u00f6nemi diyerek, \u015fimdi yeni bir ustal\u0131k d\u00f6nemi istiyor. Ya\u015fad\u0131\u011f\u0131 \u00e7\u0131rakl\u0131k d\u00f6nemini kalfal\u0131k olarak de\u011ferlendirip, 3. d\u00f6neme ustal\u0131k olarak bakmas\u0131 nedeniyle, ba\u015far\u0131lar\u0131n\u0131 g\u00f6zden ge\u00e7irmeliyiz. B\u00f6yle bir s\u00fcre\u00e7te, acaba usta olabilecek mi diye d\u00fc\u015f\u00fcnmeliyiz. Bug\u00fcn muhalefet olan, yar\u0131n iktidar olabilir. Bu demokrasinin oyunu ve cilvesi. Bu a\u00e7\u0131dan bak\u0131ld\u0131\u011f\u0131nda, hayat\u0131n\u0131zdan memnunsan\u0131z, i\u015f sahibiyseniz, eviniz a\u015f kayn\u0131yorsa, i\u015finizi b\u00fcy\u00fctt\u00fcyseniz, hayat standartlar\u0131n\u0131z y\u00fckselmi\u015f, toplum ve aile olarak huzurluysan\u0131z o zaman ba\u015fbakan\u0131n &#8216;durmak yok yola devam&#8217; \u00e7a\u011fr\u0131s\u0131na i\u015ftirak edip 3. d\u00f6nem vebalini beraberce ta\u015f\u0131yabilirsiniz. \u00dclke sizin karar sizin.&#8221;<\/p>\n<p style=\"text-align: justify;\">Yoksulluk ve i\u015fsizlik artm\u0131\u015fsa, T\u00fcrkiye&#8217;de huzur ve g\u00fcven kalmam\u0131\u015fsa bir karar al\u0131nmas\u0131 gerekti\u011fini savunan Bah\u00e7eli, konu\u015fmas\u0131n\u0131 \u015f\u00f6yle s\u00fcrd\u00fcrd\u00fc:<\/p>\n<p style=\"text-align: justify;\">&#8221;Hayat\u0131n\u0131zdan memnun de\u011filseniz, bir iktidar zarureti var demek. Adalet ve Kalk\u0131nma Partisi, 9 y\u0131la yakla\u015fan s\u00fcresi i\u00e7inde, T\u00fcrkiye&#8217;de tek ba\u015f\u0131na iktidar olman\u0131n f\u0131rsat ve imkan\u0131n\u0131 de\u011ferlendirebilmi\u015f midir? Devlet t\u00fcm imkanlar\u0131 varl\u0131klar\u0131, tek ba\u015f\u0131na size emanet edilmi\u015fse, biraz faydal\u0131 olmu\u015ftur. Rant ekonomisiyle yalakal\u0131k hanedanlar\u0131na faydas\u0131 olmu\u015ftur. Ama &#8216;vatanda\u015fa bir faydas\u0131 var m\u0131d\u0131r&#8217; dedi\u011fimizde, oras\u0131 tart\u0131\u015f\u0131l\u0131r.&#8221;<\/p>\n<p style=\"text-align: justify;\"><strong>SU\u00c7 ORANLARI ARTIYOR<\/strong><\/p>\n<p style=\"text-align: justify;\">MHP Genel Ba\u015fkan\u0131 Devlet Bah\u00e7eli, &#8221;Gen\u00e7lerde su\u00e7 oranlar\u0131 art\u0131yor. Gasp, yaralama, soygun gibi su\u00e7lara i\u015fsiz kalan gen\u00e7ler y\u00f6neliyor veya y\u00f6nlendiriliyor&#8221; dedi.<\/p>\n<p style=\"text-align: justify;\">MHP lideri Bah\u00e7eli Tekirda\u011f&#8217;daki Cengiz Topel Meydan\u0131&#8217;nda partisince d\u00fczenlenen mitingde yapt\u0131\u011f\u0131 konu\u015fmada, T\u00fcrkiye \u0130statistik Kurumu (T\u00dc\u0130K) verilerine g\u00f6re, T\u00fcrkiye&#8217;de 6 milyona yak\u0131n i\u015fsiz bulundu\u011funu ifade etti.<\/p>\n<p style=\"text-align: justify;\">T\u00fcrkiye&#8217;de i\u015fsizli\u011fin \u00f6nemli bir sorun oldu\u011funa de\u011finen Bah\u00e7eli, gen\u00e7 i\u015fsizlerin say\u0131s\u0131n\u0131n her ge\u00e7en g\u00fcn artt\u0131\u011f\u0131n\u0131 belirterek, s\u00f6zlerini \u015f\u00f6yle s\u00fcrd\u00fcrd\u00fc:<\/p>\n<p style=\"text-align: justify;\">Bah\u00e7eli, \u015f\u00f6yle konu\u015ftu:<\/p>\n<p style=\"text-align: justify;\">&#8221;T\u00dc\u0130K rakamlar\u0131na g\u00f6re, T\u00fcrkiye&#8217;de 6 milyona yak\u0131n i\u015fsiz var. Bunlar\u0131n aras\u0131nda y\u00fczde 22&#8217;si gen\u00e7 i\u015fsiz. Geri kalan \u00e7al\u0131\u015fma umudunu kaybetmi\u015f, 1 g\u00fcn \u00e7al\u0131\u015fan 3 g\u00fcn \u00e7al\u0131\u015fmayan topluluk. \u00c7ok daha \u00f6nemlisi aile ve toplum olarak sars\u0131lan gen\u00e7 i\u015fsizler. 15-24 ya\u015f grubunda olan ve \u00e7al\u0131\u015fma arzusu ya\u015fayan gen\u00e7 i\u015fsizler \u00f6nemli bir sorun olarak kar\u015f\u0131m\u0131zda. Bug\u00fcn, evimizde bulunan 4 ki\u015fiden biri i\u015fsiz. Ama her ailede bir gen\u00e7 i\u015fsiz bulunmakta. Bunlardan baz\u0131lar\u0131 okuyamam\u0131\u015f, baz\u0131lar\u0131 e\u011fitimi tamamlam\u0131\u015f yeni bir yuva kurarak, d\u00fcnya bak\u0131\u015f\u0131yla hayat\u0131n\u0131 s\u00fcrd\u00fcrmek isteyen e\u011fitim alm\u0131\u015f gen\u00e7ler. Ara\u015ft\u0131rma merkezleri ve bas\u0131n, vatanda\u015flara soruyor, &#8216;size g\u00f6re T\u00fcrkiye&#8217;nin sorunlar\u0131 neler&#8217; diye. Verilen cevap \u015fudur, T\u00fcrkiye&#8217;nin \u00f6nemli sorunu i\u015fsizliktir, yolsuzluktur.&#8221;<\/p>\n<p style=\"text-align: justify;\">T\u00fcrkiye&#8217;nin en \u00f6nemli sorunlar\u0131ndan birinin de asayi\u015fsizlik oldu\u011funu kaydeden MHP lideri Bah\u00e7eli, gen\u00e7lerin belli bir d\u00f6nemde i\u015fsiz kalmas\u0131n\u0131n kendileri ve aileleri ile sorunlar ya\u015famas\u0131na neden oldu\u011funu kaydetti. Bah\u00e7eli, \u015funlar\u0131 s\u00f6yledi:<\/p>\n<p style=\"text-align: justify;\">&#8221;\u0130\u015fsiz kalan gen\u00e7, karamsarla\u015f\u0131yor. Yanl\u0131\u015f yollara y\u00f6neliyor. Ailesi ise, &#8216;her t\u00fcrl\u00fc gayreti g\u00f6sterdim. Bir i\u015f sahibi olsa ba\u015f g\u00f6z yapsam, ondan sonra g\u00f6z\u00fcm arkada kalmasa&#8217; diyor. Bu da, aile i\u00e7inde \u00f6nemli huzursuzluk yarat\u0131yor. 2008&#8217;den bu yana bo\u015fanma oranlar\u0131 gittik\u00e7e artt\u0131. Aile i\u00e7i \u015fiddet gittik\u00e7e art\u0131yor. Kad\u0131na y\u00f6nelik \u015fiddetler art\u0131yor. Korkun\u00e7 olaylara \u015fahit oluyoruz. Gen\u00e7lerde su\u00e7 oranlar\u0131 art\u0131yor. Gasp, yaralama, soygun gibi su\u00e7lara i\u015fsiz kalan gen\u00e7ler y\u00f6neliyor veya y\u00f6nlendiriliyor. Cinayetler art\u0131yor. Eskiden tek t\u00fck olan psikolojik rahats\u0131zl\u0131k olaylar\u0131 \u015fimdi \u00e7ok yayg\u0131n. B\u00f6yle bir toplumsal d\u00fczen olmaz. G\u00fcneydo\u011fu gibi yerlerde ortal\u0131k yang\u0131n yerine d\u00f6nm\u00fc\u015f. \u00c7ocuklar ayaklanma hareketleri yap\u0131yor. \u0130stanbul&#8217;da kimse normal hayat\u0131n\u0131 s\u00fcrd\u00fcremiyor. Say\u0131n Ba\u015fbakan&#8217;\u0131n s\u00f6yledi\u011fi o pembe tabloyu T\u00fcrkiye&#8217;de var diye kabul edemeyiz. Kabul edersek, kendi kendimizi aldat\u0131r\u0131z. Hakkari&#8217;de, Diyarbak\u0131r&#8217;da, Van&#8217;da vali, Y\u00fcksekova&#8217;da kaymakam yok. K\u0131sacas\u0131 devlet yok. Ba\u015fbakan kay\u0131ts\u0131z, Cumhurba\u015fkan\u0131 sorumsuz. Geriye bir tek polis kal\u0131yor. Sabaha kadar kamu d\u00fczeninin sa\u011flanmas\u0131 i\u00e7in \u00e7al\u0131\u015f\u0131yor. Yeri geliyor tokat yiyor, lin\u00e7 ediliyor, \u015fehit ediliyor. \u00d6yleyse buna dur demek laz\u0131m.&#8221;<\/p>\n<p style=\"text-align: justify;\"><strong>MISIR, L\u0130BYA VE TUNUS&#8217;TAK\u0130 \u0130SYANLAR<\/strong><\/p>\n<p style=\"text-align: justify;\">Devlet Bah\u00e7eli, T\u00fcrkiye&#8217;ye yak\u0131n co\u011frafyadaki \u00fclkelerin, isyanlarla m\u00fccadele etti\u011fini ifade ederek, \u015funlar\u0131 kaydetti:<\/p>\n<p style=\"text-align: justify;\">&#8221;Bak\u0131n, 12 y\u0131ld\u0131r iktidarda olan Tar\u0131k Bin Ali 1 haftada Tunus y\u00f6netiminden gitti ve orada Tunus yaln\u0131z kald\u0131. M\u0131s\u0131r&#8217;a bak\u0131n, 31 y\u0131ld\u0131r iktidarda olan H\u00fcsn\u00fc M\u00fcbarek, H\u00fcrriyet Meydan\u0131&#8217;nda 18 g\u00fcn toplanmayla iktidar\u0131ndan oldu ve g\u00f6revinden istifa etti. Mukayese yapmak istemiyorum ama, b\u00f6yle bir durum T\u00fcrk milletine yak\u0131\u015fmaz. 18 g\u00fcn bir meydanda oturuyorlar, slogan at\u0131yorlar, bir devlet ba\u015fkan\u0131 g\u00f6revinden istifa etmek zorunda kal\u0131yor. \u0130stanbul&#8217;a bak\u0131n 18 g\u00fcnde yak\u0131lan araba say\u0131s\u0131 53&#8217;\u00fc bulmu\u015f. \u015eimdi ise Suriye kayn\u0131yor. Libya \u00e7at\u0131\u015fma i\u00e7inde. Irak&#8217;\u0131n durumunu da biliyorsunuz. H\u00fcrriyet ve demokrasi ad\u0131 alt\u0131nda, ne gibi zul\u00fcmlerin yap\u0131ld\u0131\u011f\u0131n\u0131 g\u00f6r\u00fcyorsunuz. T\u00fcrkiye&#8217;nin hali de bu mu olacak? Bizde mi birbirimize girelim? T\u00fcrk-K\u00fcrt kavgas\u0131na m\u0131 \u00e7evirelim? Millet olarak dur demenin zaman\u0131n\u0131 bilmeliyiz.&#8221;<\/p>\n<p style=\"text-align: justify;\">T\u00fcrk milletinin elini vicdan\u0131na koyarak 12 Haziran&#8217;da bir karar vermesi gerekti\u011fini savunan Bah\u00e7eli, \u015f\u00f6yle devam etti:<\/p>\n<p style=\"text-align: justify;\">&#8221;Bu karar\u0131 verirken, paket ekonomiyle, paket demokrasi tuza\u011f\u0131na d\u00fc\u015fmeyin. Bir tarafta rant ekonomisiyle beslenen yalaka gurubu, \u00f6b\u00fcr tarafta yoksullu\u011fa itilen ama sadaka ekonomisi ile ge\u00e7imini sa\u011flayan insanlar. Se\u00e7im d\u00f6nemi veya bayramlarda, baz\u0131 yard\u0131mlar da\u011f\u0131t\u0131l\u0131yor. Bunlar\u0131 AK Parti de\u011fil, devlet kurumlar\u0131 da\u011f\u0131t\u0131yor. Sosyal Yard\u0131mla\u015fma Vakf\u0131 ad\u0131 alt\u0131nda, vali ve kaymakamlar arac\u0131l\u0131\u011f\u0131yla da\u011f\u0131t\u0131l\u0131yor. Bunun kayna\u011f\u0131, esnaf\u0131n \u00f6dedi\u011fi vergiler, kurum vergileri veya memur ve i\u015f\u00e7inin maa\u015f\u0131ndan al\u0131nan vergiler. Devlet, bu vergilerin bir b\u00f6l\u00fcm\u00fcn\u00fc yoksula harc\u0131yor. Bunlar devletin imkanlar\u0131. Devletin imkanlar\u0131yla yoksula elini uzatan AK Parti&#8217;nin tekrar iktidar olmak i\u00e7in yapt\u0131\u011f\u0131 palazlama ve kand\u0131rmad\u0131r. \u00d6yleyse, kap\u0131n\u0131za gelen yard\u0131mlar\u0131, ba\u015f\u0131n\u0131z\u0131 \u00f6ne e\u011ferek, gizlice almaya \u00e7al\u0131\u015fmay\u0131n. Ba\u015f\u0131n\u0131z dik al\u0131n. Bu benim helalim hakk\u0131md\u0131r s\u00f6yleyin. Ama yard\u0131m\u0131 al\u0131n. B\u00f6yle ya\u015fam\u0131 s\u00fcrd\u00fcrmek isteyen iktidara da vurun tokad\u0131 gitsin. Yoksul olmak an meselesi. Varl\u0131kl\u0131 olan biri, ba\u015f\u0131na gelebilecek bir felaketle her an yoksul olabilir. Yoksullar istismar edilerek varl\u0131k kurulursa, g\u00fcn gelecek bir partinin iktidar d\u00f6nemi de son bulacak. Haram\u0131n \u00fczerine varl\u0131k kurulamaz.&#8221;<\/p>\n<p style=\"text-align: justify;\"><a href=\"http:\/\/www.gazeteport.com.tr\/SIYASET\/NEWS\/GP_903114\" target=\"_blank\">Kaynak : GAZETEPORT<\/a><\/p>\n","protected":false},"excerpt":{"rendered":"<p style=\"text-align: justify;\">\n<p style=\"text-align: justify;\">MHP Genel Ba\u015fkan\u0131 Devlet Bah\u00e7eli internette izlenme rekoru k\u0131ran bisk\u00fcviya &#8216;p\u00fcskevit&#8217; g\u00f6r\u00fcnt\u00fclerle ilgili yapt\u0131\u011f\u0131 a\u00e7\u0131klamada, &#8220;Bisk\u00fcvi demesini de biliriz p\u00fcskevit demesini de Allah biz \u015fehide &#8216;kelle&#8217; dedirtmesin&#8221; ifadelerini kulland\u0131.<\/p>\n","protected":false},"author":1,"featured_media":0,"comment_status":"open","ping_status":"closed","sticky":false,"template":"","format":"standard","meta":{"footnotes":""},"categories":[105],"tags":[],"class_list":["post-32502","post","type-post","status-publish","format-standard","hentry","category-gundem","odd"],"_links":{"self":[{"href":"http:\/\/www.korhanyilmaz.com\/index.php?rest_route=\/wp\/v2\/posts\/32502","targetHints":{"allow":["GET"]}}],"collection":[{"href":"http:\/\/www.korhanyilmaz.com\/index.php?rest_route=\/wp\/v2\/posts"}],"about":[{"href":"http:\/\/www.korhanyilmaz.com\/index.php?rest_route=\/wp\/v2\/types\/post"}],"author":[{"embeddable":true,"href":"http:\/\/www.korhanyilmaz.com\/index.php?rest_route=\/wp\/v2\/users\/1"}],"replies":[{"embeddable":true,"href":"http:\/\/www.korhanyilmaz.com\/index.php?rest_route=%2Fwp%2Fv2%2Fcomments&post=32502"}],"version-history":[{"count":0,"href":"http:\/\/www.korhanyilmaz.com\/index.php?rest_route=\/wp\/v2\/posts\/32502\/revisions"}],"wp:attachment":[{"href":"http:\/\/www.korhanyilmaz.com\/index.php?rest_route=%2Fwp%2Fv2%2Fmedia&parent=32502"}],"wp:term":[{"taxonomy":"category","embeddable":true,"href":"http:\/\/www.korhanyilmaz.com\/index.php?rest_route=%2Fwp%2Fv2%2Fcategories&post=32502"},{"taxonomy":"post_tag","embeddable":true,"href":"http:\/\/www.korhanyilmaz.com\/index.php?rest_route=%2Fwp%2Fv2%2Ftags&post=32502"}],"curies":[{"name":"wp","href":"https:\/\/api.w.org\/{rel}","templated":true}]}}