{"id":32494,"date":"2011-05-10T11:08:43","date_gmt":"2011-05-10T08:08:43","guid":{"rendered":"http:\/\/www.korhanyilmaz.com\/?p=32494"},"modified":"2011-05-10T11:08:43","modified_gmt":"2011-05-10T08:08:43","slug":"bu-isin-cilki-cikmistir","status":"publish","type":"post","link":"http:\/\/www.korhanyilmaz.com\/?p=32494","title":{"rendered":"Bu i\u015fin c\u0131lk\u0131 \u00e7\u0131km\u0131\u015ft\u0131r"},"content":{"rendered":"<p style=\"text-align: justify;\"><a href=\"http:\/\/www.korhanyilmaz.com\/wp-content\/uploads\/2011\/05\/139.jpg\"  class=\"lightview\"><img loading=\"lazy\" decoding=\"async\" class=\"aligncenter size-full wp-image-32495\" src=\"http:\/\/www.korhanyilmaz.com\/wp-content\/uploads\/2011\/05\/139.jpg\" alt=\"\" width=\"414\" height=\"221\" \/><\/a><\/p>\n<p style=\"text-align: justify;\">\u00d6SYM Ba\u015fkan\u0131 Ali Demir&#8217;in &#8220;\u015eifre var, ancak kopya yok&#8221; a\u00e7\u0131klamas\u0131n\u0131 dava eden avukat Ahmet G\u00fcrol Sa\u011fban, \u00d6SYM&#8217;nin mahkemeye sundu\u011fu savunman\u0131n ayr\u0131nt\u0131lar\u0131n\u0131 a\u00e7\u0131klad\u0131.<\/p>\n<p style=\"text-align: justify;\">\u00d6SYM&#8217;nin kendisini, &#8220;\u015eifre yok, yaz\u0131l\u0131mda hata var&#8221; \u015feklinde savundu\u011funu belirten Sa\u011fban, mahkemenin bir ara karar vererek, savc\u0131l\u0131ktan soru\u015fturmayla ilgili evrak\u0131 ve bilirki\u015fi raporunu talep etti\u011fini s\u00f6yledi. <!--more--><\/p>\n<p style=\"text-align: justify;\">Sa\u011fban, mahkemeye sundu\u011fu cevapta, \u00d6SYM&#8217;nin ba\u015flang\u0131\u00e7ta kabul etti\u011fi \u015fifreden, savunmada vazge\u00e7ti\u011fine dikkat \u00e7ekti ve &#8221;\u0130ddialar\u0131n incelendi\u011finden bahseden \u00d6SYM&#8217;nin savunmas\u0131na ek olarak hi\u00e7bir soru\u015fturma veya inceleme raporu sunamad\u0131\u011f\u0131n\u0131 g\u00f6rmekteyiz&#8221; dedi.<\/p>\n<p style=\"text-align: justify;\">ANKARA- \u0130ptal davas\u0131n\u0131 a\u00e7an avukat Ahmet G\u00fcrol Sa\u011fban, \u00d6SYM&#8217;nin YGS savunmas\u0131 ile ilgili olarak, &#8220;17 sayfal\u0131k bir savunma sunulmu\u015f. Ancak savunmada \u015fifre konusunda herhangi bir \u015fey denilmemi\u015f&#8221; a\u00e7\u0131klamas\u0131nda bulundu.<\/p>\n<p style=\"text-align: justify;\">\u0130ptal davas\u0131n\u0131 a\u00e7an Sa\u011fban, \u00d6SYM&#8217;nin YGS savunmas\u0131 ile ilgili \u015funlar\u0131 s\u00f6yledi:<\/p>\n<p style=\"text-align: justify;\">&#8220;Savunma 17 sayfadan olu\u015fuyor. \u00d6SYM Ba\u015fkan\u0131\u2019n\u0131n \u015fifre a\u00e7\u0131klamas\u0131 savunmada yalanl\u0131yor. O zaman \u00d6SYM Ba\u015fkan\u0131 ve y\u00f6netim kurulu mu bize yanl\u0131\u015f bilgi verdi, yoksa avukat m\u0131? Skandaldan \u00f6te bir rezalet ya\u015f\u0131yoruz. \u00d6rne\u011fin; bir \u00f6\u011frenciye iki farkl\u0131 sonu\u00e7 gelmi\u015f. Birisinde LYS\u2019ye girebilirsiniz, di\u011ferinde ise giremezsiniz diyor. Bu i\u015fin c\u0131lk\u0131 \u00e7\u0131km\u0131\u015ft\u0131r art\u0131k.<\/p>\n<p style=\"text-align: justify;\">Bu hafta i\u00e7inde olumlu ya da olumsuz karar \u00e7\u0131kacakt\u0131r. Kanun, \u00d6SYM\u2019ye bir y\u00fck\u00fcml\u00fck\u00fck y\u00fckl\u00fcyor; s\u0131nav\u0131n g\u00fcvenirli\u011fi. G\u00fcvenilirlik zedelenmi\u015ftir. Yap\u0131lan s\u0131nav bilimsel de\u011fildir. Ankara \u00dcniversitesi raporunda s\u0131nav\u0131n bilimsellikten uzak oldu\u011fu belirtiliyor.<\/p>\n<p style=\"text-align: justify;\">Mahkeme bir karar verecek. Savunmada \u015fifre yok diyorlar ama bunun ad\u0131n\u0131 ortaya koymuyorlar. Sistem \u2018yanl\u0131\u015f \u00e7al\u0131\u015fm\u0131\u015f\u2019 deniyor. Matbaayla ilgili bir \u015fey g\u00f6remedim. Bu yanl\u0131\u015f\u0131 bilgisayar tesad\u00fcfen yapmaz. Yaz\u0131l\u0131mda bir hata oldu\u011fu, sistemin kapal\u0131 \u00e7al\u0131\u015ft\u0131\u011f\u0131 belirtiliyor.&#8221;<\/p>\n<p style=\"text-align: justify;\"><strong>B\u0130L\u0130RK\u0130\u015e\u0130 RAPORU \u0130STED\u0130<\/strong><\/p>\n<p style=\"text-align: justify;\">YGS&#8217;deki \u015fifre iddialar\u0131 \u00fczerine s\u0131nav\u0131n iptali istemiyle Konyal\u0131 bir \u00f6\u011frenci ad\u0131na Ankara 7. \u0130dare Mahkemesine dava a\u00e7an avukat Ahmet G\u00fcrol \u015ea\u011fban, Ankara 7. \u0130dare Mahkemesinin bir ara karar vererek, Ankara Cumhuriyet Ba\u015fsavc\u0131l\u0131\u011f\u0131ndan y\u00fcr\u00fctt\u00fckleri soru\u015fturmayla ilgili evrak\u0131 ve varsa bilirki\u015fi raporunu talep etti\u011fini bildirdi.<\/p>\n<p style=\"text-align: justify;\">\u015ea\u011fban, \u00d6SYM&#8217;nin mahkemeye savunmas\u0131n\u0131 sunmas\u0131n\u0131n ard\u0131ndan &#8221;cevap&#8221; vermek \u00fczere geldi\u011fi \u0130dare Mahkemesinin \u00f6n\u00fcnde gazetecilere a\u00e7\u0131klama yapt\u0131. Ankara 7. \u0130dare Mahkemesi&#8217;nin bir ara karar vererek, Ankara Cumhuriyet Ba\u015fsavc\u0131l\u0131\u011f\u0131n\u0131n y\u00fcr\u00fctm\u00fc\u015f oldu\u011fu soru\u015fturma evrak\u0131yla bir bilirki\u015fi raporu varsa o bilirki\u015fi raporunu talep etti\u011fini kaydetti. \u015ea\u011fban, &#8221;\u00c7\u00fcnk\u00fc \u00d6SYM savunmas\u0131nda buna yer verdi ama hen\u00fcz bu soru\u015fturma dosyas\u0131yla ilgili bir belge ve bilgi sunamam\u0131\u015ft\u0131. Dolay\u0131s\u0131yla s\u00fcre\u00e7 \u015fimdi nas\u0131l i\u015fleyecektir? Memur eliyle tebligat yap\u0131ld\u0131\u011f\u0131 i\u00e7in Ankara Cumhuriyet Ba\u015fsavc\u0131l\u0131\u011f\u0131 bu soru\u015fturma evrak\u0131n\u0131 g\u00f6nderdi\u011fi anda y\u00fcr\u00fctmeyi durdurma talebimizle ilgili bir karar \u00e7\u0131kacakt\u0131r&#8221; dedi.<\/p>\n<p style=\"text-align: justify;\">Tebligat\u0131n memur eliyle yap\u0131lmas\u0131n\u0131n, s\u00fcrecin h\u0131zl\u0131 bir \u015fekilde i\u015flemesi a\u00e7\u0131s\u0131ndan \u00f6nem ta\u015f\u0131d\u0131\u011f\u0131na i\u015faret eden \u015ea\u011fban, &#8221;Mahkemenin bu konuda \u00e7ok titiz davrand\u0131\u011f\u0131n\u0131 g\u00f6r\u00fcyoruz. Yani davan\u0131n neticesinin bir an \u00f6nce \u00e7\u0131kmas\u0131 i\u00e7in gerekli hassasiyeti g\u00f6sterdi\u011fini anl\u0131yoruz&#8221; diye konu\u015ftu.<\/p>\n<p style=\"text-align: justify;\"><strong>&#8220;\u00d6SYM MAHKEMEYE SUNDU\u011eU SAVUNMASINDA \u015e\u0130FREDEN VAZGE\u00c7T\u0130&#8221;<\/strong><\/p>\n<p style=\"text-align: justify;\">\u015ea\u011fban, \u00d6SYM&#8217;nin savunmas\u0131nda \u015fifre iddialar\u0131na ili\u015fkin gerekli incelemelerin ve inceleme sonu\u00e7lar\u0131 ile ilgili gerekli a\u00e7\u0131klamalar\u0131n yap\u0131ld\u0131\u011f\u0131n\u0131 ifade etti\u011fini belirterek, &#8221;Bu iddialar\u0131n incelendi\u011finden bahseden \u00d6SYM&#8217;nin savunmas\u0131na ek olarak hi\u00e7bir soru\u015fturma veya inceleme raporu sunamad\u0131\u011f\u0131n\u0131 g\u00f6rmekteyiz&#8221; dedi.<\/p>\n<p style=\"text-align: justify;\">G\u00fcrol, \u00d6SYM&#8217;nin savunmas\u0131na ili\u015fkin mahkemeye yaz\u0131l\u0131 cevap sundu. Cevap metninde, \u00d6SYM&#8217;nin savunmas\u0131ndan da al\u0131nt\u0131lar yap\u0131larak, y\u00f6neltilen sorulara savunmada yan\u0131t verilemedi\u011fi belirtildi.<\/p>\n<p style=\"text-align: justify;\">Cevap metnine g\u00f6re \u00d6SYM savunmas\u0131nda, \u015funlar kaydedildi:<\/p>\n<p style=\"text-align: justify;\">&#8221;Merkezimiz taraf\u0131ndan &#8216;kapal\u0131 d\u00f6nem&#8217; i\u00e7inde haz\u0131rlanarak s\u0131nava giren 1 milyon 692 bin 345 adaya verilen soru kitap\u00e7\u0131klar\u0131n\u0131n olu\u015fturulmas\u0131na esas te\u015fkil eden master soru kitap\u00e7\u0131\u011f\u0131ndaki cevap se\u00e7enekleri k\u00fc\u00e7\u00fckten b\u00fcy\u00fc\u011fe ya da benzeri bir d\u00fczen i\u00e7inde yer alm\u0131\u015ft\u0131r. Bas\u0131na verilen soru kitap\u00e7\u0131\u011f\u0131n\u0131n master soru kitap\u00e7\u0131\u011f\u0131ndan basit olarak t\u00fcretilmi\u015f bir kitap\u00e7\u0131k oldu\u011fu, master soru kitap\u00e7\u0131\u011f\u0131ndaki do\u011fru cevaplar ile bas\u0131na verilen soru kitap\u00e7\u0131\u011f\u0131ndaki do\u011fru cevaplar ayn\u0131 se\u00e7enekte yer almaktad\u0131r.<\/p>\n<p style=\"text-align: justify;\">Adaylara verilen soru kitap\u00e7\u0131klar\u0131nda ise do\u011fru cevab\u0131n da yeri de\u011fi\u015ftirildi\u011finde, \u015fifre olarak ima edilen yol izlendi\u011finde do\u011fru cevaba ula\u015f\u0131lamad\u0131\u011f\u0131, bu soru kitap\u00e7\u0131\u011f\u0131 s\u0131nav bittikten sonra t\u00fcretildi\u011finden ve s\u0131nava giren hi\u00e7bir adaya verilmedi\u011finden hi\u00e7bir adaya \u00fcst\u00fcnl\u00fck sa\u011flanmad\u0131. T\u00fcm s\u0131nav evrak\u0131 ve soru kitap\u00e7\u0131klar\u0131n\u0131n da haz\u0131rlanmas\u0131nda &#8216;kapal\u0131 d\u00f6nem&#8217; olarak ifade edilen ve t\u00fcm d\u00fcnyadan izole bir ortamda haz\u0131rland\u0131\u011f\u0131ndan bu dizili\u015fin \u00d6SYM \u00e7al\u0131\u015fanlar\u0131 dahil d\u0131\u015far\u0131dan herhangi biri taraf\u0131ndan bilinmesi imkans\u0131zd\u0131r. Bu a\u00e7\u0131klamalar\u0131m\u0131zda da g\u00f6r\u00fclece\u011fi \u00fczere s\u0131navda yer alan sorular\u0131n bir \u015fifre tekni\u011fi kullan\u0131larak cevap anahtar\u0131n\u0131n olu\u015ftu\u011fu iddias\u0131 tamamen ger\u00e7ek d\u0131\u015f\u0131d\u0131r.&#8221;<\/p>\n<p style=\"text-align: justify;\">Cevap metninde, \u00d6SYM&#8217;nin savunmas\u0131nda 5 Nisan 2011 tarihinde yapt\u0131\u011f\u0131 Bas\u0131n Duyurusu&#8217;nun bir tekrar\u0131n\u0131 yapt\u0131\u011f\u0131 ileri s\u00fcr\u00fclerek, &#8221;Bu tarihten sonra sanal kitap\u00e7\u0131klar\u0131n internet ortam\u0131nda yay\u0131nlanmas\u0131ndan sonra t\u00fcm kitap\u00e7\u0131klarda \u015fifre oldu\u011fu a\u00e7\u0131k\u00e7a ortaya \u00e7\u0131k\u0131nca daval\u0131 idare t\u00fcm kitap\u00e7\u0131klarda \u015fifre oldu\u011funu kabul etmi\u015ftir. \u00d6SYM&#8217;nin mahkemeye sundu\u011fu savunmas\u0131nda ise bu ikrar\u0131ndan geri d\u00f6nm\u00fc\u015ft\u00fcr&#8221; denildi.<\/p>\n<p style=\"text-align: justify;\">\u00d6SYM Ba\u015fkan\u0131 Prof. Dr. Ali Demir taraf\u0131ndan adaylara g\u00f6nderilen mektuba da yer verilerek, mektupta yer alan ifadeler do\u011frultusunda \u00d6SYM&#8217;nin \u015fifreyi itiraf etti\u011fi ve bu mektubun \u00d6SYM&#8217;nin internet sitesinde halen de yay\u0131mlanmaya devam etti\u011fi ifade edildi.<\/p>\n<p style=\"text-align: justify;\">Cevap metininde, ayr\u0131ca Ankara \u00dcniversitesi \u00d6l\u00e7me ve De\u011ferlendirme B\u00f6l\u00fcm\u00fc&#8217;nce &#8221;YGS&#8217;nin uygulanmas\u0131na ili\u015fkin al\u0131nan karar\u0131n da bir b\u00f6l\u00fcm\u00fcne yer verildi. Metinde, \u015funlar kaydedildi:<\/p>\n<p style=\"text-align: justify;\">&#8221;Daval\u0131 \u0130dare savunmas\u0131nda \u015fifre iddialar\u0131na ili\u015fkin gerekli incelemelerin ve inceleme sonu\u00e7lar\u0131yla ilgili gerekli a\u00e7\u0131klamalar\u0131n yap\u0131ld\u0131\u011f\u0131n\u0131 ifade etmektedir. \u00d6ncelikle madem \u015fifre yoktu neyi incelediniz? \u00d6SYM bir aya yakla\u015f\u0131k bir s\u00fcredir \u015fifre ile ilgili hi\u00e7bir a\u00e7\u0131klama yapmam\u0131\u015ft\u0131r. E\u011fer bundan haberimiz olmam\u0131\u015fsa bu gerekli a\u00e7\u0131klamalar hangi tarihte, nereye yap\u0131lm\u0131\u015ft\u0131r?<\/p>\n<p style=\"text-align: justify;\">Kald\u0131 ki bu iddialar\u0131n incelendi\u011finden bahseden \u00d6SYM&#8217;nin savunmas\u0131na ek olarak hi\u00e7bir soru\u015fturma veya inceleme raporu sunmad\u0131\u011f\u0131n\u0131 g\u00f6rmekteyiz. Oysa ki, bir devlet kurumu olan \u00d6SYM&#8217;nin iddialar ilk ortaya \u00e7\u0131kt\u0131\u011f\u0131 andan itibaren gerekli idari soru\u015fturmalar\u0131 ba\u015flatmas\u0131 ve konuyu her y\u00f6nden soru\u015fturmas\u0131 ve bunu bir soru\u015fturma raporuna ba\u011flamas\u0131 kanuni \u00f6devidir. O halde hangi incelemeden bahsedilmektedir. Bu incelemeye ili\u015fkin resmi sonu\u00e7lar ni\u00e7in savunmaya eklenmemi\u015ftir? O halde daval\u0131 idarenin olay\u0131n ilk patlak verdi\u011fi andan itibaren hi\u00e7bir soru\u015fturma dahi ba\u015flatmamas\u0131, \u015fifrenin \u00f6rtbas edilmeye \u00e7al\u0131\u015f\u0131ld\u0131\u011f\u0131n\u0131n a\u00e7\u0131 ispat\u0131d\u0131r.&#8221;<\/p>\n<p style=\"text-align: justify;\"><strong>&#8221;\u015e\u0130FREN\u0130N SIZIP SIZMADI\u011eININ SINAVIN \u0130PTAL\u0130 \u0130\u00c7\u0130N EHEMM\u0130YET\u0130 YOKTUR&#8221;<\/strong><\/p>\n<p style=\"text-align: justify;\">\u00d6SYM&#8217;nin savunmas\u0131n\u0131n bir ba\u015fka b\u00f6l\u00fcm\u00fcnde ise Ankara Cumhuriyet Ba\u015fsavc\u0131l\u0131\u011f\u0131n\u0131n y\u00fcr\u00fctt\u00fc\u011f\u00fc soru\u015fturmaya at\u0131fta bulunarak, s\u0131nav\u0131n iptalini gerektirecek bir olumsuzlu\u011fun tespit edilmedi\u011finin a\u00e7\u0131kland\u0131\u011f\u0131n\u0131n beyan edildi\u011fi belirtildi. Ankara Cumhuriyet Ba\u015fsavc\u0131l\u0131\u011f\u0131n\u0131n y\u00fcr\u00fctt\u00fc\u011f\u00fc soru\u015fturman\u0131n neticelendi\u011fine ili\u015fkin bir bilginin ula\u015fmad\u0131\u011f\u0131, d\u00fcn Ankara Cumhuriyet Ba\u015fsavc\u0131l\u0131\u011f\u0131n\u0131n soru\u015fturman\u0131n halen devam etti\u011fini a\u00e7\u0131klad\u0131\u011f\u0131 an\u0131msat\u0131larak, ba\u015fsavc\u0131l\u0131\u011f\u0131n &#8221;s\u0131nav\u0131n iptal edilmesini gerektirecek bir olumsuzluk tespit edilmedi&#8221; \u015feklinde de bir a\u00e7\u0131klamas\u0131n\u0131n bulunmad\u0131\u011f\u0131 belirtildi.<\/p>\n<p style=\"text-align: justify;\">Hakk\u0131nda gizlilik karar\u0131 al\u0131nan bir soru\u015fturma dosyas\u0131 hakk\u0131nda \u00d6SYM&#8217;nin nas\u0131l ve ne \u015fekilde bu dosya ile ilgili beyanda bulundu\u011funun soruldu\u011fu cevap metninde, &#8221;\u015eifrenin s\u0131z\u0131p s\u0131zmad\u0131\u011f\u0131n\u0131n s\u0131nav\u0131n iptali i\u00e7in ehemmiyeti yoktur. \u00d6ng\u00f6r\u00fclmemi\u015f \u015fekilde do\u011fru cevaplara ula\u015fmay\u0131 sa\u011flayan bir \u015fifreleme tekni\u011finin kitap\u00e7\u0131klarda kullan\u0131lm\u0131\u015f olmas\u0131 dahi tek ba\u015f\u0131na iptal i\u00e7in yeterlidir&#8221; g\u00f6r\u00fc\u015f\u00fcne yer verildi.<\/p>\n<p style=\"text-align: justify;\">\u00d6SYM&#8217;nin, 8 ilde cezaevlerinde yap\u0131lan Fen Bilimleri testinin 30 Nisan 2011 tarihinde tekrarlanmas\u0131 i\u015fleminin hukuka ayk\u0131r\u0131l\u0131k olu\u015fturdu\u011funa ili\u015fkin beyanlara kar\u015f\u0131 savunmas\u0131nda hi\u00e7bir cevap vermedi\u011fi belirtilerek, \u015funlar kaydedildi:<\/p>\n<p style=\"text-align: justify;\">&#8221;S\u0131nav sonu\u00e7lar\u0131n\u0131n a\u00e7\u0131klanmas\u0131 ile birlikte on binlerce aday s\u0131nava itiraz etmektedir. \u00d6SYM resmi internet sitesinde herg\u00fcn her saat s\u0131nav neticeleri ve s\u0131ralamalar adeta borsa gibi de\u011fi\u015fmektedir. Bu dahi, s\u0131navlar\u0131n bilimsellik, gizlilik ve g\u00fcvenilirlik ilkelerinden uzak oldu\u011funu, e\u015fitlik ve adalet ilkelerinin hi\u00e7e say\u0131ld\u0131\u011f\u0131n\u0131 yeterince ortaya koymu\u015ftur. Adaylar ve aileler aras\u0131nda \u00e7ok b\u00fcy\u00fck bir infial ve karga\u015fa ya\u015fanmakta, vatanda\u015flar\u0131n devlete g\u00fcven duygular\u0131 da zedelenmektedir. Dava konusu s\u0131nav Anayasa&#8217;da g\u00fcvence alt\u0131na al\u0131nm\u0131\u015f e\u015fitlik ilkesine ayk\u0131r\u0131 oldu\u011fu gibi her ge\u00e7en g\u00fcn kamu d\u00fczenini derinden sarsmaktad\u0131r.&#8221;<\/p>\n<p style=\"text-align: justify;\"><a href=\"http:\/\/www.gazeteport.com.tr\/GUNCEL\/NEWS\/GP_902191\" target=\"_blank\">Kaynak : GAZETEPORT<\/a><\/p>\n","protected":false},"excerpt":{"rendered":"<p style=\"text-align: justify;\">\n<p style=\"text-align: justify;\">\u00d6SYM Ba\u015fkan\u0131 Ali Demir&#8217;in &#8220;\u015eifre var, ancak kopya yok&#8221; a\u00e7\u0131klamas\u0131n\u0131 dava eden avukat Ahmet G\u00fcrol Sa\u011fban, \u00d6SYM&#8217;nin mahkemeye sundu\u011fu savunman\u0131n ayr\u0131nt\u0131lar\u0131n\u0131 a\u00e7\u0131klad\u0131.<\/p>\n<p style=\"text-align: justify;\">\u00d6SYM&#8217;nin kendisini, &#8220;\u015eifre yok, yaz\u0131l\u0131mda hata var&#8221; \u015feklinde savundu\u011funu belirten Sa\u011fban, mahkemenin bir ara karar vererek, savc\u0131l\u0131ktan soru\u015fturmayla ilgili evrak\u0131 ve bilirki\u015fi raporunu talep etti\u011fini s\u00f6yledi. <\/p>\n","protected":false},"author":1,"featured_media":0,"comment_status":"open","ping_status":"closed","sticky":false,"template":"","format":"standard","meta":{"footnotes":""},"categories":[105],"tags":[],"class_list":["post-32494","post","type-post","status-publish","format-standard","hentry","category-gundem","odd"],"_links":{"self":[{"href":"http:\/\/www.korhanyilmaz.com\/index.php?rest_route=\/wp\/v2\/posts\/32494","targetHints":{"allow":["GET"]}}],"collection":[{"href":"http:\/\/www.korhanyilmaz.com\/index.php?rest_route=\/wp\/v2\/posts"}],"about":[{"href":"http:\/\/www.korhanyilmaz.com\/index.php?rest_route=\/wp\/v2\/types\/post"}],"author":[{"embeddable":true,"href":"http:\/\/www.korhanyilmaz.com\/index.php?rest_route=\/wp\/v2\/users\/1"}],"replies":[{"embeddable":true,"href":"http:\/\/www.korhanyilmaz.com\/index.php?rest_route=%2Fwp%2Fv2%2Fcomments&post=32494"}],"version-history":[{"count":0,"href":"http:\/\/www.korhanyilmaz.com\/index.php?rest_route=\/wp\/v2\/posts\/32494\/revisions"}],"wp:attachment":[{"href":"http:\/\/www.korhanyilmaz.com\/index.php?rest_route=%2Fwp%2Fv2%2Fmedia&parent=32494"}],"wp:term":[{"taxonomy":"category","embeddable":true,"href":"http:\/\/www.korhanyilmaz.com\/index.php?rest_route=%2Fwp%2Fv2%2Fcategories&post=32494"},{"taxonomy":"post_tag","embeddable":true,"href":"http:\/\/www.korhanyilmaz.com\/index.php?rest_route=%2Fwp%2Fv2%2Ftags&post=32494"}],"curies":[{"name":"wp","href":"https:\/\/api.w.org\/{rel}","templated":true}]}}