{"id":32489,"date":"2011-05-10T09:20:52","date_gmt":"2011-05-10T06:20:52","guid":{"rendered":"http:\/\/www.korhanyilmaz.com\/?p=32489"},"modified":"2011-05-10T09:20:52","modified_gmt":"2011-05-10T06:20:52","slug":"zeybekten-sok-iddia","status":"publish","type":"post","link":"http:\/\/www.korhanyilmaz.com\/?p=32489","title":{"rendered":"Zeybek&#8217;ten \u015fok iddia"},"content":{"rendered":"<p style=\"text-align: justify;\"><a href=\"http:\/\/www.korhanyilmaz.com\/wp-content\/uploads\/2011\/05\/138.jpg\"  class=\"lightview\"><img loading=\"lazy\" decoding=\"async\" class=\"aligncenter size-full wp-image-32490\" src=\"http:\/\/www.korhanyilmaz.com\/wp-content\/uploads\/2011\/05\/138.jpg\" alt=\"\" width=\"270\" height=\"253\" \/><\/a><\/p>\n<p style=\"text-align: justify;\">Demokrat Parti (DP) Genel Ba\u015fkan\u0131 Nam\u0131k Kemal Zeybek AKP&#8217;nin kurulu\u015f d\u00f6nemiyle ilgili \u015fok bir iddia ortaya atarak, &#8221;ABD&#8217;nin ve onun arkas\u0131ndaki, d\u00fcnyay\u0131 s\u00f6m\u00fcrmek ve d\u00fcnyay\u0131 yok etmek isteyen global kapital g\u00fcc\u00fcn, yani b\u00fcy\u00fck \u015firketlerin kurdurdu\u011fu bir partiden bu \u00fclkeye hay\u0131r gelir mi&#8221; dedi.<!--more--><\/p>\n<p style=\"text-align: justify;\">BAYBURT- Partisince Bayburt&#8217;ta, Cumhuriyet Caddesi&#8217;nde d\u00fczenlenen miting alan\u0131na, Bayburt Atl\u0131 Spor Kul\u00fcb\u00fc cirit tak\u0131m\u0131na ait at \u00fcst\u00fcnde halk\u0131 selamlayarak gelen Zeybek, parti otob\u00fcs\u00fcnden halka hitap etti.<\/p>\n<p style=\"text-align: justify;\">Vatan\u0131n\u0131, milletini sevenleri ittifak yapmaya \u00e7a\u011f\u0131rd\u0131klar\u0131n\u0131 belirten Zeybek, &#8221;Hi\u00e7biri s\u00f6ylediklerinde samimi olmad\u0131klar\u0131 i\u00e7in gelmediler ve s\u0131n\u0131fta kald\u0131lar. Demek ki s\u00f6ylediklerine onlar bile inanm\u0131yorlar. \u0130nanmad\u0131klar\u0131n\u0131 s\u00f6yleyerek halk\u0131 kand\u0131ranlara yaz\u0131klar olsun ama bir \u015ferefli parti, Trabzon&#8217;dan \u00e7\u0131km\u0131\u015f, d\u00fcnya \u00e7ap\u0131nda \u015f\u00f6hret kazanm\u0131\u015f, imanl\u0131 kadrosuyla de\u011ferli hem\u015fehrimiz Prof. Dr. Haydar Ba\u015f \u00e7a\u011fr\u0131m\u0131za kat\u0131ld\u0131. Onu da Bayburt&#8217;tan selaml\u0131yorum&#8221; diye konu\u015ftu.<\/p>\n<p style=\"text-align: justify;\">Ba\u015fbakan Recep Tayyip Erdo\u011fan&#8217;\u0131n ilk mitingini Bayburt&#8217;ta yapt\u0131\u011f\u0131n\u0131 an\u0131msatan Zeybek, &#8221;Neden acaba? \u00c7\u00fcnk\u00fc o biliyor ki, ger\u00e7ek rakibi ve ensesinde hissetti\u011fi k\u0131rat\u0131n ger\u00e7ek s\u00fcvarisi Nam\u0131k Kemal Zeybek&#8217;tir. O beni memleketimde vurmak istedi ama yan\u0131l\u0131yor, Demokrat Parti&#8217;nin mitinglerinde bir bakan g\u00f6revlendiriyordu, yetmedi iki bakan g\u00f6revlendirdi. \u015eimdi iki bakan bana bak\u0131yorlar, beni takip ediyorlar. Nam\u0131k Kemal Zeybek&#8217;i izlemekten sorumlu iki bakan\u0131m\u0131z var, hay\u0131rl\u0131 olsun. \u00d6n\u00fcm\u00fcze engel \u00e7\u0131kar\u0131yorlar ama ne yaparlarsa yaps\u0131nlar engelleyemeyecekler&#8221; dedi.<\/p>\n<p style=\"text-align: justify;\"><strong>&#8221;TAR\u0130H\u0130 B\u0130R SIRRI A\u00c7IKLIYORUM&#8230;&#8221;<\/strong><\/p>\n<p style=\"text-align: justify;\">&#8221;\u015eimdi size Demokrat Parti Genel Ba\u015fkan\u0131 olarak tarihi bir s\u0131rr\u0131 a\u00e7\u0131kl\u0131yorum&#8221; diyen Zeybek, \u015f\u00f6yle devam etti:<\/p>\n<p style=\"text-align: justify;\">&#8221;Hoca Ahmet Yesevi \u00dcniversitesi kurucusu ve ba\u015fkan\u0131 olarak g\u00f6revimin ba\u015f\u0131ndayken, ABD b\u00fcy\u00fckel\u00e7ili\u011fi siyasi m\u00fcste\u015far\u0131 beni ziyarete gelmek istedi\u011fini s\u00f6yledi. Yan\u0131nda heyetle geldi. Bana \u00fcniversiteyle ilgili sorular sordu, cevaplar verdim ama as\u0131l geli\u015f sebepleri ba\u015fkaym\u0131\u015f. O zaman AKP diye bir h\u00fck\u00fcmet yoktu, 57. koalisyon h\u00fck\u00fcmeti vard\u0131. (AKP diye bir parti kurulursa nas\u0131l olur) dedi. (\u0130yi olmaz) dedim. (Biz onu destekleyece\u011fiz, siz de i\u00e7inde var olur musunuz) diye sordu. ABD&#8217;nin ve onun siyasi m\u00fcste\u015far\u0131n\u0131n kuraca\u011f\u0131 bir parti olacak ve sizin hem\u015fehriniz Nam\u0131k Kemal Zeybek de b\u00f6yle bir partide yer alacak. Siz bunu kabul edebilir misiniz? ABD&#8217;nin ve onun arkas\u0131ndaki, d\u00fcnyay\u0131 s\u00f6m\u00fcrmek ve d\u00fcnyay\u0131 yok etmek isteyen global kapital g\u00fcc\u00fcn, yani b\u00fcy\u00fck \u015firketlerin kurdurdu\u011fu bir partiden bu \u00fclkeye hay\u0131r gelir mi? Ben bu s\u0131rr\u0131 a\u00e7\u0131klamak i\u00e7in \u00e7ok d\u00fc\u015f\u00fcnd\u00fcm. ABD ve yanda\u015flar\u0131 taraf\u0131ndan verilen bu g\u00f6revle AKP iktidara getirildi. Art\u0131k bunu a\u00e7\u0131klas\u0131nlar ve verilen g\u00f6revin ne oldu\u011funu herkese duyursunlar.&#8221;<\/p>\n<p style=\"text-align: justify;\">\u00a0T\u00fcrkiye&#8217;nin g\u00fcneydo\u011fusunda ter\u00f6rist devlet in\u015fa edilmek istendi\u011fini \u00f6ne s\u00fcren Zeybek, &#8221;Verdikleri g\u00f6revlerden birisi de T\u00fcrkiye&#8217;nin g\u00fcneydo\u011fusunda bir ter\u00f6rist devlet in\u015fa etme g\u00f6revi. AKP&#8217;nin gitti\u011fi yer, T\u00fcrkiye&#8217;yi g\u00fcneydo\u011fudan koparmakt\u0131r, ad\u0131m ad\u0131m buna do\u011fru gidiyor. \u00d6nce T\u00fcrkl\u00fck kavram\u0131n\u0131 ortadan kald\u0131rd\u0131lar. Bu h\u00fck\u00fcmet ad\u0131m ad\u0131m gafildir, gaflet i\u00e7inde bu oyunlara alet oluyor. T\u00fcrkiye&#8217;yi b\u00f6l\u00fcnmeye, da\u011f\u0131lmaya do\u011fru g\u00f6t\u00fcr\u00fcyor&#8221; diye konu\u015ftu.<\/p>\n<p style=\"text-align: justify;\">Zeybek, Amerika&#8217;dan verilen \u00fc\u00e7 mesaj\u0131n \u015fu anda yerine getirilmekte oldu\u011funu \u00f6ne s\u00fcrerek, &#8221;Nedir bu mesajlar? Washington, 28 Ocak&#8217;taki Bush-Erdo\u011fan g\u00f6r\u00fc\u015fmesi sonucunda (K\u0131br\u0131s&#8217;tan vazge\u00e7in) dedi ve vazge\u00e7ildi. Didim&#8217;in a\u00e7\u0131klar\u0131ndaki Bulama\u00e7 ve E\u015fek adalar\u0131 Yunanl\u0131lar taraf\u0131ndan i\u015fgal edildi, h\u00fck\u00fcmet buna sessiz kald\u0131. K\u0131br\u0131s&#8217;\u0131 pe\u015fke\u015f \u00e7ekiyorlard\u0131 adetleri \u00fczere, \u015fimdi Didim&#8217;den g\u00f6r\u00fclen bu iki ada maalesef \u015fu anda Yunanl\u0131lar\u0131n i\u015fgali alt\u0131nda&#8221; dedi.<\/p>\n<p style=\"text-align: justify;\">Yetkililere seslenen Zeybek, &#8221;Uyuyor musunuz, ne yap\u0131yorsunuz? Benim bu s\u00f6z\u00fcme cevap istiyorum, e\u011fer cevap vermezlerse ben o adalara \u00e7\u0131kaca\u011f\u0131m ama bu h\u00fck\u00fcmet s\u0131f\u0131r sorun diye bir \u015fey icat etti. Cevap veremezler. Say\u0131n Ba\u015fbakan, senin o\u011fulcu\u011funun gemiciklerine ba\u015fkas\u0131 \u00e7\u0131karsa s\u0131f\u0131r sorun nedeniyle susar m\u0131s\u0131n? Cevap veremez, bilmiyor, \u00e7\u00fcnk\u00fc neyi biliyor ki, dini bile do\u011fru bilmiyor&#8221; diye konu\u015ftu.<\/p>\n<p style=\"text-align: justify;\"><strong>&#8221;B\u0130Z\u0130M TOPLUM A\u00c7LI\u011eA DO\u011eRU S\u00dcR\u00dcKLEN\u0130YOR&#8221;<\/strong><\/p>\n<p style=\"text-align: justify;\">Zeybek, partisinin birinci meselesinin orta dire\u011fin yeniden diriltilmesi olaca\u011f\u0131n\u0131 vurgulayarak, \u015funlar\u0131 s\u00f6yledi:<\/p>\n<p style=\"text-align: justify;\">&#8221;Orta direk demek, \u00e7ift\u00e7i, tar\u0131m \u00fcreticisi, her \u015feyin temelinde o var. Bizim toplum a\u00e7l\u0131\u011fa do\u011fru s\u00fcr\u00fckleniyor. Bu iktidarda tar\u0131m \u00e7\u00f6kertilmi\u015ftir. \u00dcr\u00fcn art\u0131k para etmiyor, hayvanc\u0131l\u0131k yok oldu. Anguslar getiriliyor, angutlar angus getiriyor. Angut bir ku\u015ftur ki avc\u0131s\u0131na do\u011fru ko\u015far, di\u011fer ku\u015flar ka\u00e7arlar. \u015eimdi bu angutlar da avc\u0131lar\u0131na do\u011fru ko\u015fuyorlar, avc\u0131lar\u0131 ne derse onu yap\u0131yorlar. Ne yap\u0131yorlar? Tar\u0131m\u0131 yok ediyorlar, esnaf\u0131 yok ediyorlar, KOB\u0130&#8217;leri yok ediyorlar, milli ekonomi yok ediliyor.&#8221;<\/p>\n<p style=\"text-align: justify;\">Partisinin Bayburt milletvekili aday\u0131 Nafiz Kahraman&#8217;\u0131 tan\u0131tan ve aday\u0131na destek isteyen Zeybek, kendisine hediye edilen Bayburt ehram\u0131ndan yap\u0131lm\u0131\u015f kravat\u0131 takarak miting alan\u0131ndan ayr\u0131ld\u0131.<\/p>\n<p style=\"text-align: justify;\">Daha sonra partisinin il ba\u015fkanl\u0131\u011f\u0131nda partililerle g\u00f6r\u00fc\u015fen Zeybek, Kitre k\u00f6y\u00fcne ge\u00e7erek akrabalar\u0131n\u0131 ziyaret etti.<\/p>\n<p style=\"text-align: justify;\"><a href=\"http:\/\/www.gazeteport.com.tr\/SIYASET\/NEWS\/GP_902121\" target=\"_blank\">Kaynak : GAZETEPORT<\/a><\/p>\n","protected":false},"excerpt":{"rendered":"<p style=\"text-align: justify;\">\n<p style=\"text-align: justify;\">Demokrat Parti (DP) Genel Ba\u015fkan\u0131 Nam\u0131k Kemal Zeybek AKP&#8217;nin kurulu\u015f d\u00f6nemiyle ilgili \u015fok bir iddia ortaya atarak, &#8221;ABD&#8217;nin ve onun arkas\u0131ndaki, d\u00fcnyay\u0131 s\u00f6m\u00fcrmek ve d\u00fcnyay\u0131 yok etmek isteyen global kapital g\u00fcc\u00fcn, yani b\u00fcy\u00fck \u015firketlerin kurdurdu\u011fu bir partiden bu \u00fclkeye hay\u0131r gelir mi&#8221; dedi.<\/p>\n","protected":false},"author":1,"featured_media":0,"comment_status":"open","ping_status":"closed","sticky":false,"template":"","format":"standard","meta":{"footnotes":""},"categories":[105],"tags":[],"class_list":["post-32489","post","type-post","status-publish","format-standard","hentry","category-gundem","odd"],"_links":{"self":[{"href":"http:\/\/www.korhanyilmaz.com\/index.php?rest_route=\/wp\/v2\/posts\/32489","targetHints":{"allow":["GET"]}}],"collection":[{"href":"http:\/\/www.korhanyilmaz.com\/index.php?rest_route=\/wp\/v2\/posts"}],"about":[{"href":"http:\/\/www.korhanyilmaz.com\/index.php?rest_route=\/wp\/v2\/types\/post"}],"author":[{"embeddable":true,"href":"http:\/\/www.korhanyilmaz.com\/index.php?rest_route=\/wp\/v2\/users\/1"}],"replies":[{"embeddable":true,"href":"http:\/\/www.korhanyilmaz.com\/index.php?rest_route=%2Fwp%2Fv2%2Fcomments&post=32489"}],"version-history":[{"count":0,"href":"http:\/\/www.korhanyilmaz.com\/index.php?rest_route=\/wp\/v2\/posts\/32489\/revisions"}],"wp:attachment":[{"href":"http:\/\/www.korhanyilmaz.com\/index.php?rest_route=%2Fwp%2Fv2%2Fmedia&parent=32489"}],"wp:term":[{"taxonomy":"category","embeddable":true,"href":"http:\/\/www.korhanyilmaz.com\/index.php?rest_route=%2Fwp%2Fv2%2Fcategories&post=32489"},{"taxonomy":"post_tag","embeddable":true,"href":"http:\/\/www.korhanyilmaz.com\/index.php?rest_route=%2Fwp%2Fv2%2Ftags&post=32489"}],"curies":[{"name":"wp","href":"https:\/\/api.w.org\/{rel}","templated":true}]}}