{"id":32485,"date":"2011-05-10T21:07:15","date_gmt":"2011-05-10T18:07:15","guid":{"rendered":"http:\/\/www.korhanyilmaz.com\/?p=32485"},"modified":"2011-05-10T21:07:15","modified_gmt":"2011-05-10T18:07:15","slug":"vali-mi-ayakkabi-boyacisi-mi","status":"publish","type":"post","link":"http:\/\/www.korhanyilmaz.com\/?p=32485","title":{"rendered":"Vali mi ayakkab\u0131 boyac\u0131s\u0131 m\u0131?"},"content":{"rendered":"<p style=\"text-align: justify;\"><a href=\"http:\/\/www.korhanyilmaz.com\/wp-content\/uploads\/2011\/05\/137.jpg\"  class=\"lightview\"><img loading=\"lazy\" decoding=\"async\" class=\"aligncenter size-full wp-image-32486\" src=\"http:\/\/www.korhanyilmaz.com\/wp-content\/uploads\/2011\/05\/137.jpg\" alt=\"\" width=\"360\" height=\"241\" \/><\/a><\/p>\n<p style=\"text-align: justify;\">Mu\u015f Valisi Ali \u00c7ak\u0131r, eline cilal\u0131 s\u00fcnger al\u0131p Sa\u011fl\u0131k Bakan\u0131 Recep Akda\u011f\u2019\u0131n ayakkab\u0131s\u0131n\u0131 temizlemek istedi. Yere e\u011filen Vali, CHP PM \u00fcyesi Perihan Sar\u0131\u2019n\u0131n &#8220;Yapmay\u0131n Say\u0131n Vali&#8221; ikaz\u0131 \u00fczerine vazge\u00e7ti.<!--more--><\/p>\n<p style=\"text-align: justify;\">ANKARA- Mu\u015f Valisi Ali \u00c7\u0131nar, Sa\u011fl\u0131k Bakan\u0131 Recep Akda\u011f\u2019\u0131n ayakkab\u0131lar\u0131n\u0131 temizlemek istedi. Eline s\u00fcnger al\u0131p yere e\u011filen Vali, CHP PM \u00fcyesi Perihan Sar\u0131\u2019n\u0131n ikaz\u0131 \u00fczerine vazge\u00e7ti\u2026 CHP milletvekili Ali Topuz ve PM \u00fcyesi Perihan Sar\u0131, 5 May\u0131s g\u00fcn\u00fc Mu\u015f Havaliman\u0131 V\u0130P salonunda ya\u015fananlar\u0131 GAZETEPORT\u2019a anlatt\u0131.<\/p>\n<p style=\"text-align: justify;\">D\u0130SK eski Genel Sekreter yard\u0131mc\u0131s\u0131 da olan Perihan Sar\u0131, Vali Ali \u00c7\u0131nar\u2019\u0131n, korumas\u0131na cila s\u00fcngeri getirtip, Sa\u011fl\u0131k Bakan\u0131 Akda\u011f\u2019\u0131n ayakkab\u0131s\u0131n\u0131 temizlemek istedi\u011fini belirterek \u015funlar\u0131 s\u00f6yledi:<\/p>\n<p style=\"text-align: justify;\">\u201cBen ve Ali Topuz bey, parti m\u00fcfetti\u015fi olarak Mu\u015f\u2019ta g\u00f6revliyiz. 4 May\u0131s\u2019ta Genel Ba\u015fkan\u2019\u0131n Mu\u015f\u2019ta mitingi vard\u0131. Biz de oradayd\u0131k. Ertesi g\u00fcn Ankara\u2019ya gidecek u\u00e7a\u011f\u0131 beklemek \u00fczere havaalan\u0131na gittik. V\u0130P salonunda Mu\u015f Valisi Ali \u00c7\u0131nar da, Bakan Akda\u011f\u2019\u0131 yolcu etmek \u00fczereydi. Bakan ve Ali Topuz salonda yan yana oturdular. Ben de vali beyin yan\u0131ndaki ikili kanepedeydim. Topuz ile Akda\u011f sohbet ederken, Vali ka\u015f g\u00f6z i\u015fareti yaparak kendi korumas\u0131n\u0131 yan\u0131na \u00e7a\u011f\u0131rd\u0131. Koruman\u0131n kula\u011f\u0131na e\u011filerek ayakkab\u0131 i\u00e7in cila s\u00fcngeri getirmesini istedi. Ben bunu duydum.\u2019\u2019<\/p>\n<p style=\"text-align: justify;\"><strong>&#8220;AMAN NE YAPIYORSUNUZ?&#8221;<\/strong><\/p>\n<p style=\"text-align: justify;\">Daha sonra koruman\u0131n cila s\u00fcngeri ile geldi\u011fini ve s\u00fcngeri Valiye verdi\u011fini belirten Sar\u0131 \u015f\u00f6yle devam etti:<\/p>\n<p style=\"text-align: justify;\">&#8220;Vali de bakan\u0131n korumalar\u0131ndan birine i\u015faret ederek, bakan\u0131n tozlu ayakkab\u0131lar\u0131n\u0131 silmesini istedi. Ama koruma polisi, uygunsuz bir \u015fey oldu\u011funu fark etti ve anlamam\u0131\u015f gibi yapt\u0131. Bunun \u00fczerine Vali bey, bakan\u0131n ayakkab\u0131lar\u0131n\u0131 silmek i\u00e7in elinde s\u00fcnger ile e\u011fildi. Ben de Vali \u00c7\u0131nar\u2019\u0131n kula\u011f\u0131na do\u011fru e\u011fildim ve iki kez (Yapmay\u0131n say\u0131n vali. Ne olur yapmay\u0131n) dedim. Bunun \u00fczerine s\u00fcngeri yere koydu ve bakan\u0131n ayakkab\u0131s\u0131n\u0131 silmekten vazge\u00e7ip do\u011fruldu. Bana da (Ama ayakkab\u0131s\u0131 \u00e7ok tozlanm\u0131\u015ft\u0131) dedi. Ben k\u0131pk\u0131rm\u0131z\u0131 oldum. Valinin yerine benim y\u00fcz\u00fcm k\u0131zard\u0131.\u2019\u2019<\/p>\n<p style=\"text-align: justify;\"><strong>BAKAN FARKETMED\u0130<\/strong><\/p>\n<p style=\"text-align: justify;\">Bakan Akda\u011f\u2019\u0131n ya\u015fananlar\u0131 farketmedi\u011fini de s\u00f6yleyen Sar\u0131, &#8220;Bakan bey o s\u0131rada, Ali Topuz ile sohbet ediyordu ve y\u00fcz\u00fc bize d\u00f6n\u00fck de\u011fildi. Ben de eski bir kamu g\u00f6revlisi olarak bir kamu g\u00f6revlisinin onurunun nas\u0131l korunaca\u011f\u0131n\u0131 biliyorum. Maalesef bu olay ya\u015fand\u0131\u2019\u2019 dedi.<\/p>\n<p style=\"text-align: justify;\">CHP milletvekili Ali Topuz da ya\u015fananlar\u0131 daha sonra PM \u00fcyesi Sar\u0131\u2019dan dinledi\u011fini belirtti ve GAZETEPORT\u2019a, &#8220;Olacak \u015fey de\u011fil tabi. Talihsiz bir olay. Devletin valisi, kendisini b\u00f6yle bir noktaya sokamaz\u201d diye konu\u015ftu. GAZETEPORT\u2019un \u00f6zel kalemi arac\u0131l\u0131\u011f\u0131yla arad\u0131\u011f\u0131 ve not b\u0131rakt\u0131\u011f\u0131 Vali \u00c7\u0131nar ise konuyla ilgili konu\u015fmad\u0131.<\/p>\n<p style=\"text-align: justify;\"><strong>4 AYLIK VAL\u0130<\/strong><\/p>\n<p style=\"text-align: justify;\">Hen\u00fcz 4 ayl\u0131k Vali olan 46 ya\u015f\u0131ndaki Ali \u00c7\u0131nar, Gaziantep \u2013 Karkam\u0131\u015f, Ad\u0131yaman &#8211; Sincik, Kayseri \u2013 Ye\u015filhisar, \u015eanl\u0131urfa \u2013 Birecik, Bursa \u2013 Mudanya ve Gaziantep-\u015eahinbey il\u00e7elerinde kaymakaml\u0131k yapt\u0131. Ge\u00e7en y\u0131l Aral\u0131k ay\u0131nda ise Mu\u015f Valisi olarak atand\u0131. Ali \u00c7\u0131nar, \u015eahinbey Kaymakam\u0131 oldu\u011fu g\u00fcnlerde de 45 derece s\u0131cakl\u0131kta yap\u0131lan k\u00f6m\u00fcr yard\u0131m\u0131n\u0131 savunmu\u015ftu.<\/p>\n<p style=\"text-align: justify;\"><a href=\"http:\/\/www.gazeteport.com.tr\/GUNCEL\/NEWS\/GP_902453\" target=\"_blank\">Kaynak : Yusuf Sahici &#8211; GAZETEPORT<\/a><\/p>\n","protected":false},"excerpt":{"rendered":"<p style=\"text-align: justify;\">\n<p style=\"text-align: justify;\">Mu\u015f Valisi Ali \u00c7ak\u0131r, eline cilal\u0131 s\u00fcnger al\u0131p Sa\u011fl\u0131k Bakan\u0131 Recep Akda\u011f\u2019\u0131n ayakkab\u0131s\u0131n\u0131 temizlemek istedi. Yere e\u011filen Vali, CHP PM \u00fcyesi Perihan Sar\u0131\u2019n\u0131n &#8220;Yapmay\u0131n Say\u0131n Vali&#8221; ikaz\u0131 \u00fczerine vazge\u00e7ti.<\/p>\n","protected":false},"author":1,"featured_media":0,"comment_status":"open","ping_status":"closed","sticky":false,"template":"","format":"standard","meta":{"footnotes":""},"categories":[105],"tags":[],"class_list":["post-32485","post","type-post","status-publish","format-standard","hentry","category-gundem","odd"],"_links":{"self":[{"href":"http:\/\/www.korhanyilmaz.com\/index.php?rest_route=\/wp\/v2\/posts\/32485","targetHints":{"allow":["GET"]}}],"collection":[{"href":"http:\/\/www.korhanyilmaz.com\/index.php?rest_route=\/wp\/v2\/posts"}],"about":[{"href":"http:\/\/www.korhanyilmaz.com\/index.php?rest_route=\/wp\/v2\/types\/post"}],"author":[{"embeddable":true,"href":"http:\/\/www.korhanyilmaz.com\/index.php?rest_route=\/wp\/v2\/users\/1"}],"replies":[{"embeddable":true,"href":"http:\/\/www.korhanyilmaz.com\/index.php?rest_route=%2Fwp%2Fv2%2Fcomments&post=32485"}],"version-history":[{"count":0,"href":"http:\/\/www.korhanyilmaz.com\/index.php?rest_route=\/wp\/v2\/posts\/32485\/revisions"}],"wp:attachment":[{"href":"http:\/\/www.korhanyilmaz.com\/index.php?rest_route=%2Fwp%2Fv2%2Fmedia&parent=32485"}],"wp:term":[{"taxonomy":"category","embeddable":true,"href":"http:\/\/www.korhanyilmaz.com\/index.php?rest_route=%2Fwp%2Fv2%2Fcategories&post=32485"},{"taxonomy":"post_tag","embeddable":true,"href":"http:\/\/www.korhanyilmaz.com\/index.php?rest_route=%2Fwp%2Fv2%2Ftags&post=32485"}],"curies":[{"name":"wp","href":"https:\/\/api.w.org\/{rel}","templated":true}]}}