{"id":32478,"date":"2011-05-10T16:01:41","date_gmt":"2011-05-10T13:01:41","guid":{"rendered":"http:\/\/www.korhanyilmaz.com\/?p=32478"},"modified":"2011-05-10T16:01:41","modified_gmt":"2011-05-10T13:01:41","slug":"basbakan-kasetlere-dikkat-etsin","status":"publish","type":"post","link":"http:\/\/www.korhanyilmaz.com\/?p=32478","title":{"rendered":"&#8220;Ba\u015fbakan kasetlere dikkat etsin&#8221;"},"content":{"rendered":"<p style=\"text-align: center;\"><a href=\"http:\/\/www.korhanyilmaz.com\/wp-content\/uploads\/2011\/05\/136.jpg\"  class=\"lightview\"><img loading=\"lazy\" decoding=\"async\" class=\"aligncenter size-full wp-image-32479\" src=\"http:\/\/www.korhanyilmaz.com\/wp-content\/uploads\/2011\/05\/136.jpg\" alt=\"\" width=\"414\" height=\"221\" \/><\/a><\/p>\n<p style=\"text-align: justify;\">BDP&#8217;nin ba\u011f\u0131ms\u0131z milletvekili adaylar\u0131ndan Altan Tan, MHP&#8217;lilere ait kasetlerin ortaya \u00e7\u0131kmas\u0131yla ilgili olarak, &#8221;Say\u0131n Ba\u015fbakan dikkat etsin bu kasetlere, kendi adamlar\u0131n\u0131n, hatta eski birka\u00e7 bakan\u0131n\u0131n kasetleri piyasaya d\u00fc\u015ferse 66 dizilik H\u00fcrrem Sultan dizisi \u00e7\u0131kacak ortaya&#8221; dedi.<!--more--><\/p>\n<p style=\"text-align: justify;\">D\u0130YARBAKIR &#8211; Bar\u0131\u015f ve Demokrasi Parti (BDP) taraf\u0131ndan desteklenen ba\u011f\u0131ms\u0131z Diyarbak\u0131r milletvekili adaylar\u0131 ve se\u00e7im b\u00f6lgeleri d\u00fczenlenen t\u00f6renle tan\u0131t\u0131ld\u0131. G\u00fcneydo\u011fu Gazeteciler Cemiyeti&#8217;nde d\u00fczenlenen t\u00f6rende, adaylar\u0131n tan\u0131t\u0131lmas\u0131n\u0131n ard\u0131ndan gazetecilerin sorular\u0131 yan\u0131tland\u0131.<\/p>\n<p style=\"text-align: justify;\">Leyla Zana, bir gazetecinin, adayl\u0131k ba\u015fvurusu s\u0131ras\u0131nda &#8221;s\u00f6zde de\u011fil, \u00f6zde bir bar\u0131\u015f\u0131n geli\u015fmesi dile\u011fiyle&#8221; s\u00f6z\u00fc hat\u0131rlat\u0131lan ve bunun i\u00e7in yap\u0131lmas\u0131 gerekenlere ili\u015fkin sorusunu yan\u0131tlad\u0131. Zana, &#8221;\u00d6n yarg\u0131lardan ar\u0131nmak gerekir. Bu, sadece Meclistekileri esas alarak de\u011fil, toplumlar aras\u0131ndaki psikolojik kopmalar\u0131 da ele alarak yap\u0131lmas\u0131 laz\u0131m. Toplumlar birbirine \u00f6n yarg\u0131s\u0131z bir \u015fekilde yakla\u015ft\u0131\u011f\u0131 zaman, \u00e7ok daha ger\u00e7ek\u00e7i, bilimsel bir \u015fekilde irdeledi\u011finde sorunlar\u0131n \u00e7\u00f6z\u00fcm\u00fc \u00e7ok daha kolay olacakt\u0131r&#8221; dedi.<\/p>\n<p style=\"text-align: justify;\">K\u00fcrt konusunu, b\u00fct\u00fcn boyutuyla g\u00f6rerek, kabullenerek ve \u00e7\u00f6z\u00fcm\u00fc esas alarak yakla\u015f\u0131lmas\u0131 halinde bar\u0131\u015f\u00e7\u0131l s\u00fcrecin ve T\u00fcrkiye demokrasisi a\u00e7\u0131s\u0131ndan b\u00fcy\u00fck bir s\u0131\u00e7raman\u0131n ya\u015fanaca\u011f\u0131n\u0131 ifade eden Zana, \u015f\u00f6yle devam etti:<\/p>\n<p style=\"text-align: justify;\">&#8221;Her gelen s\u00f6zde K\u00fcrt realitesini, s\u00f6zde K\u00fcrt sorununu, s\u00f6zde K\u00fcrt \u00e7\u00f6z\u00fcm\u00fcn\u00fc ele ald\u0131lar, ifade ettiler. Kamuoyunu y\u0131llarca oyalad\u0131lar. Bu, hem insan kayb\u0131na, hem ekonomik kayba, hem zaman kayb\u0131na neden oldu. O nedenle \u00f6zde kelimesini bilerek vurgulad\u0131m. \u00d6zde yakla\u015f\u0131lmayan hi\u00e7bir yakla\u015f\u0131m k\u00f6kle\u015fmeyecek, zaman i\u00e7erisinde \u00e7\u00fcr\u00fcy\u00fcp gidecek. Sadece se\u00e7ime gidildi\u011fi i\u00e7in bir tak\u0131m vaatlerde bulunarak de\u011fil, ger\u00e7ekli\u011fini de esas alarak yakla\u015fmak gerekir. Bu sorun, birka\u00e7 oya kurban edilemeyecek veya bir partinin \u00e7\u0131kar\u0131 esas al\u0131namayacak kadar ciddi ve derindir. Umuyor ve diliyorum ki; b\u00fct\u00fcn kesimler gerilimden uzak, centilmenlik yakla\u015f\u0131m\u0131 ile birbirlerine tahamm\u00fcl ederek bu se\u00e7im s\u00fcrecini daha sa\u011fl\u0131kl\u0131 duyarl\u0131 ve sorumlu bir \u015fekilde g\u00f6t\u00fcrmelidir.&#8221;<\/p>\n<p style=\"text-align: justify;\">Zana, &#8221;K\u00fcrt\u00e7e diye bir dilin olmad\u0131\u011f\u0131&#8221; bir s\u00fcre\u00e7 ya\u015fad\u0131klar\u0131n\u0131, kendilerinin de bu dilin, bu halk\u0131n, bu tarihin, bu k\u00fclt\u00fcr\u00fcn varl\u0131\u011f\u0131n\u0131 \u0131srarla savunduklar\u0131n\u0131 ve bunun da bedellerinin oldu\u011funu anlatarak, bedelsiz bir \u015feyin ger\u00e7ekle\u015fmeyece\u011fi bilinci ile de hareket ettiklerini, bug\u00fcn k\u0131r\u0131m\u0131z\u0131, ye\u015fil, sar\u0131 renkleri herkesin ta\u015f\u0131d\u0131\u011f\u0131n\u0131, parlamentodaki \u00fcyelerin de zaman zaman kravatlar\u0131nda mendillerinde ta\u015f\u0131d\u0131\u011f\u0131n\u0131 g\u00f6rd\u00fcklerini ifade etti.<\/p>\n<p style=\"text-align: justify;\"><strong>&#8221;\u00d6ZEL HAYATA M\u00dcDAHALE OLARAK DE\u011eERLEND\u0130R\u0130LEMEZ&#8221;<\/strong><\/p>\n<p style=\"text-align: justify;\">Ba\u011f\u0131ms\u0131z adaylardan \u015eerafettin El\u00e7i, BDP&#8217;ye y\u00f6nelik &#8221;bunlar s\u0131rtlar\u0131n\u0131 PKK&#8217;ya dayam\u0131\u015flar&#8221; \u015feklinde s\u00f6ylemler bulundu\u011funu an\u0131msatarak, &#8221;Siz ger\u00e7ekten s\u0131rt\u0131n\u0131z\u0131 PKK&#8217;ya dayayarak m\u0131 siyaset yap\u0131yorsunuz?&#8221; sorusunu yan\u0131tlad\u0131. El\u00e7i, \u015f\u00f6yle dedi:<\/p>\n<p style=\"text-align: justify;\">&#8221;A\u015f\u0131r\u0131 milliyet\u00e7i bir anlay\u0131\u015fla sadece T\u00fcrk milliyet\u00e7ili\u011fine hizmet etmeyen herkesi PKK ile b\u00fct\u00fcnle\u015ftirmek, PKK&#8217;l\u0131 gibi su\u00e7lamak son derece yanl\u0131\u015ft\u0131r. Burada PKK&#8217;ya da bize de g\u00fc\u00e7 veren K\u00fcrt halk\u0131d\u0131r. Bizim deste\u011fimiz, g\u00fcc\u00fcm\u00fcz K\u00fcrt halk\u0131n\u0131n deste\u011fidir, g\u00fcc\u00fcd\u00fcr bunun b\u00f6yle anla\u015f\u0131lmas\u0131 laz\u0131m. K\u00fcrt duyarl\u0131l\u0131\u011f\u0131 olan, K\u00fcrtl\u00fc\u011fe sahip \u00e7\u0131kan, K\u00fcrt halk\u0131n\u0131n hakl\u0131 me\u015fru ve zorunlu olan haklar\u0131n\u0131 savunan herkesi PKK&#8217;l\u0131 diye su\u00e7lamak, tamamen bu sorunun \u00e7\u00f6z\u00fcm\u00fcn\u00fc \u00e7\u00f6z\u00fcms\u00fczl\u00fc\u011fe do\u011fru iteler. Umar\u0131m Ba\u015fbakan\u0131n bu s\u00f6ylemleri sadece bir se\u00e7im takti\u011fi olmakla s\u0131n\u0131rl\u0131 kal\u0131r.&#8221;<\/p>\n<p style=\"text-align: justify;\">BDP&#8217;nin ba\u011f\u0131ms\u0131z milletvekili adaylar\u0131ndan Altan Tan, &#8221;Say\u0131n Ba\u015fbakan dikkat etsin bu kasetlere, kendi adamlar\u0131n\u0131n, hatta eski birka\u00e7 bakan\u0131n\u0131n kasetleri piyasaya d\u00fc\u015ferse 66 dizilik H\u00fcrrem Sultan dizisi \u00e7\u0131kacak ortaya&#8221; dedi. Altan Tan ise gazetecilerin, son g\u00fcnlerde ya\u015fanan kaset olay\u0131yla ilgili sorusunu yan\u0131tlad\u0131.<\/p>\n<p style=\"text-align: justify;\">&#8221;Say\u0131n Ba\u015fbakan dikkat etsin bu kasetlere, kendi adamlar\u0131n\u0131n, hatta eski birka\u00e7 bakan\u0131n\u0131n kasetleri piyasaya d\u00fc\u015ferse 66 dizilik H\u00fcrrem Sultan dizisi \u00e7\u0131kacak ortaya&#8221; diyen Tan, \u015f\u00f6yle devam etti:<\/p>\n<p style=\"text-align: justify;\">&#8221;Gerekli yerlere talimat versin, aman bu kasetlere sahip olsun. \u0130nsanlar\u0131n yapt\u0131klar\u0131 yanl\u0131\u015fl\u0131klar, tabii ki basit g\u00f6r\u00fclemez. Yani bu kasetler de sadece \u00f6zel hayata m\u00fcdahale olarak de\u011ferlendirilemez. Siyaset\u00e7ilerin, topluma \u00f6nderlik eden \u00f6ne \u00e7\u0131km\u0131\u015f insanlar\u0131n, \u00fczerlerinde vebal\u0131 olan insanlar\u0131n hareketlerine dikkat etmeleri laz\u0131m ama burada tart\u0131\u015ft\u0131\u011f\u0131m\u0131z \u015fu: Bunlar\u0131 kimler kasede al\u0131yor, nas\u0131l oluyor? Bir insan\u0131n e\u015fi, karde\u015fi, kendi yak\u0131n\u0131, mahremi onun \u00fczerinde hukuku olan insan, e\u011fer bu kasetleri al\u0131p da bir \u015fekilde d\u0131\u015far\u0131 veriyorlarsa bu ayr\u0131 bir mevzu. Hukuken de ayr\u0131 bir mevzu ama birileri, \u00e7eteler, gruplar, \u00f6rg\u00fctler, emniyet te\u015fkilat\u0131, insanlar\u0131n yatak odalar\u0131na kadar giriyorsa, hangi hakla giriyor, tart\u0131\u015f\u0131lan da bu.&#8221;<\/p>\n<p style=\"text-align: justify;\"><a href=\"http:\/\/www.gazeteport.com.tr\/SIYASET\/NEWS\/GP_902385\" target=\"_blank\">Kaynak : GAZETEPORT<\/a><\/p>\n","protected":false},"excerpt":{"rendered":"<p style=\"text-align: center;\">\n<p style=\"text-align: justify;\">BDP&#8217;nin ba\u011f\u0131ms\u0131z milletvekili adaylar\u0131ndan Altan Tan, MHP&#8217;lilere ait kasetlerin ortaya \u00e7\u0131kmas\u0131yla ilgili olarak, &#8221;Say\u0131n Ba\u015fbakan dikkat etsin bu kasetlere, kendi adamlar\u0131n\u0131n, hatta eski birka\u00e7 bakan\u0131n\u0131n kasetleri piyasaya d\u00fc\u015ferse 66 dizilik H\u00fcrrem Sultan dizisi \u00e7\u0131kacak ortaya&#8221; dedi.<\/p>\n","protected":false},"author":1,"featured_media":0,"comment_status":"open","ping_status":"closed","sticky":false,"template":"","format":"standard","meta":{"footnotes":""},"categories":[105],"tags":[],"class_list":["post-32478","post","type-post","status-publish","format-standard","hentry","category-gundem","odd"],"_links":{"self":[{"href":"http:\/\/www.korhanyilmaz.com\/index.php?rest_route=\/wp\/v2\/posts\/32478","targetHints":{"allow":["GET"]}}],"collection":[{"href":"http:\/\/www.korhanyilmaz.com\/index.php?rest_route=\/wp\/v2\/posts"}],"about":[{"href":"http:\/\/www.korhanyilmaz.com\/index.php?rest_route=\/wp\/v2\/types\/post"}],"author":[{"embeddable":true,"href":"http:\/\/www.korhanyilmaz.com\/index.php?rest_route=\/wp\/v2\/users\/1"}],"replies":[{"embeddable":true,"href":"http:\/\/www.korhanyilmaz.com\/index.php?rest_route=%2Fwp%2Fv2%2Fcomments&post=32478"}],"version-history":[{"count":0,"href":"http:\/\/www.korhanyilmaz.com\/index.php?rest_route=\/wp\/v2\/posts\/32478\/revisions"}],"wp:attachment":[{"href":"http:\/\/www.korhanyilmaz.com\/index.php?rest_route=%2Fwp%2Fv2%2Fmedia&parent=32478"}],"wp:term":[{"taxonomy":"category","embeddable":true,"href":"http:\/\/www.korhanyilmaz.com\/index.php?rest_route=%2Fwp%2Fv2%2Fcategories&post=32478"},{"taxonomy":"post_tag","embeddable":true,"href":"http:\/\/www.korhanyilmaz.com\/index.php?rest_route=%2Fwp%2Fv2%2Ftags&post=32478"}],"curies":[{"name":"wp","href":"https:\/\/api.w.org\/{rel}","templated":true}]}}